{"id":24713,"date":"2022-04-08T20:17:44","date_gmt":"2022-04-08T20:17:44","guid":{"rendered":"https:\/\/www.aeroermo.com\/home\/?p=24713"},"modified":"2022-04-12T13:14:18","modified_gmt":"2022-04-12T13:14:18","slug":"inauguran-las-nuevas-rutas-de-viva-aerobus-desde-medellin-a-ciudad-de-mexico-y-cancun","status":"publish","type":"post","link":"https:\/\/www.aeroermo.com\/home\/inauguran-las-nuevas-rutas-de-viva-aerobus-desde-medellin-a-ciudad-de-mexico-y-cancun\/","title":{"rendered":"Inauguran las nuevas rutas de Viva Aerobus desde Medell\u00edn a Ciudad de M\u00e9xico y Canc\u00fan"},"content":{"rendered":"\t\t<div data-elementor-type=\"wp-post\" data-elementor-id=\"24713\" class=\"elementor elementor-24713\" data-elementor-settings=\"[]\">\n\t\t\t\t\t\t<div class=\"elementor-inner\">\n\t\t\t\t\t\t\t<div class=\"elementor-section-wrap\">\n\t\t\t\t\t\t\t<section class=\"elementor-section elementor-top-section elementor-element elementor-element-47cce47 elementor-section-boxed elementor-section-height-default elementor-section-height-default stylepress-section-color-normal\" data-id=\"47cce47\" data-element_type=\"section\">\n\t\t\t\t\t\t<div class=\"elementor-container elementor-column-gap-default\">\n\t\t\t\t\t\t\t<div class=\"elementor-row\">\n\t\t\t\t\t<div class=\"elementor-column elementor-col-100 elementor-top-column elementor-element elementor-element-2ab27dcd\" data-id=\"2ab27dcd\" data-element_type=\"column\">\n\t\t\t<div class=\"elementor-column-wrap elementor-element-populated\">\n\t\t\t\t\t\t\t<div class=\"elementor-widget-wrap\">\n\t\t\t\t\t\t<div class=\"elementor-element elementor-element-3c9795ad elementor-widget elementor-widget-text-editor\" data-id=\"3c9795ad\" data-element_type=\"widget\" data-widget_type=\"text-editor.default\">\n\t\t\t\t<div class=\"elementor-widget-container\">\n\t\t\t\t\t<div class=\"elementor-text-editor elementor-clearfix\"><!-- wp:fl-builder\/layout \/--><\/div>\n\t\t\t\t<\/div>\n\t\t\t\t<\/div>\n\t\t\t\t\t\t<\/div>\n\t\t\t\t\t<\/div>\n\t\t<\/div>\n\t\t\t\t\t\t\t\t<\/div>\n\t\t\t\t\t<\/div>\n\t\t<\/section>\n\t\t\t\t<section class=\"elementor-section elementor-top-section elementor-element elementor-element-773b51c8 elementor-section-stretched elementor-section-full_width elementor-hidden-desktop elementor-section-height-default elementor-section-height-default stylepress-section-color-normal\" data-id=\"773b51c8\" data-element_type=\"section\" data-settings=\"{&quot;stretch_section&quot;:&quot;section-stretched&quot;}\">\n\t\t\t\t\t\t<div class=\"elementor-container elementor-column-gap-no\">\n\t\t\t\t\t\t\t<div class=\"elementor-row\">\n\t\t\t\t\t<div class=\"elementor-column elementor-col-100 elementor-top-column elementor-element elementor-element-a36feb4\" data-id=\"a36feb4\" data-element_type=\"column\">\n\t\t\t<div class=\"elementor-column-wrap elementor-element-populated\">\n\t\t\t\t\t\t\t<div class=\"elementor-widget-wrap\">\n\t\t\t\t\t\t<div class=\"elementor-element elementor-element-34022adf elementor-widget elementor-widget-image\" data-id=\"34022adf\" data-element_type=\"widget\" data-widget_type=\"image.default\">\n\t\t\t\t<div class=\"elementor-widget-container\">\n\t\t\t\t\t<div class=\"elementor-image\">\n\t\t\t\t\t\t\t\t\t\t\t<a href=\"https:\/\/www.aeroermo.com\/home\/\">\n\t\t\t\t\t\t\t<img width=\"974\" height=\"114\" src=\"https:\/\/www.aeroermo.com\/home\/wp-content\/uploads\/2022\/02\/new_logo.png\" class=\"attachment-full size-full\" alt=\"\" loading=\"lazy\" srcset=\"https:\/\/www.aeroermo.com\/home\/wp-content\/uploads\/2022\/02\/new_logo.png 974w, https:\/\/www.aeroermo.com\/home\/wp-content\/uploads\/2022\/02\/new_logo-300x35.png 300w, https:\/\/www.aeroermo.com\/home\/wp-content\/uploads\/2022\/02\/new_logo-768x90.png 768w, https:\/\/www.aeroermo.com\/home\/wp-content\/uploads\/2022\/02\/new_logo-830x97.png 830w, https:\/\/www.aeroermo.com\/home\/wp-content\/uploads\/2022\/02\/new_logo-230x27.png 230w, https:\/\/www.aeroermo.com\/home\/wp-content\/uploads\/2022\/02\/new_logo-350x41.png 350w, https:\/\/www.aeroermo.com\/home\/wp-content\/uploads\/2022\/02\/new_logo-480x56.png 480w, https:\/\/www.aeroermo.com\/home\/wp-content\/uploads\/2022\/02\/new_logo-200x23.png 200w\" sizes=\"(max-width: 974px) 100vw, 974px\" \/>\t\t\t\t\t\t\t\t<\/a>\n\t\t\t\t\t\t\t\t\t\t\t<\/div>\n\t\t\t\t<\/div>\n\t\t\t\t<\/div>\n\t\t\t\t\t\t<\/div>\n\t\t\t\t\t<\/div>\n\t\t<\/div>\n\t\t\t\t\t\t\t\t<\/div>\n\t\t\t\t\t<\/div>\n\t\t<\/section>\n\t\t\t\t<header class=\"elementor-section elementor-top-section elementor-element elementor-element-6c27df51 elementor-section-stretched elementor-section-full_width elementor-section-content-top elementor-hidden-tablet elementor-hidden-phone elementor-section-height-default elementor-section-height-default stylepress-section-color-normal elementor-invisible\" data-id=\"6c27df51\" data-element_type=\"section\" id=\"menu-header\" data-settings=\"{&quot;stretch_section&quot;:&quot;section-stretched&quot;,&quot;animation&quot;:&quot;fadeInDown&quot;}\">\n\t\t\t\t\t\t<div class=\"elementor-container elementor-column-gap-no\">\n\t\t\t\t\t\t\t<div class=\"elementor-row\">\n\t\t\t\t\t<header class=\"elementor-column elementor-col-50 elementor-top-column elementor-element elementor-element-182a49fe\" data-id=\"182a49fe\" data-element_type=\"column\">\n\t\t\t<div class=\"elementor-column-wrap elementor-element-populated\">\n\t\t\t\t\t\t\t<div class=\"elementor-widget-wrap\">\n\t\t\t\t\t\t<div class=\"elementor-element elementor-element-648fbae6 logoaero elementor-hidden-tablet elementor-hidden-phone elementor-invisible elementor-widget elementor-widget-image\" data-id=\"648fbae6\" data-element_type=\"widget\" data-settings=\"{&quot;_animation&quot;:&quot;fadeInLeft&quot;,&quot;_animation_delay&quot;:200}\" data-widget_type=\"image.default\">\n\t\t\t\t<div class=\"elementor-widget-container\">\n\t\t\t\t\t<div class=\"elementor-image\">\n\t\t\t\t\t\t\t\t\t\t\t<a href=\"https:\/\/www.aeroermo.com\/home\/\">\n\t\t\t\t\t\t\t<img width=\"974\" height=\"114\" src=\"https:\/\/www.aeroermo.com\/home\/wp-content\/uploads\/2022\/02\/new_logo.png\" class=\"attachment-full size-full\" alt=\"\" loading=\"lazy\" srcset=\"https:\/\/www.aeroermo.com\/home\/wp-content\/uploads\/2022\/02\/new_logo.png 974w, https:\/\/www.aeroermo.com\/home\/wp-content\/uploads\/2022\/02\/new_logo-300x35.png 300w, https:\/\/www.aeroermo.com\/home\/wp-content\/uploads\/2022\/02\/new_logo-768x90.png 768w, https:\/\/www.aeroermo.com\/home\/wp-content\/uploads\/2022\/02\/new_logo-830x97.png 830w, https:\/\/www.aeroermo.com\/home\/wp-content\/uploads\/2022\/02\/new_logo-230x27.png 230w, https:\/\/www.aeroermo.com\/home\/wp-content\/uploads\/2022\/02\/new_logo-350x41.png 350w, https:\/\/www.aeroermo.com\/home\/wp-content\/uploads\/2022\/02\/new_logo-480x56.png 480w, https:\/\/www.aeroermo.com\/home\/wp-content\/uploads\/2022\/02\/new_logo-200x23.png 200w\" sizes=\"(max-width: 974px) 100vw, 974px\" \/>\t\t\t\t\t\t\t\t<\/a>\n\t\t\t\t\t\t\t\t\t\t\t<\/div>\n\t\t\t\t<\/div>\n\t\t\t\t<\/div>\n\t\t\t\t\t\t<\/div>\n\t\t\t\t\t<\/div>\n\t\t<\/header>\n\t\t\t\t<div class=\"elementor-column elementor-col-50 elementor-top-column elementor-element elementor-element-4971d775\" data-id=\"4971d775\" data-element_type=\"column\">\n\t\t\t<div class=\"elementor-column-wrap elementor-element-populated\">\n\t\t\t\t\t\t\t<div class=\"elementor-widget-wrap\">\n\t\t\t\t\t\t<div class=\"elementor-element elementor-element-2caf7ef1 elementor-hidden-tablet elementor-hidden-phone elementor-invisible elementor-widget elementor-widget-html\" data-id=\"2caf7ef1\" data-element_type=\"widget\" data-settings=\"{&quot;_animation&quot;:&quot;fadeInRight&quot;,&quot;_animation_delay&quot;:400}\" data-widget_type=\"html.default\">\n\t\t\t\t<div class=\"elementor-widget-container\">\n\t\t\t<div style=\"margin-left:-15px; background-color:black; width:100%; padding\" class=\"menu\">\r\n\t\r\n\t<a style=\"margin-left:100px\" href=\"https:\/\/twitter.com\/aeroermo\" target=\"_blank\">\r\n    <img width=\"15px\" src=\"https:\/\/www.aeroermo.com\/home\/wp-content\/uploads\/2018\/11\/Redes_TW.png\"><\/a>\r\n\t<a href=\"https:\/\/www.instagram.com\/aeroermo\/\" target=\"_blank\">\r\n\t<img width=\"15px\" src=\"https:\/\/www.aeroermo.com\/home\/wp-content\/uploads\/2018\/11\/Redes_IG.png\"><\/a>\r\n\t<a href=\"https:\/\/www.facebook.com\/aeroermo\/\" target=\"_blank\">\r\n\t<img width=\"15px\" src=\"https:\/\/www.aeroermo.com\/home\/wp-content\/uploads\/2018\/11\/Redes_FB.png\"><\/a>\r\n\t<a href=\"https:\/\/www.youtube.com\/user\/Aeroermo\" target=\"_blank\">\r\n\t<img width=\"15px\" src=\"https:\/\/www.aeroermo.com\/home\/wp-content\/uploads\/2018\/11\/Redes_YT.png\"><\/a>\r\n<\/div>\t\t<\/div>\n\t\t\t\t<\/div>\n\t\t\t\t<div class=\"elementor-element elementor-element-6b477214 elementor-align-left elementor-invisible elementor-widget elementor-widget-default-navmenu\" data-id=\"6b477214\" data-element_type=\"widget\" data-settings=\"{&quot;_animation&quot;:&quot;fadeInDown&quot;,&quot;_animation_delay&quot;:400}\" data-widget_type=\"default-navmenu.default\">\n\t\t\t\t<div class=\"elementor-widget-container\">\n\t\t\t<div id=\"elementor-header-primary\" class=\"elementor-header\">\t\t\t<button id=\"elementor-menu-toggle\" class=\"elementor-menu-toggle\"><i class=\"fa fa-navicon\"><\/i><\/button>\n\t\t\t<div id=\"elementor-menu\" class=\"elementor-menu\">\n\t\t\t\n\t\t\t\t<nav itemtype=\"http:\/\/schema.org\/SiteNavigationElement\" itemscope=\"itemscope\" id=\"elementor-navigation\" class=\"elementor-navigation\" role=\"navigation\" aria-label=\"Men\u00fa de Elementor\">\t\t\t\t\n\t\t\t\t<ul id=\"elementor-navmenu\" class=\"elementor-nav-menu\"><li id=\"menu-item-170\" class=\"menu-item menu-item-type-post_type menu-item-object-page menu-item-home menu-item-170\"><a href=\"https:\/\/www.aeroermo.com\/home\/\">HOME<\/a><\/li>\n<li id=\"menu-item-171\" class=\"menu-item menu-item-type-post_type menu-item-object-page menu-item-171\"><a href=\"https:\/\/www.aeroermo.com\/home\/quienes-somos\/\">SOBRE NOSOTROS<\/a><\/li>\n<li id=\"menu-item-167\" class=\"menu-item menu-item-type-post_type menu-item-object-page menu-item-167\"><a href=\"https:\/\/www.aeroermo.com\/home\/nuestras-ediciones\/\">EDICIONES<\/a><\/li>\n<li id=\"menu-item-9076\" class=\"menu-item menu-item-type-post_type menu-item-object-page menu-item-9076\"><a href=\"https:\/\/www.aeroermo.com\/home\/blog\/\">NOTICIAS<\/a><\/li>\n<li id=\"menu-item-1714\" class=\"menu-item menu-item-type-post_type menu-item-object-page menu-item-1714\"><a href=\"https:\/\/www.aeroermo.com\/home\/eventos\/\">Eventos<\/a><\/li>\n<li id=\"menu-item-169\" class=\"menu-item menu-item-type-post_type menu-item-object-page menu-item-169\"><a href=\"https:\/\/www.aeroermo.com\/home\/contacto\/\">CONTACTO<\/a><\/li>\n<li class=\"menu-item wpmenucartli wpmenucart-display-standard menu-item menu-item-type-post_type menu-item-object-page\" id=\"wpmenucartli\"><a class=\"wpmenucart-contents empty-wpmenucart\" style=\"display:none\">&nbsp;<\/a><\/li><\/ul>\t\t\n\t\t\t\t\t\t\t\t<\/nav>\n\t\t\t<\/div>\n\t\t<\/div>\n\t\t\t\t<\/div>\n\t\t\t\t<\/div>\n\t\t\t\t\t\t<\/div>\n\t\t\t\t\t<\/div>\n\t\t<\/div>\n\t\t\t\t\t\t\t\t<\/div>\n\t\t\t\t\t<\/div>\n\t\t<\/header>\n\t\t\t\t<section class=\"elementor-section elementor-top-section elementor-element elementor-element-23a24caa elementor-section-stretched stylepress-section-color-dark elementor-hidden-desktop elementor-section-boxed elementor-section-height-default elementor-section-height-default\" data-id=\"23a24caa\" data-element_type=\"section\" data-settings=\"{&quot;stretch_section&quot;:&quot;section-stretched&quot;}\">\n\t\t\t\t\t\t<div class=\"elementor-container elementor-column-gap-no\">\n\t\t\t\t\t\t\t<div class=\"elementor-row\">\n\t\t\t\t\t<div class=\"elementor-column elementor-col-100 elementor-top-column elementor-element elementor-element-7b530948\" data-id=\"7b530948\" data-element_type=\"column\">\n\t\t\t<div class=\"elementor-column-wrap elementor-element-populated\">\n\t\t\t\t\t\t\t<div class=\"elementor-widget-wrap\">\n\t\t\t\t\t\t<div class=\"elementor-element elementor-element-422a1171 elementor-invisible elementor-widget elementor-widget-navmenu-overlay\" data-id=\"422a1171\" data-element_type=\"widget\" data-settings=\"{&quot;_animation&quot;:&quot;fadeInDown&quot;}\" data-widget_type=\"navmenu-overlay.default\">\n\t\t\t\t<div class=\"elementor-widget-container\">\n\t\t\t\t<!--<div class=\"navmenu-overlay\">-->\n\t\t<span id=\"touch-menu\" class=\"mobile-menu\"><span><\/span><\/span>\n\t\t<nav itemtype=\"http:\/\/schema.org\/SiteNavigationElement\" itemscope=\"itemscope\" class=\"overlay-navigation\" role=\"navigation\" aria-label=\"Men\u00fa de Elementor\">\n\t\t\t<ul id=\"menu-menu-principal\" class=\"\"><li class=\"menu-item menu-item-type-post_type menu-item-object-page menu-item-home menu-item-170\"><a href=\"https:\/\/www.aeroermo.com\/home\/\">HOME<\/a><\/li>\n<li class=\"menu-item menu-item-type-post_type menu-item-object-page menu-item-171\"><a href=\"https:\/\/www.aeroermo.com\/home\/quienes-somos\/\">SOBRE NOSOTROS<\/a><\/li>\n<li class=\"menu-item menu-item-type-post_type menu-item-object-page menu-item-167\"><a href=\"https:\/\/www.aeroermo.com\/home\/nuestras-ediciones\/\">EDICIONES<\/a><\/li>\n<li class=\"menu-item menu-item-type-post_type menu-item-object-page menu-item-9076\"><a href=\"https:\/\/www.aeroermo.com\/home\/blog\/\">NOTICIAS<\/a><\/li>\n<li class=\"menu-item menu-item-type-post_type menu-item-object-page menu-item-1714\"><a href=\"https:\/\/www.aeroermo.com\/home\/eventos\/\">Eventos<\/a><\/li>\n<li class=\"menu-item menu-item-type-post_type menu-item-object-page menu-item-169\"><a href=\"https:\/\/www.aeroermo.com\/home\/contacto\/\">CONTACTO<\/a><\/li>\n<li class=\"menu-item wpmenucartli wpmenucart-display-standard menu-item menu-item-type-post_type menu-item-object-page\" id=\"wpmenucartli\"><a class=\"wpmenucart-contents empty-wpmenucart\" style=\"display:none\">&nbsp;<\/a><\/li><\/ul>\t\t<\/nav>\n\t<!--<\/div>-->\n\t\t\t\t<\/div>\n\t\t\t\t<\/div>\n\t\t\t\t<div class=\"elementor-element elementor-element-5269c96c elementor-widget elementor-widget-spacer\" data-id=\"5269c96c\" data-element_type=\"widget\" data-widget_type=\"spacer.default\">\n\t\t\t\t<div class=\"elementor-widget-container\">\n\t\t\t\t\t<div class=\"elementor-spacer\">\n\t\t\t<div class=\"elementor-spacer-inner\"><\/div>\n\t\t<\/div>\n\t\t\t\t<\/div>\n\t\t\t\t<\/div>\n\t\t\t\t\t\t<\/div>\n\t\t\t\t\t<\/div>\n\t\t<\/div>\n\t\t\t\t\t\t\t\t<\/div>\n\t\t\t\t\t<\/div>\n\t\t<\/section>\n\t\t\t\t<section class=\"elementor-section elementor-top-section elementor-element elementor-element-c956c4e elementor-section-boxed elementor-section-height-default elementor-section-height-default stylepress-section-color-normal\" data-id=\"c956c4e\" data-element_type=\"section\">\n\t\t\t\t\t\t<div class=\"elementor-container elementor-column-gap-default\">\n\t\t\t\t\t\t\t<div class=\"elementor-row\">\n\t\t\t\t\t<div class=\"elementor-column elementor-col-100 elementor-top-column elementor-element elementor-element-295b4603\" data-id=\"295b4603\" data-element_type=\"column\">\n\t\t\t<div class=\"elementor-column-wrap elementor-element-populated\">\n\t\t\t\t\t\t\t<div class=\"elementor-widget-wrap\">\n\t\t\t\t\t\t<div class=\"elementor-element elementor-element-f0f16e4 elementor-invisible elementor-widget elementor-widget-heading\" data-id=\"f0f16e4\" data-element_type=\"widget\" data-settings=\"{&quot;_animation&quot;:&quot;fadeInUp&quot;,&quot;_animation_delay&quot;:300}\" data-widget_type=\"heading.default\">\n\t\t\t\t<div class=\"elementor-widget-container\">\n\t\t\t<h2 class=\"elementor-heading-title elementor-size-default\">Inauguran las nuevas rutas de Viva Aerobus desde Medell\u00edn a Ciudad de M\u00e9xico y Canc\u00fan<\/h2>\t\t<\/div>\n\t\t\t\t<\/div>\n\t\t\t\t<div class=\"elementor-element elementor-element-5dd7f891 elementor-invisible elementor-widget elementor-widget-image\" data-id=\"5dd7f891\" data-element_type=\"widget\" data-settings=\"{&quot;_animation&quot;:&quot;fadeInLeft&quot;,&quot;_animation_delay&quot;:300}\" data-widget_type=\"image.default\">\n\t\t\t\t<div class=\"elementor-widget-container\">\n\t\t\t\t\t<div class=\"elementor-image\">\n\t\t\t\t\t\t\t\t\t\t<img width=\"1024\" height=\"683\" src=\"https:\/\/www.aeroermo.com\/home\/wp-content\/uploads\/2022\/04\/Viva-Aerobus-Nuevas-Rutas-Medellin-1-1024x683.jpg\" class=\"attachment-large size-large\" alt=\"\" loading=\"lazy\" srcset=\"https:\/\/www.aeroermo.com\/home\/wp-content\/uploads\/2022\/04\/Viva-Aerobus-Nuevas-Rutas-Medellin-1-1024x683.jpg 1024w, https:\/\/www.aeroermo.com\/home\/wp-content\/uploads\/2022\/04\/Viva-Aerobus-Nuevas-Rutas-Medellin-1-300x200.jpg 300w, https:\/\/www.aeroermo.com\/home\/wp-content\/uploads\/2022\/04\/Viva-Aerobus-Nuevas-Rutas-Medellin-1-768x512.jpg 768w, https:\/\/www.aeroermo.com\/home\/wp-content\/uploads\/2022\/04\/Viva-Aerobus-Nuevas-Rutas-Medellin-1-920x614.jpg 920w, https:\/\/www.aeroermo.com\/home\/wp-content\/uploads\/2022\/04\/Viva-Aerobus-Nuevas-Rutas-Medellin-1-230x153.jpg 230w, https:\/\/www.aeroermo.com\/home\/wp-content\/uploads\/2022\/04\/Viva-Aerobus-Nuevas-Rutas-Medellin-1-350x234.jpg 350w, https:\/\/www.aeroermo.com\/home\/wp-content\/uploads\/2022\/04\/Viva-Aerobus-Nuevas-Rutas-Medellin-1-480x320.jpg 480w, https:\/\/www.aeroermo.com\/home\/wp-content\/uploads\/2022\/04\/Viva-Aerobus-Nuevas-Rutas-Medellin-1-200x133.jpg 200w, https:\/\/www.aeroermo.com\/home\/wp-content\/uploads\/2022\/04\/Viva-Aerobus-Nuevas-Rutas-Medellin-1.jpg 1280w\" sizes=\"(max-width: 1024px) 100vw, 1024px\" \/>\t\t\t\t\t\t\t\t\t\t\t<\/div>\n\t\t\t\t<\/div>\n\t\t\t\t<\/div>\n\t\t\t\t<div class=\"elementor-element elementor-element-9bf2b2f gallery-spacing-custom elementor-widget elementor-widget-image-gallery\" data-id=\"9bf2b2f\" data-element_type=\"widget\" data-widget_type=\"image-gallery.default\">\n\t\t\t\t<div class=\"elementor-widget-container\">\n\t\t\t\t\t<div class=\"elementor-image-gallery\">\n\t\t\t<div id='gallery-1' class='gallery galleryid-24713 gallery-columns-9 gallery-size-thumbnail'><figure class='gallery-item'>\n\t\t\t<div class='gallery-icon landscape'>\n\t\t\t\t<a data-elementor-open-lightbox=\"yes\" data-elementor-lightbox-slideshow=\"9bf2b2f\" data-elementor-lightbox-title=\"Viva Aerobus Nuevas Rutas Medellin (9)\" href='https:\/\/www.aeroermo.com\/home\/wp-content\/uploads\/2022\/04\/Viva-Aerobus-Nuevas-Rutas-Medellin-9.jpg'><img width=\"150\" height=\"150\" src=\"https:\/\/www.aeroermo.com\/home\/wp-content\/uploads\/2022\/04\/Viva-Aerobus-Nuevas-Rutas-Medellin-9-150x150.jpg\" class=\"attachment-thumbnail size-thumbnail\" alt=\"\" loading=\"lazy\" srcset=\"https:\/\/www.aeroermo.com\/home\/wp-content\/uploads\/2022\/04\/Viva-Aerobus-Nuevas-Rutas-Medellin-9-150x150.jpg 150w, https:\/\/www.aeroermo.com\/home\/wp-content\/uploads\/2022\/04\/Viva-Aerobus-Nuevas-Rutas-Medellin-9-100x100.jpg 100w\" sizes=\"(max-width: 150px) 100vw, 150px\" \/><\/a>\n\t\t\t<\/div><\/figure><figure class='gallery-item'>\n\t\t\t<div class='gallery-icon landscape'>\n\t\t\t\t<a data-elementor-open-lightbox=\"yes\" data-elementor-lightbox-slideshow=\"9bf2b2f\" data-elementor-lightbox-title=\"Viva Aerobus Nuevas Rutas Medellin (14)\" href='https:\/\/www.aeroermo.com\/home\/wp-content\/uploads\/2022\/04\/Viva-Aerobus-Nuevas-Rutas-Medellin-14.jpg'><img width=\"150\" height=\"150\" src=\"https:\/\/www.aeroermo.com\/home\/wp-content\/uploads\/2022\/04\/Viva-Aerobus-Nuevas-Rutas-Medellin-14-150x150.jpg\" class=\"attachment-thumbnail size-thumbnail\" alt=\"\" loading=\"lazy\" srcset=\"https:\/\/www.aeroermo.com\/home\/wp-content\/uploads\/2022\/04\/Viva-Aerobus-Nuevas-Rutas-Medellin-14-150x150.jpg 150w, https:\/\/www.aeroermo.com\/home\/wp-content\/uploads\/2022\/04\/Viva-Aerobus-Nuevas-Rutas-Medellin-14-100x100.jpg 100w\" sizes=\"(max-width: 150px) 100vw, 150px\" \/><\/a>\n\t\t\t<\/div><\/figure><figure class='gallery-item'>\n\t\t\t<div class='gallery-icon landscape'>\n\t\t\t\t<a data-elementor-open-lightbox=\"yes\" data-elementor-lightbox-slideshow=\"9bf2b2f\" data-elementor-lightbox-title=\"Viva Aerobus Nuevas Rutas Medellin (19)\" href='https:\/\/www.aeroermo.com\/home\/wp-content\/uploads\/2022\/04\/Viva-Aerobus-Nuevas-Rutas-Medellin-19.jpeg'><img width=\"150\" height=\"150\" src=\"https:\/\/www.aeroermo.com\/home\/wp-content\/uploads\/2022\/04\/Viva-Aerobus-Nuevas-Rutas-Medellin-19-150x150.jpeg\" class=\"attachment-thumbnail size-thumbnail\" alt=\"\" loading=\"lazy\" srcset=\"https:\/\/www.aeroermo.com\/home\/wp-content\/uploads\/2022\/04\/Viva-Aerobus-Nuevas-Rutas-Medellin-19-150x150.jpeg 150w, https:\/\/www.aeroermo.com\/home\/wp-content\/uploads\/2022\/04\/Viva-Aerobus-Nuevas-Rutas-Medellin-19-100x100.jpeg 100w\" sizes=\"(max-width: 150px) 100vw, 150px\" \/><\/a>\n\t\t\t<\/div><\/figure><figure class='gallery-item'>\n\t\t\t<div class='gallery-icon landscape'>\n\t\t\t\t<a data-elementor-open-lightbox=\"yes\" data-elementor-lightbox-slideshow=\"9bf2b2f\" data-elementor-lightbox-title=\"Viva Aerobus Nuevas Rutas Medellin (10)\" href='https:\/\/www.aeroermo.com\/home\/wp-content\/uploads\/2022\/04\/Viva-Aerobus-Nuevas-Rutas-Medellin-10.jpg'><img width=\"150\" height=\"150\" src=\"https:\/\/www.aeroermo.com\/home\/wp-content\/uploads\/2022\/04\/Viva-Aerobus-Nuevas-Rutas-Medellin-10-150x150.jpg\" class=\"attachment-thumbnail size-thumbnail\" alt=\"\" loading=\"lazy\" srcset=\"https:\/\/www.aeroermo.com\/home\/wp-content\/uploads\/2022\/04\/Viva-Aerobus-Nuevas-Rutas-Medellin-10-150x150.jpg 150w, https:\/\/www.aeroermo.com\/home\/wp-content\/uploads\/2022\/04\/Viva-Aerobus-Nuevas-Rutas-Medellin-10-100x100.jpg 100w\" sizes=\"(max-width: 150px) 100vw, 150px\" \/><\/a>\n\t\t\t<\/div><\/figure><figure class='gallery-item'>\n\t\t\t<div class='gallery-icon portrait'>\n\t\t\t\t<a data-elementor-open-lightbox=\"yes\" data-elementor-lightbox-slideshow=\"9bf2b2f\" data-elementor-lightbox-title=\"Viva Aerobus Nuevas Rutas Medellin (17)\" href='https:\/\/www.aeroermo.com\/home\/wp-content\/uploads\/2022\/04\/Viva-Aerobus-Nuevas-Rutas-Medellin-17.jpg'><img width=\"150\" height=\"150\" src=\"https:\/\/www.aeroermo.com\/home\/wp-content\/uploads\/2022\/04\/Viva-Aerobus-Nuevas-Rutas-Medellin-17-150x150.jpg\" class=\"attachment-thumbnail size-thumbnail\" alt=\"\" loading=\"lazy\" srcset=\"https:\/\/www.aeroermo.com\/home\/wp-content\/uploads\/2022\/04\/Viva-Aerobus-Nuevas-Rutas-Medellin-17-150x150.jpg 150w, https:\/\/www.aeroermo.com\/home\/wp-content\/uploads\/2022\/04\/Viva-Aerobus-Nuevas-Rutas-Medellin-17-100x100.jpg 100w\" sizes=\"(max-width: 150px) 100vw, 150px\" \/><\/a>\n\t\t\t<\/div><\/figure><figure class='gallery-item'>\n\t\t\t<div class='gallery-icon landscape'>\n\t\t\t\t<a data-elementor-open-lightbox=\"yes\" data-elementor-lightbox-slideshow=\"9bf2b2f\" data-elementor-lightbox-title=\"Viva Aerobus Nuevas Rutas Medellin (11)\" href='https:\/\/www.aeroermo.com\/home\/wp-content\/uploads\/2022\/04\/Viva-Aerobus-Nuevas-Rutas-Medellin-11.jpg'><img width=\"150\" height=\"150\" src=\"https:\/\/www.aeroermo.com\/home\/wp-content\/uploads\/2022\/04\/Viva-Aerobus-Nuevas-Rutas-Medellin-11-150x150.jpg\" class=\"attachment-thumbnail size-thumbnail\" alt=\"\" loading=\"lazy\" srcset=\"https:\/\/www.aeroermo.com\/home\/wp-content\/uploads\/2022\/04\/Viva-Aerobus-Nuevas-Rutas-Medellin-11-150x150.jpg 150w, https:\/\/www.aeroermo.com\/home\/wp-content\/uploads\/2022\/04\/Viva-Aerobus-Nuevas-Rutas-Medellin-11-100x100.jpg 100w\" sizes=\"(max-width: 150px) 100vw, 150px\" \/><\/a>\n\t\t\t<\/div><\/figure><figure class='gallery-item'>\n\t\t\t<div class='gallery-icon landscape'>\n\t\t\t\t<a data-elementor-open-lightbox=\"yes\" data-elementor-lightbox-slideshow=\"9bf2b2f\" data-elementor-lightbox-title=\"Viva Aerobus Nuevas Rutas Medellin (13)\" href='https:\/\/www.aeroermo.com\/home\/wp-content\/uploads\/2022\/04\/Viva-Aerobus-Nuevas-Rutas-Medellin-13.jpg'><img width=\"150\" height=\"150\" src=\"https:\/\/www.aeroermo.com\/home\/wp-content\/uploads\/2022\/04\/Viva-Aerobus-Nuevas-Rutas-Medellin-13-150x150.jpg\" class=\"attachment-thumbnail size-thumbnail\" alt=\"\" loading=\"lazy\" srcset=\"https:\/\/www.aeroermo.com\/home\/wp-content\/uploads\/2022\/04\/Viva-Aerobus-Nuevas-Rutas-Medellin-13-150x150.jpg 150w, https:\/\/www.aeroermo.com\/home\/wp-content\/uploads\/2022\/04\/Viva-Aerobus-Nuevas-Rutas-Medellin-13-100x100.jpg 100w\" sizes=\"(max-width: 150px) 100vw, 150px\" \/><\/a>\n\t\t\t<\/div><\/figure><figure class='gallery-item'>\n\t\t\t<div class='gallery-icon landscape'>\n\t\t\t\t<a data-elementor-open-lightbox=\"yes\" data-elementor-lightbox-slideshow=\"9bf2b2f\" data-elementor-lightbox-title=\"Viva Aerobus Nuevas Rutas Medellin (5)\" href='https:\/\/www.aeroermo.com\/home\/wp-content\/uploads\/2022\/04\/Viva-Aerobus-Nuevas-Rutas-Medellin-5.jpg'><img width=\"150\" height=\"150\" src=\"https:\/\/www.aeroermo.com\/home\/wp-content\/uploads\/2022\/04\/Viva-Aerobus-Nuevas-Rutas-Medellin-5-150x150.jpg\" class=\"attachment-thumbnail size-thumbnail\" alt=\"\" loading=\"lazy\" srcset=\"https:\/\/www.aeroermo.com\/home\/wp-content\/uploads\/2022\/04\/Viva-Aerobus-Nuevas-Rutas-Medellin-5-150x150.jpg 150w, https:\/\/www.aeroermo.com\/home\/wp-content\/uploads\/2022\/04\/Viva-Aerobus-Nuevas-Rutas-Medellin-5-100x100.jpg 100w\" sizes=\"(max-width: 150px) 100vw, 150px\" \/><\/a>\n\t\t\t<\/div><\/figure><figure class='gallery-item'>\n\t\t\t<div class='gallery-icon landscape'>\n\t\t\t\t<a data-elementor-open-lightbox=\"yes\" data-elementor-lightbox-slideshow=\"9bf2b2f\" data-elementor-lightbox-title=\"Viva Aerobus Nuevas Rutas Medellin (18)\" href='https:\/\/www.aeroermo.com\/home\/wp-content\/uploads\/2022\/04\/Viva-Aerobus-Nuevas-Rutas-Medellin-18.jpg'><img width=\"150\" height=\"150\" src=\"https:\/\/www.aeroermo.com\/home\/wp-content\/uploads\/2022\/04\/Viva-Aerobus-Nuevas-Rutas-Medellin-18-150x150.jpg\" class=\"attachment-thumbnail size-thumbnail\" alt=\"\" loading=\"lazy\" srcset=\"https:\/\/www.aeroermo.com\/home\/wp-content\/uploads\/2022\/04\/Viva-Aerobus-Nuevas-Rutas-Medellin-18-150x150.jpg 150w, https:\/\/www.aeroermo.com\/home\/wp-content\/uploads\/2022\/04\/Viva-Aerobus-Nuevas-Rutas-Medellin-18-100x100.jpg 100w\" sizes=\"(max-width: 150px) 100vw, 150px\" \/><\/a>\n\t\t\t<\/div><\/figure><figure class='gallery-item'>\n\t\t\t<div class='gallery-icon landscape'>\n\t\t\t\t<a data-elementor-open-lightbox=\"yes\" data-elementor-lightbox-slideshow=\"9bf2b2f\" data-elementor-lightbox-title=\"Viva Aerobus Nuevas Rutas Medellin (6)\" href='https:\/\/www.aeroermo.com\/home\/wp-content\/uploads\/2022\/04\/Viva-Aerobus-Nuevas-Rutas-Medellin-6.jpg'><img width=\"150\" height=\"150\" src=\"https:\/\/www.aeroermo.com\/home\/wp-content\/uploads\/2022\/04\/Viva-Aerobus-Nuevas-Rutas-Medellin-6-150x150.jpg\" class=\"attachment-thumbnail size-thumbnail\" alt=\"\" loading=\"lazy\" srcset=\"https:\/\/www.aeroermo.com\/home\/wp-content\/uploads\/2022\/04\/Viva-Aerobus-Nuevas-Rutas-Medellin-6-150x150.jpg 150w, https:\/\/www.aeroermo.com\/home\/wp-content\/uploads\/2022\/04\/Viva-Aerobus-Nuevas-Rutas-Medellin-6-100x100.jpg 100w\" sizes=\"(max-width: 150px) 100vw, 150px\" \/><\/a>\n\t\t\t<\/div><\/figure><figure class='gallery-item'>\n\t\t\t<div class='gallery-icon landscape'>\n\t\t\t\t<a data-elementor-open-lightbox=\"yes\" data-elementor-lightbox-slideshow=\"9bf2b2f\" data-elementor-lightbox-title=\"Viva Aerobus Nuevas Rutas Medellin (4)\" href='https:\/\/www.aeroermo.com\/home\/wp-content\/uploads\/2022\/04\/Viva-Aerobus-Nuevas-Rutas-Medellin-4.jpg'><img width=\"150\" height=\"150\" src=\"https:\/\/www.aeroermo.com\/home\/wp-content\/uploads\/2022\/04\/Viva-Aerobus-Nuevas-Rutas-Medellin-4-150x150.jpg\" class=\"attachment-thumbnail size-thumbnail\" alt=\"\" loading=\"lazy\" srcset=\"https:\/\/www.aeroermo.com\/home\/wp-content\/uploads\/2022\/04\/Viva-Aerobus-Nuevas-Rutas-Medellin-4-150x150.jpg 150w, https:\/\/www.aeroermo.com\/home\/wp-content\/uploads\/2022\/04\/Viva-Aerobus-Nuevas-Rutas-Medellin-4-100x100.jpg 100w\" sizes=\"(max-width: 150px) 100vw, 150px\" \/><\/a>\n\t\t\t<\/div><\/figure><figure class='gallery-item'>\n\t\t\t<div class='gallery-icon portrait'>\n\t\t\t\t<a data-elementor-open-lightbox=\"yes\" data-elementor-lightbox-slideshow=\"9bf2b2f\" data-elementor-lightbox-title=\"Viva Aerobus Nuevas Rutas Medellin (16)\" href='https:\/\/www.aeroermo.com\/home\/wp-content\/uploads\/2022\/04\/Viva-Aerobus-Nuevas-Rutas-Medellin-16.jpg'><img width=\"150\" height=\"150\" src=\"https:\/\/www.aeroermo.com\/home\/wp-content\/uploads\/2022\/04\/Viva-Aerobus-Nuevas-Rutas-Medellin-16-150x150.jpg\" class=\"attachment-thumbnail size-thumbnail\" alt=\"\" loading=\"lazy\" srcset=\"https:\/\/www.aeroermo.com\/home\/wp-content\/uploads\/2022\/04\/Viva-Aerobus-Nuevas-Rutas-Medellin-16-150x150.jpg 150w, https:\/\/www.aeroermo.com\/home\/wp-content\/uploads\/2022\/04\/Viva-Aerobus-Nuevas-Rutas-Medellin-16-100x100.jpg 100w\" sizes=\"(max-width: 150px) 100vw, 150px\" \/><\/a>\n\t\t\t<\/div><\/figure><figure class='gallery-item'>\n\t\t\t<div class='gallery-icon landscape'>\n\t\t\t\t<a data-elementor-open-lightbox=\"yes\" data-elementor-lightbox-slideshow=\"9bf2b2f\" data-elementor-lightbox-title=\"Viva Aerobus Nuevas Rutas Medellin (15)\" href='https:\/\/www.aeroermo.com\/home\/wp-content\/uploads\/2022\/04\/Viva-Aerobus-Nuevas-Rutas-Medellin-15.jpg'><img width=\"150\" height=\"150\" src=\"https:\/\/www.aeroermo.com\/home\/wp-content\/uploads\/2022\/04\/Viva-Aerobus-Nuevas-Rutas-Medellin-15-150x150.jpg\" class=\"attachment-thumbnail size-thumbnail\" alt=\"\" loading=\"lazy\" srcset=\"https:\/\/www.aeroermo.com\/home\/wp-content\/uploads\/2022\/04\/Viva-Aerobus-Nuevas-Rutas-Medellin-15-150x150.jpg 150w, https:\/\/www.aeroermo.com\/home\/wp-content\/uploads\/2022\/04\/Viva-Aerobus-Nuevas-Rutas-Medellin-15-100x100.jpg 100w\" sizes=\"(max-width: 150px) 100vw, 150px\" \/><\/a>\n\t\t\t<\/div><\/figure><figure class='gallery-item'>\n\t\t\t<div class='gallery-icon landscape'>\n\t\t\t\t<a data-elementor-open-lightbox=\"yes\" data-elementor-lightbox-slideshow=\"9bf2b2f\" data-elementor-lightbox-title=\"Viva Aerobus Nuevas Rutas Medellin (12)\" href='https:\/\/www.aeroermo.com\/home\/wp-content\/uploads\/2022\/04\/Viva-Aerobus-Nuevas-Rutas-Medellin-12.jpg'><img width=\"150\" height=\"150\" src=\"https:\/\/www.aeroermo.com\/home\/wp-content\/uploads\/2022\/04\/Viva-Aerobus-Nuevas-Rutas-Medellin-12-150x150.jpg\" class=\"attachment-thumbnail size-thumbnail\" alt=\"\" loading=\"lazy\" srcset=\"https:\/\/www.aeroermo.com\/home\/wp-content\/uploads\/2022\/04\/Viva-Aerobus-Nuevas-Rutas-Medellin-12-150x150.jpg 150w, https:\/\/www.aeroermo.com\/home\/wp-content\/uploads\/2022\/04\/Viva-Aerobus-Nuevas-Rutas-Medellin-12-100x100.jpg 100w\" sizes=\"(max-width: 150px) 100vw, 150px\" \/><\/a>\n\t\t\t<\/div><\/figure><figure class='gallery-item'>\n\t\t\t<div class='gallery-icon landscape'>\n\t\t\t\t<a data-elementor-open-lightbox=\"yes\" data-elementor-lightbox-slideshow=\"9bf2b2f\" data-elementor-lightbox-title=\"Viva Aerobus Nuevas Rutas Medellin (8)\" href='https:\/\/www.aeroermo.com\/home\/wp-content\/uploads\/2022\/04\/Viva-Aerobus-Nuevas-Rutas-Medellin-8.jpg'><img width=\"150\" height=\"150\" src=\"https:\/\/www.aeroermo.com\/home\/wp-content\/uploads\/2022\/04\/Viva-Aerobus-Nuevas-Rutas-Medellin-8-150x150.jpg\" class=\"attachment-thumbnail size-thumbnail\" alt=\"\" loading=\"lazy\" srcset=\"https:\/\/www.aeroermo.com\/home\/wp-content\/uploads\/2022\/04\/Viva-Aerobus-Nuevas-Rutas-Medellin-8-150x150.jpg 150w, https:\/\/www.aeroermo.com\/home\/wp-content\/uploads\/2022\/04\/Viva-Aerobus-Nuevas-Rutas-Medellin-8-100x100.jpg 100w\" sizes=\"(max-width: 150px) 100vw, 150px\" \/><\/a>\n\t\t\t<\/div><\/figure><figure class='gallery-item'>\n\t\t\t<div class='gallery-icon landscape'>\n\t\t\t\t<a data-elementor-open-lightbox=\"yes\" data-elementor-lightbox-slideshow=\"9bf2b2f\" data-elementor-lightbox-title=\"Viva Aerobus Nuevas Rutas Medellin (7)\" href='https:\/\/www.aeroermo.com\/home\/wp-content\/uploads\/2022\/04\/Viva-Aerobus-Nuevas-Rutas-Medellin-7.jpg'><img width=\"150\" height=\"150\" src=\"https:\/\/www.aeroermo.com\/home\/wp-content\/uploads\/2022\/04\/Viva-Aerobus-Nuevas-Rutas-Medellin-7-150x150.jpg\" class=\"attachment-thumbnail size-thumbnail\" alt=\"\" loading=\"lazy\" srcset=\"https:\/\/www.aeroermo.com\/home\/wp-content\/uploads\/2022\/04\/Viva-Aerobus-Nuevas-Rutas-Medellin-7-150x150.jpg 150w, https:\/\/www.aeroermo.com\/home\/wp-content\/uploads\/2022\/04\/Viva-Aerobus-Nuevas-Rutas-Medellin-7-100x100.jpg 100w\" sizes=\"(max-width: 150px) 100vw, 150px\" \/><\/a>\n\t\t\t<\/div><\/figure><figure class='gallery-item'>\n\t\t\t<div class='gallery-icon landscape'>\n\t\t\t\t<a data-elementor-open-lightbox=\"yes\" data-elementor-lightbox-slideshow=\"9bf2b2f\" data-elementor-lightbox-title=\"Viva Aerobus Nuevas Rutas Medellin (2)\" href='https:\/\/www.aeroermo.com\/home\/wp-content\/uploads\/2022\/04\/Viva-Aerobus-Nuevas-Rutas-Medellin-2.jpg'><img width=\"150\" height=\"150\" src=\"https:\/\/www.aeroermo.com\/home\/wp-content\/uploads\/2022\/04\/Viva-Aerobus-Nuevas-Rutas-Medellin-2-150x150.jpg\" class=\"attachment-thumbnail size-thumbnail\" alt=\"\" loading=\"lazy\" srcset=\"https:\/\/www.aeroermo.com\/home\/wp-content\/uploads\/2022\/04\/Viva-Aerobus-Nuevas-Rutas-Medellin-2-150x150.jpg 150w, https:\/\/www.aeroermo.com\/home\/wp-content\/uploads\/2022\/04\/Viva-Aerobus-Nuevas-Rutas-Medellin-2-100x100.jpg 100w\" sizes=\"(max-width: 150px) 100vw, 150px\" \/><\/a>\n\t\t\t<\/div><\/figure>\n\t\t<\/div>\n\t\t<\/div>\n\t\t\t\t<\/div>\n\t\t\t\t<\/div>\n\t\t\t\t<div class=\"elementor-element elementor-element-173e90f elementor-widget elementor-widget-spacer\" data-id=\"173e90f\" data-element_type=\"widget\" data-widget_type=\"spacer.default\">\n\t\t\t\t<div class=\"elementor-widget-container\">\n\t\t\t\t\t<div class=\"elementor-spacer\">\n\t\t\t<div class=\"elementor-spacer-inner\"><\/div>\n\t\t<\/div>\n\t\t\t\t<\/div>\n\t\t\t\t<\/div>\n\t\t\t\t<div class=\"elementor-element elementor-element-754052b1 elementor-widget elementor-widget-text-editor\" data-id=\"754052b1\" data-element_type=\"widget\" data-widget_type=\"text-editor.default\">\n\t\t\t\t<div class=\"elementor-widget-container\">\n\t\t\t\t\t<div class=\"elementor-text-editor elementor-clearfix\"><h5 style=\"text-align: center;\"><strong><em>La ruta Ciudad de M\u00e9xico \u2013 Medell\u00edn operar\u00e1 un vuelo diario, mientras que Canc\u00fan \u2013 Medell\u00edn ofrecer\u00e1 tres vuelos a la semana (lunes, mi\u00e9rcoles y viernes).<\/em><\/strong><\/h5><\/div>\n\t\t\t\t<\/div>\n\t\t\t\t<\/div>\n\t\t\t\t<div class=\"elementor-element elementor-element-697ccab elementor-widget elementor-widget-text-editor\" data-id=\"697ccab\" data-element_type=\"widget\" data-widget_type=\"text-editor.default\">\n\t\t\t\t<div class=\"elementor-widget-container\">\n\t\t\t\t\t<div class=\"elementor-text-editor elementor-clearfix\"><p>El pasado 08 de abril, Viva Aerobus, la aerol\u00ednea de ultra bajo costo de M\u00e9xico, inici\u00f3 la operaci\u00f3n de sus dos nuevas rutas internacionales desde Medell\u00edn (MDE) a la Ciudad de M\u00e9xico (MEX) y Canc\u00fan (CUN).<\/p>\n<p>El evento inaugural, celebrado en el Aeropuerto de Rionegro, cont\u00f3 con la participaci\u00f3n de autoridades y representantes de la Alcald\u00eda y del Bureau de Medell\u00edn, de ProColombia, del Aeropuerto Jos\u00e9 Mar\u00eda C\u00f3rdova y AIRPLAN \u2013operador de dicho aeropuerto-, y de la aerol\u00ednea mexicana Viva Aerobus, quienes cortaron el list\u00f3n inaugural de estas dos nuevas rutas.<\/p>\n<p>Con 186 pasajeros y un factor de ocupaci\u00f3n del 100%, aterriz\u00f3 a las 10:30 horas en el Aeropuerto de Medell\u00edn la aeronave Airbus A320, proveniente de la capital de M\u00e9xico, recibiendo el tradicional arco de agua. Y por la noche, hacia las 19:35 horas, har\u00e1 lo propio el vuelo VB442 desde Canc\u00fan.<\/p>\n<p><em>\u201cLa llegada de Viva Aerobus desde Canc\u00fan y Ciudad de M\u00e9xico a Medell\u00edn representa una gran oportunidad en la atracci\u00f3n de viajeros internacionales hacia nuestros destinos. Para la temporada de Semana Santa, esperamos la llegada de m\u00e1s de 31.800 pasajeros extranjeros a Colombia, siendo M\u00e9xico el segundo pa\u00eds con mayor n\u00famero de reservas a\u00e9reas\u201d,<\/em> mencion\u00f3 Flavia Santoro, presidenta de ProColombia.<\/p>\n<p>Medell\u00edn \u2013 Ciudad de M\u00e9xico opera un vuelo diario a precios desde los USD $97 d\u00f3lares en viaje sencillo. Por su parte, Medell\u00edn \u2013 Canc\u00fan vuela los lunes, mi\u00e9rcoles y viernes con boletos desde los USD $76. Ambas rutas son operadas con aeronaves Airbus A320 con capacidad para 186 pasajeros. Estos aviones forman parte de la flota m\u00e1s joven de M\u00e9xico con una edad promedio de cinco a\u00f1os y la tercera m\u00e1s joven de toda Norteam\u00e9rica.<\/p>\n<p><em>\u201cM\u00e9xico representa el segundo mercado en importancia en llegada de visitantes no residentes a Medell\u00edn, en el a\u00f1o 2021 se recibieron 9.500 visitantes de este pa\u00eds. Se consolida como un mercado muy atractivo tanto para el turismo emisivo como el receptivo y por eso nos satisface que una nueva aerol\u00ednea como Viva Aerobus inicie operaciones desde el aeropuerto JMC\u201d<\/em>, dijo Ledys L\u00f3pez Zapata, subsecretaria de Turismo de Medell\u00edn.<\/p>\n<p>La expansi\u00f3n de Viva Aerobus en Colombia responde a una creciente demanda que, con una propuesta de vuelos a precios bajos, permite dinamizar, a\u00fan m\u00e1s, uno de los tres mercados a\u00e9reos m\u00e1s grandes de Am\u00e9rica Latina. De acuerdo con la m\u00e1s reciente informaci\u00f3n de la Secretar\u00eda de Turismo de M\u00e9xico, la llegada de visitantes colombianos v\u00eda a\u00e9rea a M\u00e9xico report\u00f3 un incremento del 263.1% en febrero de 2022 en comparaci\u00f3n con febrero 2021. De esta manera, con m\u00e1s de 115 mil pasajeros colombianos en los dos primeros meses de este a\u00f1o (enero-febrero), Colombia se posicion\u00f3 como el tercer pa\u00eds que gener\u00f3 un mayor flujo de visitantes, tan s\u00f3lo detr\u00e1s de Estados Unidos y Canad\u00e1.<\/p>\n<p>Por su parte, seg\u00fan lo reportado por el Gobierno de Colombia en su informe anual 2021 sobre las cifras del turismo, en 2021 M\u00e9xico ocup\u00f3 el tercer puesto entre los pa\u00edses que generaron un mayor flujo de visitantes extranjeros no residentes a Colombia, tan s\u00f3lo detr\u00e1s de Estados Unidos y Venezuela, habiendo enviado a m\u00e1s de 81 mil viajeros. De forma paralela, M\u00e9xico se posicion\u00f3 como el segundo destino internacional favorito de los viajeros colombianos con un 16% del total del turismo emisor con m\u00e1s de 411 mil viajeros.<\/p>\n<p>En consecuencia, a menos de un a\u00f1o de la llegada de Viva Aerobus a Colombia con la apertura de sus vuelos desde Bogot\u00e1 a Canc\u00fan y a la Ciudad de M\u00e9xico; actualmente ya suma cuatro rutas en este pa\u00eds que se convirti\u00f3 en su primer destino en Sudam\u00e9rica. Ahora, Medell\u00edn tambi\u00e9n conecta con dos ciudades bandera de M\u00e9xico por su diversificada oferta tur\u00edstica y por las oportunidades de negocio en ellas.<\/p><\/div>\n\t\t\t\t<\/div>\n\t\t\t\t<\/div>\n\t\t\t\t<div class=\"elementor-element elementor-element-ed2644d elementor-widget elementor-widget-image\" data-id=\"ed2644d\" data-element_type=\"widget\" data-widget_type=\"image.default\">\n\t\t\t\t<div class=\"elementor-widget-container\">\n\t\t\t\t\t<div class=\"elementor-image\">\n\t\t\t\t\t\t\t\t\t\t<img width=\"1024\" height=\"683\" src=\"https:\/\/www.aeroermo.com\/home\/wp-content\/uploads\/2022\/04\/Viva-Aerobus-Nuevas-Rutas-Medellin-3-1024x683.jpg\" class=\"attachment-large size-large\" alt=\"\" loading=\"lazy\" srcset=\"https:\/\/www.aeroermo.com\/home\/wp-content\/uploads\/2022\/04\/Viva-Aerobus-Nuevas-Rutas-Medellin-3-1024x683.jpg 1024w, https:\/\/www.aeroermo.com\/home\/wp-content\/uploads\/2022\/04\/Viva-Aerobus-Nuevas-Rutas-Medellin-3-300x200.jpg 300w, https:\/\/www.aeroermo.com\/home\/wp-content\/uploads\/2022\/04\/Viva-Aerobus-Nuevas-Rutas-Medellin-3-768x512.jpg 768w, https:\/\/www.aeroermo.com\/home\/wp-content\/uploads\/2022\/04\/Viva-Aerobus-Nuevas-Rutas-Medellin-3-920x614.jpg 920w, https:\/\/www.aeroermo.com\/home\/wp-content\/uploads\/2022\/04\/Viva-Aerobus-Nuevas-Rutas-Medellin-3-230x153.jpg 230w, https:\/\/www.aeroermo.com\/home\/wp-content\/uploads\/2022\/04\/Viva-Aerobus-Nuevas-Rutas-Medellin-3-350x234.jpg 350w, https:\/\/www.aeroermo.com\/home\/wp-content\/uploads\/2022\/04\/Viva-Aerobus-Nuevas-Rutas-Medellin-3-480x320.jpg 480w, https:\/\/www.aeroermo.com\/home\/wp-content\/uploads\/2022\/04\/Viva-Aerobus-Nuevas-Rutas-Medellin-3-200x133.jpg 200w, https:\/\/www.aeroermo.com\/home\/wp-content\/uploads\/2022\/04\/Viva-Aerobus-Nuevas-Rutas-Medellin-3.jpg 1280w\" sizes=\"(max-width: 1024px) 100vw, 1024px\" \/>\t\t\t\t\t\t\t\t\t\t\t<\/div>\n\t\t\t\t<\/div>\n\t\t\t\t<\/div>\n\t\t\t\t<div class=\"elementor-element elementor-element-8efd9ca elementor-widget elementor-widget-spacer\" data-id=\"8efd9ca\" data-element_type=\"widget\" data-widget_type=\"spacer.default\">\n\t\t\t\t<div class=\"elementor-widget-container\">\n\t\t\t\t\t<div class=\"elementor-spacer\">\n\t\t\t<div class=\"elementor-spacer-inner\"><\/div>\n\t\t<\/div>\n\t\t\t\t<\/div>\n\t\t\t\t<\/div>\n\t\t\t\t<div class=\"elementor-element elementor-element-b3fde82 elementor-widget elementor-widget-text-editor\" data-id=\"b3fde82\" data-element_type=\"widget\" data-widget_type=\"text-editor.default\">\n\t\t\t\t<div class=\"elementor-widget-container\">\n\t\t\t\t\t<div class=\"elementor-text-editor elementor-clearfix\"><p>Hist\u00f3ricamente M\u00e9xico se ha ubicado entre los cinco principales emisores de viajeros a Medell\u00edn, destino que ofrece experiencias que se ajustan al gusto de este turista interesado, seg\u00fan estudios de ProColombia, en conocer la cultura del lugar que visita, disfrutar de experiencias \u201ccity break\u201d y actividades relacionadas con moda y compras. La riqueza cultural de Medell\u00edn marcada por el maestro Fernando Botero, el arte urbano como expresi\u00f3n de transformaci\u00f3n, su vida nocturna y liderazgo como capital de la moda colombiana, hacen de Medell\u00edn un destino atractivo para el turista mexicano.<\/p>\n<p><em>\u201cLe damos la m\u00e1s cordial bienvenida a Viva Aerobus y a todos sus pasajeros al Aeropuerto de Medell\u00edn, en donde les atenderemos con un servicio e infraestructura de primer nivel. Le deseamos el mayor de los \u00e9xitos a estas dos nuevas rutas que fortalecer\u00e1n la conectividad a\u00e9rea internacional de Antioquia\u201d<\/em>, mencion\u00f3 Fredy Adolfo Jaramillo Giraldo, gerente del Aeropuerto Jos\u00e9 Mar\u00eda C\u00f3rdova.<\/p>\n<p>Viva Aerobus, con 15 a\u00f1os de experiencia, aterriza con una propuesta de valor que se caracteriza por un enfoque en el cliente, flexibilidad, precios bajos y una conectividad integral. En este sentido, estos vuelos no s\u00f3lo enlazan a tres ciudades, tambi\u00e9n ponen a disposici\u00f3n de los pasajeros colombianos una red de rutas que conectan a Canc\u00fan y Ciudad de M\u00e9xico con m\u00e1s de 40 destinos al interior de M\u00e9xico.<\/p>\n<p>Resultado de este servicio, Viva Aerobus se ha posicionado como la aerol\u00ednea mexicana con la mayor tasa de crecimiento y una red de m\u00e1s de 130 rutas, m\u00e1s de 3.300 colaboradores y 56 aeronaves Airbus de \u00faltima generaci\u00f3n.<\/p>\n<p><em>\u201cEstamos muy entusiasmados por la inauguraci\u00f3n de estas dos nuevas rutas para atender a los pasajeros de Colombia y M\u00e9xico con vuelos punto a punto, precios bajos, aviones nuevos y confiabilidad. Agradecemos profundamente la apertura y bienvenida que hemos recibido de Colombia, hemos obtenido una gran respuesta en la demanda de los pasajeros en uno de los mercados m\u00e1s grandes de Am\u00e9rica Latina\u201d<\/em>, afirm\u00f3 Juan Carlos Zuazua, director general de Viva Aerobus.<\/p><\/div>\n\t\t\t\t<\/div>\n\t\t\t\t<\/div>\n\t\t\t\t<div class=\"elementor-element elementor-element-7f90663 elementor-widget elementor-widget-image\" data-id=\"7f90663\" data-element_type=\"widget\" data-widget_type=\"image.default\">\n\t\t\t\t<div class=\"elementor-widget-container\">\n\t\t\t\t\t<div class=\"elementor-image\">\n\t\t\t\t\t\t\t\t\t\t<img src=\"https:\/\/www.aeroermo.com\/home\/wp-content\/uploads\/elementor\/thumbs\/Viva-Aerobus-Nuevas-Rutas-Medellin-0-pn2ualhq8a00xivmbpqj7p459rsfcv7ddlyu1ogsl2.jpg\" title=\"Viva Aerobus Nuevas Rutas Medellin 0\" alt=\"Viva Aerobus Nuevas Rutas Medellin 0\" \/>\t\t\t\t\t\t\t\t\t\t\t<\/div>\n\t\t\t\t<\/div>\n\t\t\t\t<\/div>\n\t\t\t\t<div class=\"elementor-element elementor-element-a9a7dde elementor-widget elementor-widget-spacer\" data-id=\"a9a7dde\" data-element_type=\"widget\" data-widget_type=\"spacer.default\">\n\t\t\t\t<div class=\"elementor-widget-container\">\n\t\t\t\t\t<div class=\"elementor-spacer\">\n\t\t\t<div class=\"elementor-spacer-inner\"><\/div>\n\t\t<\/div>\n\t\t\t\t<\/div>\n\t\t\t\t<\/div>\n\t\t\t\t<div class=\"elementor-element elementor-element-5786f90 elementor-widget elementor-widget-text-editor\" data-id=\"5786f90\" data-element_type=\"widget\" data-widget_type=\"text-editor.default\">\n\t\t\t\t<div class=\"elementor-widget-container\">\n\t\t\t\t\t<div class=\"elementor-text-editor elementor-clearfix\"><p><strong>Prensa Viva Aerobus<\/strong><\/p><\/div>\n\t\t\t\t<\/div>\n\t\t\t\t<\/div>\n\t\t\t\t<div class=\"elementor-element elementor-element-43c9d090 elementor-widget elementor-widget-spacer\" data-id=\"43c9d090\" data-element_type=\"widget\" data-widget_type=\"spacer.default\">\n\t\t\t\t<div class=\"elementor-widget-container\">\n\t\t\t\t\t<div class=\"elementor-spacer\">\n\t\t\t<div class=\"elementor-spacer-inner\"><\/div>\n\t\t<\/div>\n\t\t\t\t<\/div>\n\t\t\t\t<\/div>\n\t\t\t\t\t\t<\/div>\n\t\t\t\t\t<\/div>\n\t\t<\/div>\n\t\t\t\t\t\t\t\t<\/div>\n\t\t\t\t\t<\/div>\n\t\t<\/section>\n\t\t\t\t<footer class=\"elementor-section elementor-top-section elementor-element elementor-element-6873ab9a elementor-section-stretched footerpagina animated-fast elementor-section-boxed elementor-section-height-default elementor-section-height-default stylepress-section-color-normal elementor-invisible\" data-id=\"6873ab9a\" data-element_type=\"section\" id=\"footerpagina\" data-settings=\"{&quot;stretch_section&quot;:&quot;section-stretched&quot;,&quot;background_background&quot;:&quot;classic&quot;,&quot;animation&quot;:&quot;fadeInUp&quot;}\">\n\t\t\t\t\t\t<div class=\"elementor-container elementor-column-gap-default\">\n\t\t\t\t\t\t\t<div class=\"elementor-row\">\n\t\t\t\t\t<div class=\"elementor-column elementor-col-25 elementor-top-column elementor-element elementor-element-744a1280\" data-id=\"744a1280\" data-element_type=\"column\">\n\t\t\t<div class=\"elementor-column-wrap elementor-element-populated\">\n\t\t\t\t\t\t\t<div class=\"elementor-widget-wrap\">\n\t\t\t\t\t\t<div class=\"elementor-element elementor-element-30b9183f elementor-widget elementor-widget-spacer\" data-id=\"30b9183f\" data-element_type=\"widget\" data-widget_type=\"spacer.default\">\n\t\t\t\t<div class=\"elementor-widget-container\">\n\t\t\t\t\t<div class=\"elementor-spacer\">\n\t\t\t<div class=\"elementor-spacer-inner\"><\/div>\n\t\t<\/div>\n\t\t\t\t<\/div>\n\t\t\t\t<\/div>\n\t\t\t\t<div class=\"elementor-element elementor-element-2b373924 elementor-invisible elementor-widget elementor-widget-heading\" data-id=\"2b373924\" data-element_type=\"widget\" data-settings=\"{&quot;_animation&quot;:&quot;zoomIn&quot;,&quot;_animation_delay&quot;:200}\" data-widget_type=\"heading.default\">\n\t\t\t\t<div class=\"elementor-widget-container\">\n\t\t\t<h5 class=\"elementor-heading-title elementor-size-default\">Cont\u00e1ctanos:<\/h5>\t\t<\/div>\n\t\t\t\t<\/div>\n\t\t\t\t<section class=\"elementor-section elementor-inner-section elementor-element elementor-element-1853ed02 elementor-section-boxed elementor-section-height-default elementor-section-height-default stylepress-section-color-normal elementor-invisible\" data-id=\"1853ed02\" data-element_type=\"section\" data-settings=\"{&quot;animation&quot;:&quot;fadeInLeft&quot;,&quot;animation_delay&quot;:300}\">\n\t\t\t\t\t\t<div class=\"elementor-container elementor-column-gap-default\">\n\t\t\t\t\t\t\t<div class=\"elementor-row\">\n\t\t\t\t\t<div class=\"elementor-column elementor-col-100 elementor-inner-column elementor-element elementor-element-78ad48e9\" data-id=\"78ad48e9\" data-element_type=\"column\">\n\t\t\t<div class=\"elementor-column-wrap elementor-element-populated\">\n\t\t\t\t\t\t\t<div class=\"elementor-widget-wrap\">\n\t\t\t\t\t\t<div class=\"elementor-element elementor-element-1b45850f elementor-widget elementor-widget-text-editor\" data-id=\"1b45850f\" data-element_type=\"widget\" data-widget_type=\"text-editor.default\">\n\t\t\t\t<div class=\"elementor-widget-container\">\n\t\t\t\t\t<div class=\"elementor-text-editor elementor-clearfix\"><p>Calle 24B #74-27,<br \/><span style=\"color: #0095d9;\">Bogot\u00e1 \u2013 Colombia<br \/>Tel\u00e9fono:<\/span><br \/>+57 1 4672353<br \/><span style=\"color: #0095d9;\">M\u00f3vil:<\/span><br \/>311 5104038 \/ USA: +1 305 7717007<br \/>Email: info<span style=\"color: #0095d9;\">@<\/span>AeroErmo.com<\/p><\/div>\n\t\t\t\t<\/div>\n\t\t\t\t<\/div>\n\t\t\t\t\t\t<\/div>\n\t\t\t\t\t<\/div>\n\t\t<\/div>\n\t\t\t\t\t\t\t\t<\/div>\n\t\t\t\t\t<\/div>\n\t\t<\/section>\n\t\t\t\t\t\t<\/div>\n\t\t\t\t\t<\/div>\n\t\t<\/div>\n\t\t\t\t<div class=\"elementor-column elementor-col-25 elementor-top-column elementor-element elementor-element-726a58e4\" data-id=\"726a58e4\" data-element_type=\"column\">\n\t\t\t<div class=\"elementor-column-wrap elementor-element-populated\">\n\t\t\t\t\t\t\t<div class=\"elementor-widget-wrap\">\n\t\t\t\t\t\t<div class=\"elementor-element elementor-element-4bd10cf3 elementor-widget elementor-widget-spacer\" data-id=\"4bd10cf3\" data-element_type=\"widget\" data-widget_type=\"spacer.default\">\n\t\t\t\t<div class=\"elementor-widget-container\">\n\t\t\t\t\t<div class=\"elementor-spacer\">\n\t\t\t<div class=\"elementor-spacer-inner\"><\/div>\n\t\t<\/div>\n\t\t\t\t<\/div>\n\t\t\t\t<\/div>\n\t\t\t\t<div class=\"elementor-element elementor-element-9bde3bd elementor-invisible elementor-widget elementor-widget-heading\" data-id=\"9bde3bd\" data-element_type=\"widget\" data-settings=\"{&quot;_animation&quot;:&quot;zoomIn&quot;,&quot;_animation_delay&quot;:200}\" data-widget_type=\"heading.default\">\n\t\t\t\t<div class=\"elementor-widget-container\">\n\t\t\t<h5 class=\"elementor-heading-title elementor-size-default\">men\u00fa:<\/h5>\t\t<\/div>\n\t\t\t\t<\/div>\n\t\t\t\t<section class=\"elementor-section elementor-inner-section elementor-element elementor-element-2255390d elementor-section-boxed elementor-section-height-default elementor-section-height-default stylepress-section-color-normal elementor-invisible\" data-id=\"2255390d\" data-element_type=\"section\" data-settings=\"{&quot;animation&quot;:&quot;fadeInUp&quot;,&quot;animation_delay&quot;:300}\">\n\t\t\t\t\t\t<div class=\"elementor-container elementor-column-gap-default\">\n\t\t\t\t\t\t\t<div class=\"elementor-row\">\n\t\t\t\t\t<div class=\"elementor-column elementor-col-50 elementor-inner-column elementor-element elementor-element-7eaa7e80\" data-id=\"7eaa7e80\" data-element_type=\"column\">\n\t\t\t<div class=\"elementor-column-wrap elementor-element-populated\">\n\t\t\t\t\t\t\t<div class=\"elementor-widget-wrap\">\n\t\t\t\t\t\t<div class=\"elementor-element elementor-element-28bceb44 elementor-widget elementor-widget-text-editor\" data-id=\"28bceb44\" data-element_type=\"widget\" data-widget_type=\"text-editor.default\">\n\t\t\t\t<div class=\"elementor-widget-container\">\n\t\t\t\t\t<div class=\"elementor-text-editor elementor-clearfix\"><p><a style=\"color: white; font-size: 13px;\" href=\"https:\/\/www.aeroermo.com\/home\/\">HOME<\/a><br \/><a style=\"color: white; font-size: 13px;\" href=\"https:\/\/www.aeroermo.com\/home\/quienes-somos\">SOBRE NOSOTROS<\/a><br \/><a style=\"color: white; font-size: 13px;\" href=\"https:\/\/www.aeroermo.com\/home\/nuestras-ediciones\">EDICIONES<\/a><br \/><a style=\"color: white; font-size: 13px;\" href=\"https:\/\/www.aeroermo.com\/home\/eventos\/\">EVENTOS<\/a><br \/><a style=\"color: white; font-size: 13px;\" href=\"https:\/\/www.aeroermo.com\/home\/media-kit\">MEDIA KIT<\/a><br \/><a style=\"color: white; font-size: 13px;\" href=\"https:\/\/www.aeroermo.com\/home\/contacto\">CONTACTO<\/a><\/p><\/div>\n\t\t\t\t<\/div>\n\t\t\t\t<\/div>\n\t\t\t\t\t\t<\/div>\n\t\t\t\t\t<\/div>\n\t\t<\/div>\n\t\t\t\t<div class=\"elementor-column elementor-col-50 elementor-inner-column elementor-element elementor-element-22d7f3b\" data-id=\"22d7f3b\" data-element_type=\"column\">\n\t\t\t<div class=\"elementor-column-wrap elementor-element-populated\">\n\t\t\t\t\t\t\t<div class=\"elementor-widget-wrap\">\n\t\t\t\t\t\t<div class=\"elementor-element elementor-element-34a22b32 elementor-widget elementor-widget-text-editor\" data-id=\"34a22b32\" data-element_type=\"widget\" data-widget_type=\"text-editor.default\">\n\t\t\t\t<div class=\"elementor-widget-container\">\n\t\t\t\t\t<div class=\"elementor-text-editor elementor-clearfix\"><p><a style=\"color: white; font-size: 13px;\" href=\"https:\/\/www.aeroermo.com\/home\/blog\">NOTICIAS<\/a><br \/><a style=\"color: white; font-size: 13px;\" href=\"https:\/\/www.aeroermo.com\/home\/media-kit\/\">PUBLICIDAD<\/a><br \/><a style=\"color: white; font-size: 13px;\" href=\"https:\/\/www.aeroermo.com\/home\/suscribase\/\">SUSCRIBASE<\/a><br \/><a style=\"color: white; font-size: 13px;\" href=\"https:\/\/www.aeroermo.com\/home\/wp-admin\">INICIAR SESI\u00d3N<\/a><\/p><\/div>\n\t\t\t\t<\/div>\n\t\t\t\t<\/div>\n\t\t\t\t\t\t<\/div>\n\t\t\t\t\t<\/div>\n\t\t<\/div>\n\t\t\t\t\t\t\t\t<\/div>\n\t\t\t\t\t<\/div>\n\t\t<\/section>\n\t\t\t\t\t\t<\/div>\n\t\t\t\t\t<\/div>\n\t\t<\/div>\n\t\t\t\t<div class=\"elementor-column elementor-col-25 elementor-top-column elementor-element elementor-element-5edbc49a\" data-id=\"5edbc49a\" data-element_type=\"column\">\n\t\t\t<div class=\"elementor-column-wrap elementor-element-populated\">\n\t\t\t\t\t\t\t<div class=\"elementor-widget-wrap\">\n\t\t\t\t\t\t<div class=\"elementor-element elementor-element-61c0af35 elementor-widget elementor-widget-spacer\" data-id=\"61c0af35\" data-element_type=\"widget\" data-widget_type=\"spacer.default\">\n\t\t\t\t<div class=\"elementor-widget-container\">\n\t\t\t\t\t<div class=\"elementor-spacer\">\n\t\t\t<div class=\"elementor-spacer-inner\"><\/div>\n\t\t<\/div>\n\t\t\t\t<\/div>\n\t\t\t\t<\/div>\n\t\t\t\t<section class=\"elementor-section elementor-inner-section elementor-element elementor-element-58e5b0ae elementor-section-content-top elementor-hidden-tablet elementor-hidden-phone elementor-section-boxed elementor-section-height-default elementor-section-height-default stylepress-section-color-normal elementor-invisible\" data-id=\"58e5b0ae\" data-element_type=\"section\" data-settings=\"{&quot;animation&quot;:&quot;bounceIn&quot;,&quot;animation_delay&quot;:300}\">\n\t\t\t\t\t\t<div class=\"elementor-container elementor-column-gap-narrow\">\n\t\t\t\t\t\t\t<div class=\"elementor-row\">\n\t\t\t\t\t<div class=\"elementor-column elementor-col-100 elementor-inner-column elementor-element elementor-element-4e26ac87\" data-id=\"4e26ac87\" data-element_type=\"column\">\n\t\t\t<div class=\"elementor-column-wrap elementor-element-populated\">\n\t\t\t\t\t\t\t<div class=\"elementor-widget-wrap\">\n\t\t\t\t\t\t<div class=\"elementor-element elementor-element-5a760bfa elementor-hidden-tablet elementor-hidden-phone elementor-invisible elementor-widget elementor-widget-heading\" data-id=\"5a760bfa\" data-element_type=\"widget\" data-settings=\"{&quot;_animation&quot;:&quot;zoomIn&quot;,&quot;_animation_delay&quot;:200}\" data-widget_type=\"heading.default\">\n\t\t\t\t<div class=\"elementor-widget-container\">\n\t\t\t<h5 class=\"elementor-heading-title elementor-size-default\">VISITA NUESTRAS REDES:<\/h5>\t\t<\/div>\n\t\t\t\t<\/div>\n\t\t\t\t\t\t<\/div>\n\t\t\t\t\t<\/div>\n\t\t<\/div>\n\t\t\t\t\t\t\t\t<\/div>\n\t\t\t\t\t<\/div>\n\t\t<\/section>\n\t\t\t\t<section class=\"elementor-section elementor-inner-section elementor-element elementor-element-26516768 elementor-section-content-top elementor-hidden-tablet elementor-hidden-phone elementor-section-boxed elementor-section-height-default elementor-section-height-default stylepress-section-color-normal elementor-invisible\" data-id=\"26516768\" data-element_type=\"section\" data-settings=\"{&quot;animation&quot;:&quot;bounceIn&quot;,&quot;animation_delay&quot;:300}\">\n\t\t\t\t\t\t<div class=\"elementor-container elementor-column-gap-no\">\n\t\t\t\t\t\t\t<div class=\"elementor-row\">\n\t\t\t\t\t<div class=\"elementor-column elementor-col-25 elementor-inner-column elementor-element elementor-element-b10a8bb\" data-id=\"b10a8bb\" data-element_type=\"column\">\n\t\t\t<div class=\"elementor-column-wrap elementor-element-populated\">\n\t\t\t\t\t\t\t<div class=\"elementor-widget-wrap\">\n\t\t\t\t\t\t<div class=\"elementor-element elementor-element-5c420539 elementor-widget elementor-widget-image\" data-id=\"5c420539\" data-element_type=\"widget\" data-widget_type=\"image.default\">\n\t\t\t\t<div class=\"elementor-widget-container\">\n\t\t\t\t\t<div class=\"elementor-image\">\n\t\t\t\t\t\t\t\t\t\t\t<a href=\"https:\/\/twitter.com\/aeroermo\" target=\"_blank\">\n\t\t\t\t\t\t\t<img src=\"https:\/\/www.aeroermo.com\/home\/wp-content\/uploads\/elementor\/thumbs\/tw-pn0vbuyzypymd5b7rnx284wb2frrx5sds9qshw0ygk.png\" title=\"tw\" alt=\"tw\" \/>\t\t\t\t\t\t\t\t<\/a>\n\t\t\t\t\t\t\t\t\t\t\t<\/div>\n\t\t\t\t<\/div>\n\t\t\t\t<\/div>\n\t\t\t\t\t\t<\/div>\n\t\t\t\t\t<\/div>\n\t\t<\/div>\n\t\t\t\t<div class=\"elementor-column elementor-col-25 elementor-inner-column elementor-element elementor-element-550f324b\" data-id=\"550f324b\" data-element_type=\"column\">\n\t\t\t<div class=\"elementor-column-wrap elementor-element-populated\">\n\t\t\t\t\t\t\t<div class=\"elementor-widget-wrap\">\n\t\t\t\t\t\t<div class=\"elementor-element elementor-element-5aa68fb8 elementor-widget elementor-widget-image\" data-id=\"5aa68fb8\" data-element_type=\"widget\" data-widget_type=\"image.default\">\n\t\t\t\t<div class=\"elementor-widget-container\">\n\t\t\t\t\t<div class=\"elementor-image\">\n\t\t\t\t\t\t\t\t\t\t\t<a href=\"https:\/\/www.instagram.com\/aeroermo\/\" target=\"_blank\">\n\t\t\t\t\t\t\t<img src=\"https:\/\/www.aeroermo.com\/home\/wp-content\/uploads\/elementor\/thumbs\/ig-pn0vbu15rvxc1jckx5ifnn4uh1wepgong53b0m2cms.png\" title=\"ig\" alt=\"ig\" \/>\t\t\t\t\t\t\t\t<\/a>\n\t\t\t\t\t\t\t\t\t\t\t<\/div>\n\t\t\t\t<\/div>\n\t\t\t\t<\/div>\n\t\t\t\t\t\t<\/div>\n\t\t\t\t\t<\/div>\n\t\t<\/div>\n\t\t\t\t<div class=\"elementor-column elementor-col-25 elementor-inner-column elementor-element elementor-element-56bf72af\" data-id=\"56bf72af\" data-element_type=\"column\">\n\t\t\t<div class=\"elementor-column-wrap elementor-element-populated\">\n\t\t\t\t\t\t\t<div class=\"elementor-widget-wrap\">\n\t\t\t\t\t\t<div class=\"elementor-element elementor-element-4c29893b elementor-widget elementor-widget-image\" data-id=\"4c29893b\" data-element_type=\"widget\" data-widget_type=\"image.default\">\n\t\t\t\t<div class=\"elementor-widget-container\">\n\t\t\t\t\t<div class=\"elementor-image\">\n\t\t\t\t\t\t\t\t\t\t\t<a href=\"https:\/\/www.facebook.com\/aeroermo\/\" target=\"_blank\">\n\t\t\t\t\t\t\t<img src=\"https:\/\/www.aeroermo.com\/home\/wp-content\/uploads\/elementor\/thumbs\/fb-pn0vbs5he7urebfb84p6inlxaa5oa2h6rvsc2254z8.png\" title=\"fb\" alt=\"fb\" \/>\t\t\t\t\t\t\t\t<\/a>\n\t\t\t\t\t\t\t\t\t\t\t<\/div>\n\t\t\t\t<\/div>\n\t\t\t\t<\/div>\n\t\t\t\t\t\t<\/div>\n\t\t\t\t\t<\/div>\n\t\t<\/div>\n\t\t\t\t<div class=\"elementor-column elementor-col-25 elementor-inner-column elementor-element elementor-element-2039a7c1\" data-id=\"2039a7c1\" data-element_type=\"column\">\n\t\t\t<div class=\"elementor-column-wrap elementor-element-populated\">\n\t\t\t\t\t\t\t<div class=\"elementor-widget-wrap\">\n\t\t\t\t\t\t<div class=\"elementor-element elementor-element-50e1633c elementor-widget elementor-widget-image\" data-id=\"50e1633c\" data-element_type=\"widget\" data-widget_type=\"image.default\">\n\t\t\t\t<div class=\"elementor-widget-container\">\n\t\t\t\t\t<div class=\"elementor-image\">\n\t\t\t\t\t\t\t\t\t\t\t<a href=\"https:\/\/www.youtube.com\/user\/Aeroermo\" target=\"_blank\">\n\t\t\t\t\t\t\t<img src=\"https:\/\/www.aeroermo.com\/home\/wp-content\/uploads\/elementor\/thumbs\/yt-pn0vbwuoce170d8hgoqbd4f897iicjzugj1rgfy644.png\" title=\"yt\" alt=\"yt\" \/>\t\t\t\t\t\t\t\t<\/a>\n\t\t\t\t\t\t\t\t\t\t\t<\/div>\n\t\t\t\t<\/div>\n\t\t\t\t<\/div>\n\t\t\t\t\t\t<\/div>\n\t\t\t\t\t<\/div>\n\t\t<\/div>\n\t\t\t\t\t\t\t\t<\/div>\n\t\t\t\t\t<\/div>\n\t\t<\/section>\n\t\t\t\t\t\t<\/div>\n\t\t\t\t\t<\/div>\n\t\t<\/div>\n\t\t\t\t<div class=\"elementor-column elementor-col-25 elementor-top-column elementor-element elementor-element-fcf1083\" data-id=\"fcf1083\" data-element_type=\"column\">\n\t\t\t<div class=\"elementor-column-wrap\">\n\t\t\t\t\t\t\t<div class=\"elementor-widget-wrap\">\n\t\t\t\t\t\t\t\t<\/div>\n\t\t\t\t\t<\/div>\n\t\t<\/div>\n\t\t\t\t\t\t\t\t<\/div>\n\t\t\t\t\t<\/div>\n\t\t<\/footer>\n\t\t\t\t<section class=\"elementor-section elementor-top-section elementor-element elementor-element-4b4446b1 elementor-section-stretched elementor-section-full_width elementor-section-height-default elementor-section-height-default stylepress-section-color-normal\" data-id=\"4b4446b1\" data-element_type=\"section\" data-settings=\"{&quot;stretch_section&quot;:&quot;section-stretched&quot;,&quot;background_background&quot;:&quot;classic&quot;}\">\n\t\t\t\t\t\t<div class=\"elementor-container elementor-column-gap-default\">\n\t\t\t\t\t\t\t<div class=\"elementor-row\">\n\t\t\t\t\t<div class=\"elementor-column elementor-col-100 elementor-top-column elementor-element elementor-element-4a27f03b\" data-id=\"4a27f03b\" data-element_type=\"column\">\n\t\t\t<div class=\"elementor-column-wrap elementor-element-populated\">\n\t\t\t\t\t\t\t<div class=\"elementor-widget-wrap\">\n\t\t\t\t\t\t<div class=\"elementor-element elementor-element-1a6b7692 elementor-invisible elementor-widget elementor-widget-text-editor\" data-id=\"1a6b7692\" data-element_type=\"widget\" data-settings=\"{&quot;_animation&quot;:&quot;fadeInRight&quot;,&quot;_animation_delay&quot;:200}\" data-widget_type=\"text-editor.default\">\n\t\t\t\t<div class=\"elementor-widget-container\">\n\t\t\t\t\t<div class=\"elementor-text-editor elementor-clearfix\"><p style=\"font-size: 13px;\">Dise\u00f1ado y digramado por<a style=\"color: #00a0e5;\" href=\"http:\/\/www.clovergraf.com\/\" target=\"_blank\" rel=\"noopener\">\u00a0www.clovergraf.com <\/a> todos los derechos reservados<\/p><\/div>\n\t\t\t\t<\/div>\n\t\t\t\t<\/div>\n\t\t\t\t\t\t<\/div>\n\t\t\t\t\t<\/div>\n\t\t<\/div>\n\t\t\t\t\t\t\t\t<\/div>\n\t\t\t\t\t<\/div>\n\t\t<\/section>\n\t\t\t\t\t\t<\/div>\n\t\t\t\t\t\t<\/div>\n\t\t\t\t\t<\/div>\n\t\t","protected":false},"excerpt":{"rendered":"<p>HOME SOBRE NOSOTROS EDICIONES NOTICIAS Eventos CONTACTO &nbsp; HOME SOBRE NOSOTROS EDICIONES [&hellip;]<\/p>\n","protected":false},"author":1,"featured_media":24735,"comment_status":"open","ping_status":"open","sticky":false,"template":"elementor_canvas","format":"standard","meta":[],"categories":[35],"tags":[],"yoast_head":"<!-- This site is optimized with the Yoast SEO plugin v14.9 - https:\/\/yoast.com\/wordpress\/plugins\/seo\/ -->\n<title>Inauguran las nuevas rutas de Viva Aerobus desde Medell\u00edn a Ciudad de M\u00e9xico y Canc\u00fan - AeroErmo<\/title>\n<meta name=\"description\" content=\"Nos destacamos por ser la \u00fanica publicaci\u00f3n especializada reconocida en Latinoam\u00e9rica que aborda y proyecta temas de aviaci\u00f3n de manera innovadora y diferente. Nos enfocamos en abarcar \u00e1reas importantes como educaci\u00f3n, reparaciones, mantenimiento, operaciones y actualidad tecnol\u00f3gica, as\u00ed como los \u00faltimos avances asociados al desarrollo del sector en Colombia y el mundo\" \/>\n<meta name=\"robots\" content=\"index, follow, max-snippet:-1, max-image-preview:large, max-video-preview:-1\" \/>\n<link rel=\"canonical\" href=\"https:\/\/www.aeroermo.com\/home\/inauguran-las-nuevas-rutas-de-viva-aerobus-desde-medellin-a-ciudad-de-mexico-y-cancun\/\" \/>\n<meta property=\"og:locale\" content=\"es_ES\" \/>\n<meta property=\"og:type\" content=\"article\" \/>\n<meta property=\"og:title\" content=\"Inauguran las nuevas rutas de Viva Aerobus desde Medell\u00edn a Ciudad de M\u00e9xico y Canc\u00fan - AeroErmo\" \/>\n<meta property=\"og:description\" content=\"Nos destacamos por ser la \u00fanica publicaci\u00f3n especializada reconocida en Latinoam\u00e9rica que aborda y proyecta temas de aviaci\u00f3n de manera innovadora y diferente. Nos enfocamos en abarcar \u00e1reas importantes como educaci\u00f3n, reparaciones, mantenimiento, operaciones y actualidad tecnol\u00f3gica, as\u00ed como los \u00faltimos avances asociados al desarrollo del sector en Colombia y el mundo\" \/>\n<meta property=\"og:url\" content=\"https:\/\/www.aeroermo.com\/home\/inauguran-las-nuevas-rutas-de-viva-aerobus-desde-medellin-a-ciudad-de-mexico-y-cancun\/\" \/>\n<meta property=\"og:site_name\" content=\"AeroErmo\" \/>\n<meta property=\"article:publisher\" content=\"https:\/\/www.facebook.com\/aeroermo\" \/>\n<meta property=\"article:published_time\" content=\"2022-04-08T20:17:44+00:00\" \/>\n<meta property=\"article:modified_time\" content=\"2022-04-12T13:14:18+00:00\" \/>\n<meta property=\"og:image\" content=\"https:\/\/www.aeroermo.com\/home\/wp-content\/uploads\/2022\/04\/Viva-Aerobus-Nuevas-Rutas-Medellin-1.jpg\" \/>\n\t<meta property=\"og:image:width\" content=\"1280\" \/>\n\t<meta property=\"og:image:height\" content=\"854\" \/>\n<meta name=\"twitter:card\" content=\"summary_large_image\" \/>\n<meta name=\"twitter:creator\" content=\"@aeroERMO\" \/>\n<meta name=\"twitter:site\" content=\"@aeroERMO\" \/>\n<script type=\"application\/ld+json\" class=\"yoast-schema-graph\">{\"@context\":\"https:\/\/schema.org\",\"@graph\":[{\"@type\":\"Organization\",\"@id\":\"https:\/\/www.aeroermo.com\/home\/#organization\",\"name\":\"AeroErmo\",\"url\":\"https:\/\/www.aeroermo.com\/home\/\",\"sameAs\":[\"https:\/\/www.facebook.com\/aeroermo\",\"https:\/\/www.instagram.com\/aeroermo\/?hl=es-la\",\"https:\/\/co.linkedin.com\/company\/aeroermo-revista-aeronautica\",\"https:\/\/www.youtube.com\/channel\/UC-m0Xq2ozhHChf7jCH5h9wQ\",\"https:\/\/twitter.com\/aeroERMO\"],\"logo\":{\"@type\":\"ImageObject\",\"@id\":\"https:\/\/www.aeroermo.com\/home\/#logo\",\"inLanguage\":\"es\",\"url\":\"https:\/\/www.aeroermo.com\/home\/wp-content\/uploads\/2018\/11\/Favico.png\",\"width\":71,\"height\":66,\"caption\":\"AeroErmo\"},\"image\":{\"@id\":\"https:\/\/www.aeroermo.com\/home\/#logo\"}},{\"@type\":\"WebSite\",\"@id\":\"https:\/\/www.aeroermo.com\/home\/#website\",\"url\":\"https:\/\/www.aeroermo.com\/home\/\",\"name\":\"AeroErmo\",\"description\":\"\",\"publisher\":{\"@id\":\"https:\/\/www.aeroermo.com\/home\/#organization\"},\"potentialAction\":[{\"@type\":\"SearchAction\",\"target\":\"https:\/\/www.aeroermo.com\/home\/?s={search_term_string}\",\"query-input\":\"required name=search_term_string\"}],\"inLanguage\":\"es\"},{\"@type\":\"ImageObject\",\"@id\":\"https:\/\/www.aeroermo.com\/home\/inauguran-las-nuevas-rutas-de-viva-aerobus-desde-medellin-a-ciudad-de-mexico-y-cancun\/#primaryimage\",\"inLanguage\":\"es\",\"url\":\"https:\/\/www.aeroermo.com\/home\/wp-content\/uploads\/2022\/04\/Viva-Aerobus-Nuevas-Rutas-Medellin-1.jpg\",\"width\":1280,\"height\":854},{\"@type\":\"WebPage\",\"@id\":\"https:\/\/www.aeroermo.com\/home\/inauguran-las-nuevas-rutas-de-viva-aerobus-desde-medellin-a-ciudad-de-mexico-y-cancun\/#webpage\",\"url\":\"https:\/\/www.aeroermo.com\/home\/inauguran-las-nuevas-rutas-de-viva-aerobus-desde-medellin-a-ciudad-de-mexico-y-cancun\/\",\"name\":\"Inauguran las nuevas rutas de Viva Aerobus desde Medell\\u00edn a Ciudad de M\\u00e9xico y Canc\\u00fan - AeroErmo\",\"isPartOf\":{\"@id\":\"https:\/\/www.aeroermo.com\/home\/#website\"},\"primaryImageOfPage\":{\"@id\":\"https:\/\/www.aeroermo.com\/home\/inauguran-las-nuevas-rutas-de-viva-aerobus-desde-medellin-a-ciudad-de-mexico-y-cancun\/#primaryimage\"},\"datePublished\":\"2022-04-08T20:17:44+00:00\",\"dateModified\":\"2022-04-12T13:14:18+00:00\",\"description\":\"Nos destacamos por ser la \\u00fanica publicaci\\u00f3n especializada reconocida en Latinoam\\u00e9rica que aborda y proyecta temas de aviaci\\u00f3n de manera innovadora y diferente. Nos enfocamos en abarcar \\u00e1reas importantes como educaci\\u00f3n, reparaciones, mantenimiento, operaciones y actualidad tecnol\\u00f3gica, as\\u00ed como los \\u00faltimos avances asociados al desarrollo del sector en Colombia y el mundo\",\"inLanguage\":\"es\",\"potentialAction\":[{\"@type\":\"ReadAction\",\"target\":[\"https:\/\/www.aeroermo.com\/home\/inauguran-las-nuevas-rutas-de-viva-aerobus-desde-medellin-a-ciudad-de-mexico-y-cancun\/\"]}]},{\"@type\":\"Article\",\"@id\":\"https:\/\/www.aeroermo.com\/home\/inauguran-las-nuevas-rutas-de-viva-aerobus-desde-medellin-a-ciudad-de-mexico-y-cancun\/#article\",\"isPartOf\":{\"@id\":\"https:\/\/www.aeroermo.com\/home\/inauguran-las-nuevas-rutas-de-viva-aerobus-desde-medellin-a-ciudad-de-mexico-y-cancun\/#webpage\"},\"author\":{\"@id\":\"https:\/\/www.aeroermo.com\/home\/#\/schema\/person\/b63b9ecb3952997d685b86b5a3fd62a6\"},\"headline\":\"Inauguran las nuevas rutas de Viva Aerobus desde Medell\\u00edn a Ciudad de M\\u00e9xico y Canc\\u00fan\",\"datePublished\":\"2022-04-08T20:17:44+00:00\",\"dateModified\":\"2022-04-12T13:14:18+00:00\",\"mainEntityOfPage\":{\"@id\":\"https:\/\/www.aeroermo.com\/home\/inauguran-las-nuevas-rutas-de-viva-aerobus-desde-medellin-a-ciudad-de-mexico-y-cancun\/#webpage\"},\"commentCount\":0,\"publisher\":{\"@id\":\"https:\/\/www.aeroermo.com\/home\/#organization\"},\"image\":{\"@id\":\"https:\/\/www.aeroermo.com\/home\/inauguran-las-nuevas-rutas-de-viva-aerobus-desde-medellin-a-ciudad-de-mexico-y-cancun\/#primaryimage\"},\"inLanguage\":\"es\",\"potentialAction\":[{\"@type\":\"CommentAction\",\"name\":\"Comment\",\"target\":[\"https:\/\/www.aeroermo.com\/home\/inauguran-las-nuevas-rutas-de-viva-aerobus-desde-medellin-a-ciudad-de-mexico-y-cancun\/#respond\"]}]},{\"@type\":\"Person\",\"@id\":\"https:\/\/www.aeroermo.com\/home\/#\/schema\/person\/b63b9ecb3952997d685b86b5a3fd62a6\",\"name\":\"admin\",\"image\":{\"@type\":\"ImageObject\",\"@id\":\"https:\/\/www.aeroermo.com\/home\/#personlogo\",\"inLanguage\":\"es\",\"url\":\"https:\/\/secure.gravatar.com\/avatar\/e7deed9ec09a294c166b87e9eb5b1525?s=96&d=mm&r=g\",\"caption\":\"admin\"}}]}<\/script>\n<!-- \/ Yoast SEO plugin. -->","_links":{"self":[{"href":"https:\/\/www.aeroermo.com\/home\/wp-json\/wp\/v2\/posts\/24713"}],"collection":[{"href":"https:\/\/www.aeroermo.com\/home\/wp-json\/wp\/v2\/posts"}],"about":[{"href":"https:\/\/www.aeroermo.com\/home\/wp-json\/wp\/v2\/types\/post"}],"author":[{"embeddable":true,"href":"https:\/\/www.aeroermo.com\/home\/wp-json\/wp\/v2\/users\/1"}],"replies":[{"embeddable":true,"href":"https:\/\/www.aeroermo.com\/home\/wp-json\/wp\/v2\/comments?post=24713"}],"version-history":[{"count":11,"href":"https:\/\/www.aeroermo.com\/home\/wp-json\/wp\/v2\/posts\/24713\/revisions"}],"predecessor-version":[{"id":24864,"href":"https:\/\/www.aeroermo.com\/home\/wp-json\/wp\/v2\/posts\/24713\/revisions\/24864"}],"wp:featuredmedia":[{"embeddable":true,"href":"https:\/\/www.aeroermo.com\/home\/wp-json\/wp\/v2\/media\/24735"}],"wp:attachment":[{"href":"https:\/\/www.aeroermo.com\/home\/wp-json\/wp\/v2\/media?parent=24713"}],"wp:term":[{"taxonomy":"category","embeddable":true,"href":"https:\/\/www.aeroermo.com\/home\/wp-json\/wp\/v2\/categories?post=24713"},{"taxonomy":"post_tag","embeddable":true,"href":"https:\/\/www.aeroermo.com\/home\/wp-json\/wp\/v2\/tags?post=24713"}],"curies":[{"name":"wp","href":"https:\/\/api.w.org\/{rel}","templated":true}]}}