{"id":24460,"date":"2022-03-08T04:11:33","date_gmt":"2022-03-08T04:11:33","guid":{"rendered":"https:\/\/www.aeroermo.com\/home\/?p=24460"},"modified":"2022-03-08T04:11:37","modified_gmt":"2022-03-08T04:11:37","slug":"embraer-apunta-al-mercado-de-carga-aerea-lanza-las-conversiones-de-pasajeros-a-carga-e190f-y-e195f","status":"publish","type":"post","link":"https:\/\/www.aeroermo.com\/home\/embraer-apunta-al-mercado-de-carga-aerea-lanza-las-conversiones-de-pasajeros-a-carga-e190f-y-e195f\/","title":{"rendered":"Embraer apunta al mercado de carga a\u00e9rea: lanza las conversiones de pasajeros a carga E190F y E195F"},"content":{"rendered":"\t\t<div data-elementor-type=\"wp-post\" data-elementor-id=\"24460\" class=\"elementor elementor-24460\" data-elementor-settings=\"[]\">\n\t\t\t\t\t\t<div class=\"elementor-inner\">\n\t\t\t\t\t\t\t<div class=\"elementor-section-wrap\">\n\t\t\t\t\t\t\t<section class=\"elementor-section elementor-top-section elementor-element elementor-element-61205aa6 elementor-section-boxed elementor-section-height-default elementor-section-height-default stylepress-section-color-normal\" data-id=\"61205aa6\" data-element_type=\"section\">\n\t\t\t\t\t\t<div class=\"elementor-container elementor-column-gap-default\">\n\t\t\t\t\t\t\t<div class=\"elementor-row\">\n\t\t\t\t\t<div class=\"elementor-column elementor-col-100 elementor-top-column elementor-element elementor-element-3ff43fd2\" data-id=\"3ff43fd2\" data-element_type=\"column\">\n\t\t\t<div class=\"elementor-column-wrap elementor-element-populated\">\n\t\t\t\t\t\t\t<div class=\"elementor-widget-wrap\">\n\t\t\t\t\t\t<div class=\"elementor-element elementor-element-62c81770 elementor-widget elementor-widget-text-editor\" data-id=\"62c81770\" data-element_type=\"widget\" data-widget_type=\"text-editor.default\">\n\t\t\t\t<div class=\"elementor-widget-container\">\n\t\t\t\t\t<div class=\"elementor-text-editor elementor-clearfix\"><!-- wp:fl-builder\/layout \/--><\/div>\n\t\t\t\t<\/div>\n\t\t\t\t<\/div>\n\t\t\t\t\t\t<\/div>\n\t\t\t\t\t<\/div>\n\t\t<\/div>\n\t\t\t\t\t\t\t\t<\/div>\n\t\t\t\t\t<\/div>\n\t\t<\/section>\n\t\t\t\t<section class=\"elementor-section elementor-top-section elementor-element elementor-element-4d38451b elementor-section-stretched elementor-section-full_width elementor-hidden-desktop elementor-section-height-default elementor-section-height-default stylepress-section-color-normal\" data-id=\"4d38451b\" data-element_type=\"section\" data-settings=\"{&quot;stretch_section&quot;:&quot;section-stretched&quot;}\">\n\t\t\t\t\t\t<div class=\"elementor-container elementor-column-gap-no\">\n\t\t\t\t\t\t\t<div class=\"elementor-row\">\n\t\t\t\t\t<div class=\"elementor-column elementor-col-100 elementor-top-column elementor-element elementor-element-4cbbc601\" data-id=\"4cbbc601\" data-element_type=\"column\">\n\t\t\t<div class=\"elementor-column-wrap elementor-element-populated\">\n\t\t\t\t\t\t\t<div class=\"elementor-widget-wrap\">\n\t\t\t\t\t\t<div class=\"elementor-element elementor-element-7e7534c6 elementor-widget elementor-widget-image\" data-id=\"7e7534c6\" data-element_type=\"widget\" data-widget_type=\"image.default\">\n\t\t\t\t<div class=\"elementor-widget-container\">\n\t\t\t\t\t<div class=\"elementor-image\">\n\t\t\t\t\t\t\t\t\t\t\t<a href=\"https:\/\/www.aeroermo.com\/home\/\">\n\t\t\t\t\t\t\t<img width=\"974\" height=\"114\" src=\"https:\/\/www.aeroermo.com\/home\/wp-content\/uploads\/2018\/12\/nuvo_logo.png\" class=\"attachment-full size-full\" alt=\"\" loading=\"lazy\" srcset=\"https:\/\/www.aeroermo.com\/home\/wp-content\/uploads\/2018\/12\/nuvo_logo.png 974w, https:\/\/www.aeroermo.com\/home\/wp-content\/uploads\/2018\/12\/nuvo_logo-200x23.png 200w, https:\/\/www.aeroermo.com\/home\/wp-content\/uploads\/2018\/12\/nuvo_logo-300x35.png 300w, https:\/\/www.aeroermo.com\/home\/wp-content\/uploads\/2018\/12\/nuvo_logo-768x90.png 768w\" sizes=\"(max-width: 974px) 100vw, 974px\" \/>\t\t\t\t\t\t\t\t<\/a>\n\t\t\t\t\t\t\t\t\t\t\t<\/div>\n\t\t\t\t<\/div>\n\t\t\t\t<\/div>\n\t\t\t\t\t\t<\/div>\n\t\t\t\t\t<\/div>\n\t\t<\/div>\n\t\t\t\t\t\t\t\t<\/div>\n\t\t\t\t\t<\/div>\n\t\t<\/section>\n\t\t\t\t<header class=\"elementor-section elementor-top-section elementor-element elementor-element-1d75fbaf elementor-section-stretched elementor-section-full_width elementor-section-content-top elementor-hidden-tablet elementor-hidden-phone elementor-section-height-default elementor-section-height-default stylepress-section-color-normal elementor-invisible\" data-id=\"1d75fbaf\" data-element_type=\"section\" id=\"menu-header\" data-settings=\"{&quot;stretch_section&quot;:&quot;section-stretched&quot;,&quot;animation&quot;:&quot;fadeInDown&quot;}\">\n\t\t\t\t\t\t<div class=\"elementor-container elementor-column-gap-no\">\n\t\t\t\t\t\t\t<div class=\"elementor-row\">\n\t\t\t\t\t<header class=\"elementor-column elementor-col-50 elementor-top-column elementor-element elementor-element-7888d4a5\" data-id=\"7888d4a5\" data-element_type=\"column\">\n\t\t\t<div class=\"elementor-column-wrap elementor-element-populated\">\n\t\t\t\t\t\t\t<div class=\"elementor-widget-wrap\">\n\t\t\t\t\t\t<div class=\"elementor-element elementor-element-321fcab8 logoaero elementor-hidden-tablet elementor-hidden-phone elementor-invisible elementor-widget elementor-widget-image\" data-id=\"321fcab8\" data-element_type=\"widget\" data-settings=\"{&quot;_animation&quot;:&quot;fadeInLeft&quot;,&quot;_animation_delay&quot;:200}\" data-widget_type=\"image.default\">\n\t\t\t\t<div class=\"elementor-widget-container\">\n\t\t\t\t\t<div class=\"elementor-image\">\n\t\t\t\t\t\t\t\t\t\t\t<a href=\"https:\/\/www.aeroermo.com\/home\/\">\n\t\t\t\t\t\t\t<img width=\"974\" height=\"114\" src=\"https:\/\/www.aeroermo.com\/home\/wp-content\/uploads\/2022\/02\/new_logo.png\" class=\"attachment-full size-full\" alt=\"\" loading=\"lazy\" srcset=\"https:\/\/www.aeroermo.com\/home\/wp-content\/uploads\/2022\/02\/new_logo.png 974w, https:\/\/www.aeroermo.com\/home\/wp-content\/uploads\/2022\/02\/new_logo-300x35.png 300w, https:\/\/www.aeroermo.com\/home\/wp-content\/uploads\/2022\/02\/new_logo-768x90.png 768w, https:\/\/www.aeroermo.com\/home\/wp-content\/uploads\/2022\/02\/new_logo-830x97.png 830w, https:\/\/www.aeroermo.com\/home\/wp-content\/uploads\/2022\/02\/new_logo-230x27.png 230w, https:\/\/www.aeroermo.com\/home\/wp-content\/uploads\/2022\/02\/new_logo-350x41.png 350w, https:\/\/www.aeroermo.com\/home\/wp-content\/uploads\/2022\/02\/new_logo-480x56.png 480w, https:\/\/www.aeroermo.com\/home\/wp-content\/uploads\/2022\/02\/new_logo-200x23.png 200w\" sizes=\"(max-width: 974px) 100vw, 974px\" \/>\t\t\t\t\t\t\t\t<\/a>\n\t\t\t\t\t\t\t\t\t\t\t<\/div>\n\t\t\t\t<\/div>\n\t\t\t\t<\/div>\n\t\t\t\t\t\t<\/div>\n\t\t\t\t\t<\/div>\n\t\t<\/header>\n\t\t\t\t<div class=\"elementor-column elementor-col-50 elementor-top-column elementor-element elementor-element-2abede4f\" data-id=\"2abede4f\" data-element_type=\"column\">\n\t\t\t<div class=\"elementor-column-wrap elementor-element-populated\">\n\t\t\t\t\t\t\t<div class=\"elementor-widget-wrap\">\n\t\t\t\t\t\t<div class=\"elementor-element elementor-element-6506f27d elementor-hidden-tablet elementor-hidden-phone elementor-invisible elementor-widget elementor-widget-html\" data-id=\"6506f27d\" data-element_type=\"widget\" data-settings=\"{&quot;_animation&quot;:&quot;fadeInRight&quot;,&quot;_animation_delay&quot;:400}\" data-widget_type=\"html.default\">\n\t\t\t\t<div class=\"elementor-widget-container\">\n\t\t\t<div style=\"margin-left:-15px; background-color:black; width:100%; padding\" class=\"menu\">\r\n\t<a style=\"margin-left:300px\" href=\"https:\/\/www.aeroermo.com\/home\/suscribase\/\">\r\n\t    SUSCRIBASE\r\n\t<\/a>\r\n\t<b style=\"color:#0095D9; font-weight: bold;\"> | <\/b>\r\n\t<a href=\"https:\/\/www.aeroermo.com\/home\/wp-admin\">\r\n    <img src=\"https:\/\/www.aeroermo.com\/home\/wp-content\/uploads\/2018\/11\/login-01.png\">INICIAR SESI\u00d3N\r\n\t<\/a> \r\n\t<a style=\"margin-left:100px\" href=\"https:\/\/twitter.com\/aeroermo\" target=\"_blank\">\r\n    <img width=\"15px\" src=\"https:\/\/www.aeroermo.com\/home\/wp-content\/uploads\/2018\/11\/Redes_TW.png\"><\/a>\r\n\t<a href=\"https:\/\/www.instagram.com\/aeroermo\/\" target=\"_blank\">\r\n\t<img width=\"15px\" src=\"https:\/\/www.aeroermo.com\/home\/wp-content\/uploads\/2018\/11\/Redes_IG.png\"><\/a>\r\n\t<a href=\"https:\/\/www.facebook.com\/aeroermo\/\" target=\"_blank\">\r\n\t<img width=\"15px\" src=\"https:\/\/www.aeroermo.com\/home\/wp-content\/uploads\/2018\/11\/Redes_FB.png\"><\/a>\r\n\t<a href=\"https:\/\/www.youtube.com\/user\/Aeroermo\" target=\"_blank\">\r\n\t<img width=\"15px\" src=\"https:\/\/www.aeroermo.com\/home\/wp-content\/uploads\/2018\/11\/Redes_YT.png\"><\/a>\r\n<\/div>\t\t<\/div>\n\t\t\t\t<\/div>\n\t\t\t\t<div class=\"elementor-element elementor-element-21f9b2c elementor-align-left elementor-invisible elementor-widget elementor-widget-default-navmenu\" data-id=\"21f9b2c\" data-element_type=\"widget\" data-settings=\"{&quot;_animation&quot;:&quot;fadeInDown&quot;,&quot;_animation_delay&quot;:400}\" data-widget_type=\"default-navmenu.default\">\n\t\t\t\t<div class=\"elementor-widget-container\">\n\t\t\t<div id=\"elementor-header-primary\" class=\"elementor-header\">\t\t\t<button id=\"elementor-menu-toggle\" class=\"elementor-menu-toggle\"><i class=\"fa fa-navicon\"><\/i><\/button>\n\t\t\t<div id=\"elementor-menu\" class=\"elementor-menu\">\n\t\t\t\n\t\t\t\t<nav itemtype=\"http:\/\/schema.org\/SiteNavigationElement\" itemscope=\"itemscope\" id=\"elementor-navigation\" class=\"elementor-navigation\" role=\"navigation\" aria-label=\"Men\u00fa de Elementor\">\t\t\t\t\n\t\t\t\t<ul id=\"elementor-navmenu\" class=\"elementor-nav-menu\"><li id=\"menu-item-170\" class=\"menu-item menu-item-type-post_type menu-item-object-page menu-item-home menu-item-170\"><a href=\"https:\/\/www.aeroermo.com\/home\/\">HOME<\/a><\/li>\n<li id=\"menu-item-171\" class=\"menu-item menu-item-type-post_type menu-item-object-page menu-item-171\"><a href=\"https:\/\/www.aeroermo.com\/home\/quienes-somos\/\">SOBRE NOSOTROS<\/a><\/li>\n<li id=\"menu-item-167\" class=\"menu-item menu-item-type-post_type menu-item-object-page menu-item-167\"><a href=\"https:\/\/www.aeroermo.com\/home\/nuestras-ediciones\/\">EDICIONES<\/a><\/li>\n<li id=\"menu-item-9076\" class=\"menu-item menu-item-type-post_type menu-item-object-page menu-item-9076\"><a href=\"https:\/\/www.aeroermo.com\/home\/blog\/\">NOTICIAS<\/a><\/li>\n<li id=\"menu-item-1714\" class=\"menu-item menu-item-type-post_type menu-item-object-page menu-item-1714\"><a href=\"https:\/\/www.aeroermo.com\/home\/eventos\/\">Eventos<\/a><\/li>\n<li id=\"menu-item-169\" class=\"menu-item menu-item-type-post_type menu-item-object-page menu-item-169\"><a href=\"https:\/\/www.aeroermo.com\/home\/contacto\/\">CONTACTO<\/a><\/li>\n<li class=\"menu-item wpmenucartli wpmenucart-display-standard menu-item menu-item-type-post_type menu-item-object-page\" id=\"wpmenucartli\"><a class=\"wpmenucart-contents empty-wpmenucart\" style=\"display:none\">&nbsp;<\/a><\/li><\/ul>\t\t\n\t\t\t\t\t\t\t\t<\/nav>\n\t\t\t<\/div>\n\t\t<\/div>\n\t\t\t\t<\/div>\n\t\t\t\t<\/div>\n\t\t\t\t\t\t<\/div>\n\t\t\t\t\t<\/div>\n\t\t<\/div>\n\t\t\t\t\t\t\t\t<\/div>\n\t\t\t\t\t<\/div>\n\t\t<\/header>\n\t\t\t\t<section class=\"elementor-section elementor-top-section elementor-element elementor-element-5b42c5bb elementor-section-stretched stylepress-section-color-dark elementor-hidden-desktop elementor-section-boxed elementor-section-height-default elementor-section-height-default\" data-id=\"5b42c5bb\" data-element_type=\"section\" data-settings=\"{&quot;stretch_section&quot;:&quot;section-stretched&quot;}\">\n\t\t\t\t\t\t<div class=\"elementor-container elementor-column-gap-no\">\n\t\t\t\t\t\t\t<div class=\"elementor-row\">\n\t\t\t\t\t<div class=\"elementor-column elementor-col-100 elementor-top-column elementor-element elementor-element-6e6c761a\" data-id=\"6e6c761a\" data-element_type=\"column\">\n\t\t\t<div class=\"elementor-column-wrap elementor-element-populated\">\n\t\t\t\t\t\t\t<div class=\"elementor-widget-wrap\">\n\t\t\t\t\t\t<div class=\"elementor-element elementor-element-5f1c2f92 elementor-invisible elementor-widget elementor-widget-navmenu-overlay\" data-id=\"5f1c2f92\" data-element_type=\"widget\" data-settings=\"{&quot;_animation&quot;:&quot;fadeInDown&quot;}\" data-widget_type=\"navmenu-overlay.default\">\n\t\t\t\t<div class=\"elementor-widget-container\">\n\t\t\t\t<!--<div class=\"navmenu-overlay\">-->\n\t\t<span id=\"touch-menu\" class=\"mobile-menu\"><span><\/span><\/span>\n\t\t<nav itemtype=\"http:\/\/schema.org\/SiteNavigationElement\" itemscope=\"itemscope\" class=\"overlay-navigation\" role=\"navigation\" aria-label=\"Men\u00fa de Elementor\">\n\t\t\t<ul id=\"menu-menu-principal\" class=\"\"><li class=\"menu-item menu-item-type-post_type menu-item-object-page menu-item-home menu-item-170\"><a href=\"https:\/\/www.aeroermo.com\/home\/\">HOME<\/a><\/li>\n<li class=\"menu-item menu-item-type-post_type menu-item-object-page menu-item-171\"><a href=\"https:\/\/www.aeroermo.com\/home\/quienes-somos\/\">SOBRE NOSOTROS<\/a><\/li>\n<li class=\"menu-item menu-item-type-post_type menu-item-object-page menu-item-167\"><a href=\"https:\/\/www.aeroermo.com\/home\/nuestras-ediciones\/\">EDICIONES<\/a><\/li>\n<li class=\"menu-item menu-item-type-post_type menu-item-object-page menu-item-9076\"><a href=\"https:\/\/www.aeroermo.com\/home\/blog\/\">NOTICIAS<\/a><\/li>\n<li class=\"menu-item menu-item-type-post_type menu-item-object-page menu-item-1714\"><a href=\"https:\/\/www.aeroermo.com\/home\/eventos\/\">Eventos<\/a><\/li>\n<li class=\"menu-item menu-item-type-post_type menu-item-object-page menu-item-169\"><a href=\"https:\/\/www.aeroermo.com\/home\/contacto\/\">CONTACTO<\/a><\/li>\n<li class=\"menu-item wpmenucartli wpmenucart-display-standard menu-item menu-item-type-post_type menu-item-object-page\" id=\"wpmenucartli\"><a class=\"wpmenucart-contents empty-wpmenucart\" style=\"display:none\">&nbsp;<\/a><\/li><\/ul>\t\t<\/nav>\n\t<!--<\/div>-->\n\t\t\t\t<\/div>\n\t\t\t\t<\/div>\n\t\t\t\t<div class=\"elementor-element elementor-element-7543f403 elementor-widget elementor-widget-spacer\" data-id=\"7543f403\" data-element_type=\"widget\" data-widget_type=\"spacer.default\">\n\t\t\t\t<div class=\"elementor-widget-container\">\n\t\t\t\t\t<div class=\"elementor-spacer\">\n\t\t\t<div class=\"elementor-spacer-inner\"><\/div>\n\t\t<\/div>\n\t\t\t\t<\/div>\n\t\t\t\t<\/div>\n\t\t\t\t\t\t<\/div>\n\t\t\t\t\t<\/div>\n\t\t<\/div>\n\t\t\t\t\t\t\t\t<\/div>\n\t\t\t\t\t<\/div>\n\t\t<\/section>\n\t\t\t\t<section class=\"elementor-section elementor-top-section elementor-element elementor-element-6f48e38e elementor-section-boxed elementor-section-height-default elementor-section-height-default stylepress-section-color-normal\" data-id=\"6f48e38e\" data-element_type=\"section\">\n\t\t\t\t\t\t<div class=\"elementor-container elementor-column-gap-default\">\n\t\t\t\t\t\t\t<div class=\"elementor-row\">\n\t\t\t\t\t<div class=\"elementor-column elementor-col-100 elementor-top-column elementor-element elementor-element-79e35c3f\" data-id=\"79e35c3f\" data-element_type=\"column\">\n\t\t\t<div class=\"elementor-column-wrap elementor-element-populated\">\n\t\t\t\t\t\t\t<div class=\"elementor-widget-wrap\">\n\t\t\t\t\t\t<div class=\"elementor-element elementor-element-5791fc1b elementor-invisible elementor-widget elementor-widget-heading\" data-id=\"5791fc1b\" data-element_type=\"widget\" data-settings=\"{&quot;_animation&quot;:&quot;fadeInUp&quot;,&quot;_animation_delay&quot;:300}\" data-widget_type=\"heading.default\">\n\t\t\t\t<div class=\"elementor-widget-container\">\n\t\t\t<h2 class=\"elementor-heading-title elementor-size-default\">Embraer apunta al mercado de carga a\u00e9rea: lanza las conversiones de pasajeros a carga E190F y E195F<\/h2>\t\t<\/div>\n\t\t\t\t<\/div>\n\t\t\t\t<div class=\"elementor-element elementor-element-596c3314 elementor-invisible elementor-widget elementor-widget-image\" data-id=\"596c3314\" data-element_type=\"widget\" data-settings=\"{&quot;_animation&quot;:&quot;fadeInLeft&quot;,&quot;_animation_delay&quot;:300}\" data-widget_type=\"image.default\">\n\t\t\t\t<div class=\"elementor-widget-container\">\n\t\t\t\t\t<div class=\"elementor-image\">\n\t\t\t\t\t\t\t\t\t\t<img width=\"1024\" height=\"675\" src=\"https:\/\/www.aeroermo.com\/home\/wp-content\/uploads\/2022\/03\/Embraer-EJ-F_195_facingLeft-2000x1319-1-1024x675.jpg\" class=\"attachment-large size-large\" alt=\"\" loading=\"lazy\" srcset=\"https:\/\/www.aeroermo.com\/home\/wp-content\/uploads\/2022\/03\/Embraer-EJ-F_195_facingLeft-2000x1319-1-1024x675.jpg 1024w, https:\/\/www.aeroermo.com\/home\/wp-content\/uploads\/2022\/03\/Embraer-EJ-F_195_facingLeft-2000x1319-1-300x198.jpg 300w, https:\/\/www.aeroermo.com\/home\/wp-content\/uploads\/2022\/03\/Embraer-EJ-F_195_facingLeft-2000x1319-1-768x506.jpg 768w, https:\/\/www.aeroermo.com\/home\/wp-content\/uploads\/2022\/03\/Embraer-EJ-F_195_facingLeft-2000x1319-1-1536x1013.jpg 1536w, https:\/\/www.aeroermo.com\/home\/wp-content\/uploads\/2022\/03\/Embraer-EJ-F_195_facingLeft-2000x1319-1-830x547.jpg 830w, https:\/\/www.aeroermo.com\/home\/wp-content\/uploads\/2022\/03\/Embraer-EJ-F_195_facingLeft-2000x1319-1-230x152.jpg 230w, https:\/\/www.aeroermo.com\/home\/wp-content\/uploads\/2022\/03\/Embraer-EJ-F_195_facingLeft-2000x1319-1-350x231.jpg 350w, https:\/\/www.aeroermo.com\/home\/wp-content\/uploads\/2022\/03\/Embraer-EJ-F_195_facingLeft-2000x1319-1-480x317.jpg 480w, https:\/\/www.aeroermo.com\/home\/wp-content\/uploads\/2022\/03\/Embraer-EJ-F_195_facingLeft-2000x1319-1-200x132.jpg 200w, https:\/\/www.aeroermo.com\/home\/wp-content\/uploads\/2022\/03\/Embraer-EJ-F_195_facingLeft-2000x1319-1.jpg 2000w\" sizes=\"(max-width: 1024px) 100vw, 1024px\" \/>\t\t\t\t\t\t\t\t\t\t\t<\/div>\n\t\t\t\t<\/div>\n\t\t\t\t<\/div>\n\t\t\t\t<div class=\"elementor-element elementor-element-fc1480e elementor-widget elementor-widget-spacer\" data-id=\"fc1480e\" data-element_type=\"widget\" data-widget_type=\"spacer.default\">\n\t\t\t\t<div class=\"elementor-widget-container\">\n\t\t\t\t\t<div class=\"elementor-spacer\">\n\t\t\t<div class=\"elementor-spacer-inner\"><\/div>\n\t\t<\/div>\n\t\t\t\t<\/div>\n\t\t\t\t<\/div>\n\t\t\t\t<div class=\"elementor-element elementor-element-6660b70a elementor-widget elementor-widget-text-editor\" data-id=\"6660b70a\" data-element_type=\"widget\" data-widget_type=\"text-editor.default\">\n\t\t\t\t<div class=\"elementor-widget-container\">\n\t\t\t\t\t<div class=\"elementor-text-editor elementor-clearfix\"><p>Desde este lunes 7 de marzo, Embraer ingresa al mercado de carga a\u00e9rea con el lanzamiento de las conversiones de pasajeros a carga (P2F) E190F y E195F. Los cargueros E-Jets est\u00e1n dise\u00f1ados para satisfacer las demandas cambiantes del comercio electr\u00f3nico y el comercio moderno que requieren entregas r\u00e1pidas y operaciones descentralizadas. Embraer ofrece la inigualable econom\u00eda de carga y la flexibilidad que brindan los jets de tama\u00f1o adecuado.<\/p>\n<p><em>\u201cPerfectamente posicionada para llenar el vac\u00edo en el mercado de carga entre los turboh\u00e9lices y los aviones de fuselaje estrecho m\u00e1s grandes, nuestra conversi\u00f3n P2F E-Jet llega al mercado a medida que la demanda de carga a\u00e9rea contin\u00faa despegando, y el comercio electr\u00f3nico y el comercio en general, experimentan una transformaci\u00f3n estructural global\u201d<\/em>, dijo Arjan Meijer, presidente y director ejecutivo de Embraer Commercial Aviation.<\/p>\n<p>La conversi\u00f3n de carga completa est\u00e1 disponible para todos los aviones E190 y E195 de segunda mano, y se espera que entren en servicio a principios de 2024. Embraer ve un mercado para este tama\u00f1o de avi\u00f3n de aproximadamente 700 aviones durante 20 a\u00f1os.<\/p>\n<p>Esta iniciativa surge cuando Embraer aborda tres grandes oportunidades:<\/p>\n<ul>\n<li>Los fuselajes actuales de los aviones cargueros peque\u00f1os de fuselaje angosto son viejos, ineficientes, altamente contaminantes y est\u00e1n dentro de su ventana de retiro;<\/li>\n<li>La transformaci\u00f3n en curso de la intersecci\u00f3n entre el comercio, el comercio y la log\u00edstica ha llevado a una demanda sin precedentes de carga a\u00e9rea en todos los \u00e1mbitos, y m\u00e1s a\u00fan para entregas el mismo d\u00eda y operaciones descentralizadas; la misi\u00f3n perfecta para cargueros del tama\u00f1o de un E-Jet;<\/li>\n<li>Los primeros E-Jets que entraron en servicio hace alrededor de 10 a 15 a\u00f1os ahora est\u00e1n saliendo de arrendamientos a largo plazo y comenzando su ciclo de reemplazo, que continuar\u00e1 durante la pr\u00f3xima d\u00e9cada. La conversi\u00f3n de carga completa extender\u00e1 la vida \u00fatil de los E-Jets m\u00e1s maduros por otros 10 a 15 a\u00f1os y alentar\u00e1 su reemplazo por aviones m\u00e1s eficientes, sostenibles y silenciosos.<\/li>\n<\/ul>\n<p>Las conversiones E-Jet P2F de Embraer ofrecer\u00e1n un rendimiento y una econom\u00eda sorprendentes. El E-Jet Freighter tendr\u00e1 m\u00e1s de un 50 % m\u00e1s de capacidad de volumen, tres veces el alcance de los turbopropulsores de carga grandes y hasta un 30 % menos de costos operativos que los de fuselaje angosto.<\/p>\n<p><em>\u201cLos cargueros a\u00e9reos E-Jet brindar\u00e1n un servicio r\u00e1pido, confiable y rentable a los transportistas, extender\u00e1n la vida \u00fatil de los E-Jets, respaldar\u00e1n los valores de los activos de E-Jets y crear\u00e1n un caso comercial s\u00f3lido que alentar\u00e1 el reemplazo de los anteriores avione,s con aviones de pasajeros modernos y m\u00e1s eficientes\u201d<\/em>, dijo Johann Bordais, presidente y director ejecutivo de Embraer Services and Support. <em>\u201cCon m\u00e1s de 1600 E-Jets entregados en todo el mundo, los clientes de este nuevo segmento de carga se beneficiar\u00e1n de una red de servicios global bien establecida y madura, adem\u00e1s de una cartera integral de productos listos para respaldar sus operaciones desde el primer d\u00eda\u201d<\/em>.<\/p>\n<p>La conversi\u00f3n a carguero se realizar\u00e1 en las instalaciones de Embraer en Brasil e incluye la puerta de carga delantera de la cubierta principal; sistema de manejo de carga; refuerzo de piso; Barrera de Carga R\u00edgida (RCB) \u2013 Barrera 9G con puerta de acceso; sistema de detecci\u00f3n de humo de carga, incluyendo extintores clase \u201cE\u201d en el compartimiento de carga superior; Cambios en el Sistema de Gesti\u00f3n de Aire (refrigeraci\u00f3n, presurizaci\u00f3n, etc.); remoci\u00f3n interior y disposiciones para el transporte de materiales peligrosos. El E190F puede manejar una carga \u00fatil de 23.600 lb (10.700 kg), mientras que el E195F una carga \u00fatil de 27.100 lb (12.300 kg).<\/p>\n<p><strong>Prensa Embraer<\/strong><\/p><\/div>\n\t\t\t\t<\/div>\n\t\t\t\t<\/div>\n\t\t\t\t<div class=\"elementor-element elementor-element-14e5e678 elementor-widget elementor-widget-spacer\" data-id=\"14e5e678\" data-element_type=\"widget\" data-widget_type=\"spacer.default\">\n\t\t\t\t<div class=\"elementor-widget-container\">\n\t\t\t\t\t<div class=\"elementor-spacer\">\n\t\t\t<div class=\"elementor-spacer-inner\"><\/div>\n\t\t<\/div>\n\t\t\t\t<\/div>\n\t\t\t\t<\/div>\n\t\t\t\t\t\t<\/div>\n\t\t\t\t\t<\/div>\n\t\t<\/div>\n\t\t\t\t\t\t\t\t<\/div>\n\t\t\t\t\t<\/div>\n\t\t<\/section>\n\t\t\t\t<footer class=\"elementor-section elementor-top-section elementor-element elementor-element-15a979a2 elementor-section-stretched footerpagina animated-fast elementor-section-boxed elementor-section-height-default elementor-section-height-default stylepress-section-color-normal elementor-invisible\" data-id=\"15a979a2\" data-element_type=\"section\" id=\"footerpagina\" data-settings=\"{&quot;stretch_section&quot;:&quot;section-stretched&quot;,&quot;background_background&quot;:&quot;classic&quot;,&quot;animation&quot;:&quot;fadeInUp&quot;}\">\n\t\t\t\t\t\t<div class=\"elementor-container elementor-column-gap-default\">\n\t\t\t\t\t\t\t<div class=\"elementor-row\">\n\t\t\t\t\t<div class=\"elementor-column elementor-col-25 elementor-top-column elementor-element elementor-element-3302ce60\" data-id=\"3302ce60\" data-element_type=\"column\">\n\t\t\t<div class=\"elementor-column-wrap elementor-element-populated\">\n\t\t\t\t\t\t\t<div class=\"elementor-widget-wrap\">\n\t\t\t\t\t\t<div class=\"elementor-element elementor-element-39ba3518 elementor-widget elementor-widget-spacer\" data-id=\"39ba3518\" data-element_type=\"widget\" data-widget_type=\"spacer.default\">\n\t\t\t\t<div class=\"elementor-widget-container\">\n\t\t\t\t\t<div class=\"elementor-spacer\">\n\t\t\t<div class=\"elementor-spacer-inner\"><\/div>\n\t\t<\/div>\n\t\t\t\t<\/div>\n\t\t\t\t<\/div>\n\t\t\t\t<div class=\"elementor-element elementor-element-14354d1a elementor-invisible elementor-widget elementor-widget-heading\" data-id=\"14354d1a\" data-element_type=\"widget\" data-settings=\"{&quot;_animation&quot;:&quot;zoomIn&quot;,&quot;_animation_delay&quot;:200}\" data-widget_type=\"heading.default\">\n\t\t\t\t<div class=\"elementor-widget-container\">\n\t\t\t<h5 class=\"elementor-heading-title elementor-size-default\">Cont\u00e1ctanos:<\/h5>\t\t<\/div>\n\t\t\t\t<\/div>\n\t\t\t\t<section class=\"elementor-section elementor-inner-section elementor-element elementor-element-68506f5a elementor-section-boxed elementor-section-height-default elementor-section-height-default stylepress-section-color-normal elementor-invisible\" data-id=\"68506f5a\" data-element_type=\"section\" data-settings=\"{&quot;animation&quot;:&quot;fadeInLeft&quot;,&quot;animation_delay&quot;:300}\">\n\t\t\t\t\t\t<div class=\"elementor-container elementor-column-gap-default\">\n\t\t\t\t\t\t\t<div class=\"elementor-row\">\n\t\t\t\t\t<div class=\"elementor-column elementor-col-100 elementor-inner-column elementor-element elementor-element-7e69692c\" data-id=\"7e69692c\" data-element_type=\"column\">\n\t\t\t<div class=\"elementor-column-wrap elementor-element-populated\">\n\t\t\t\t\t\t\t<div class=\"elementor-widget-wrap\">\n\t\t\t\t\t\t<div class=\"elementor-element elementor-element-2d82981b elementor-widget elementor-widget-text-editor\" data-id=\"2d82981b\" data-element_type=\"widget\" data-widget_type=\"text-editor.default\">\n\t\t\t\t<div class=\"elementor-widget-container\">\n\t\t\t\t\t<div class=\"elementor-text-editor elementor-clearfix\"><p>Calle 24B #74-27,<br \/><span style=\"color: #0095d9;\">Bogot\u00e1 \u2013 Colombia<br \/>Tel\u00e9fono:<\/span><br \/>+57 1 4672353<br \/><span style=\"color: #0095d9;\">M\u00f3vil:<\/span><br \/>311 5104038 \/ USA: +1 305 7717007<br \/>Email: info<span style=\"color: #0095d9;\">@<\/span>AeroErmo.com<\/p><\/div>\n\t\t\t\t<\/div>\n\t\t\t\t<\/div>\n\t\t\t\t\t\t<\/div>\n\t\t\t\t\t<\/div>\n\t\t<\/div>\n\t\t\t\t\t\t\t\t<\/div>\n\t\t\t\t\t<\/div>\n\t\t<\/section>\n\t\t\t\t\t\t<\/div>\n\t\t\t\t\t<\/div>\n\t\t<\/div>\n\t\t\t\t<div class=\"elementor-column elementor-col-25 elementor-top-column elementor-element elementor-element-457955c4\" data-id=\"457955c4\" data-element_type=\"column\">\n\t\t\t<div class=\"elementor-column-wrap elementor-element-populated\">\n\t\t\t\t\t\t\t<div class=\"elementor-widget-wrap\">\n\t\t\t\t\t\t<div class=\"elementor-element elementor-element-598ecb0a elementor-widget elementor-widget-spacer\" data-id=\"598ecb0a\" data-element_type=\"widget\" data-widget_type=\"spacer.default\">\n\t\t\t\t<div class=\"elementor-widget-container\">\n\t\t\t\t\t<div class=\"elementor-spacer\">\n\t\t\t<div class=\"elementor-spacer-inner\"><\/div>\n\t\t<\/div>\n\t\t\t\t<\/div>\n\t\t\t\t<\/div>\n\t\t\t\t<div class=\"elementor-element elementor-element-37df47dc elementor-invisible elementor-widget elementor-widget-heading\" data-id=\"37df47dc\" data-element_type=\"widget\" data-settings=\"{&quot;_animation&quot;:&quot;zoomIn&quot;,&quot;_animation_delay&quot;:200}\" data-widget_type=\"heading.default\">\n\t\t\t\t<div class=\"elementor-widget-container\">\n\t\t\t<h5 class=\"elementor-heading-title elementor-size-default\">men\u00fa:<\/h5>\t\t<\/div>\n\t\t\t\t<\/div>\n\t\t\t\t<section class=\"elementor-section elementor-inner-section elementor-element elementor-element-437fadfc elementor-section-boxed elementor-section-height-default elementor-section-height-default stylepress-section-color-normal elementor-invisible\" data-id=\"437fadfc\" data-element_type=\"section\" data-settings=\"{&quot;animation&quot;:&quot;fadeInUp&quot;,&quot;animation_delay&quot;:300}\">\n\t\t\t\t\t\t<div class=\"elementor-container elementor-column-gap-default\">\n\t\t\t\t\t\t\t<div class=\"elementor-row\">\n\t\t\t\t\t<div class=\"elementor-column elementor-col-50 elementor-inner-column elementor-element elementor-element-9ac3380\" data-id=\"9ac3380\" data-element_type=\"column\">\n\t\t\t<div class=\"elementor-column-wrap elementor-element-populated\">\n\t\t\t\t\t\t\t<div class=\"elementor-widget-wrap\">\n\t\t\t\t\t\t<div class=\"elementor-element elementor-element-3e264118 elementor-widget elementor-widget-text-editor\" data-id=\"3e264118\" data-element_type=\"widget\" data-widget_type=\"text-editor.default\">\n\t\t\t\t<div class=\"elementor-widget-container\">\n\t\t\t\t\t<div class=\"elementor-text-editor elementor-clearfix\"><p><a style=\"color: white; font-size: 13px;\" href=\"https:\/\/www.aeroermo.com\/home\/\">HOME<\/a><br \/><a style=\"color: white; font-size: 13px;\" href=\"https:\/\/www.aeroermo.com\/home\/quienes-somos\">SOBRE NOSOTROS<\/a><br \/><a style=\"color: white; font-size: 13px;\" href=\"https:\/\/www.aeroermo.com\/home\/nuestras-ediciones\">EDICIONES<\/a><br \/><a style=\"color: white; font-size: 13px;\" href=\"https:\/\/www.aeroermo.com\/home\/eventos\/\">EVENTOS<\/a><br \/><a style=\"color: white; font-size: 13px;\" href=\"https:\/\/www.aeroermo.com\/home\/media-kit\">MEDIA KIT<\/a><br \/><a style=\"color: white; font-size: 13px;\" href=\"https:\/\/www.aeroermo.com\/home\/contacto\">CONTACTO<\/a><\/p><\/div>\n\t\t\t\t<\/div>\n\t\t\t\t<\/div>\n\t\t\t\t\t\t<\/div>\n\t\t\t\t\t<\/div>\n\t\t<\/div>\n\t\t\t\t<div class=\"elementor-column elementor-col-50 elementor-inner-column elementor-element elementor-element-7ebc822b\" data-id=\"7ebc822b\" data-element_type=\"column\">\n\t\t\t<div class=\"elementor-column-wrap elementor-element-populated\">\n\t\t\t\t\t\t\t<div class=\"elementor-widget-wrap\">\n\t\t\t\t\t\t<div class=\"elementor-element elementor-element-39ed8ba2 elementor-widget elementor-widget-text-editor\" data-id=\"39ed8ba2\" data-element_type=\"widget\" data-widget_type=\"text-editor.default\">\n\t\t\t\t<div class=\"elementor-widget-container\">\n\t\t\t\t\t<div class=\"elementor-text-editor elementor-clearfix\"><p><a style=\"color: white; font-size: 13px;\" href=\"https:\/\/www.aeroermo.com\/home\/blog\">NOTICIAS<\/a><br \/><a style=\"color: white; font-size: 13px;\" href=\"https:\/\/www.aeroermo.com\/home\/media-kit\/\">PUBLICIDAD<\/a><br \/><a style=\"color: white; font-size: 13px;\" href=\"https:\/\/www.aeroermo.com\/home\/suscribase\/\">SUSCRIBASE<\/a><br \/><a style=\"color: white; font-size: 13px;\" href=\"https:\/\/www.aeroermo.com\/home\/wp-admin\">INICIAR SESI\u00d3N<\/a><\/p><\/div>\n\t\t\t\t<\/div>\n\t\t\t\t<\/div>\n\t\t\t\t\t\t<\/div>\n\t\t\t\t\t<\/div>\n\t\t<\/div>\n\t\t\t\t\t\t\t\t<\/div>\n\t\t\t\t\t<\/div>\n\t\t<\/section>\n\t\t\t\t\t\t<\/div>\n\t\t\t\t\t<\/div>\n\t\t<\/div>\n\t\t\t\t<div class=\"elementor-column elementor-col-25 elementor-top-column elementor-element elementor-element-66d00798\" data-id=\"66d00798\" data-element_type=\"column\">\n\t\t\t<div class=\"elementor-column-wrap elementor-element-populated\">\n\t\t\t\t\t\t\t<div class=\"elementor-widget-wrap\">\n\t\t\t\t\t\t<div class=\"elementor-element elementor-element-2b63e58 elementor-widget elementor-widget-spacer\" data-id=\"2b63e58\" data-element_type=\"widget\" data-widget_type=\"spacer.default\">\n\t\t\t\t<div class=\"elementor-widget-container\">\n\t\t\t\t\t<div class=\"elementor-spacer\">\n\t\t\t<div class=\"elementor-spacer-inner\"><\/div>\n\t\t<\/div>\n\t\t\t\t<\/div>\n\t\t\t\t<\/div>\n\t\t\t\t<section class=\"elementor-section elementor-inner-section elementor-element elementor-element-1645bfe3 elementor-section-content-top elementor-hidden-tablet elementor-hidden-phone elementor-section-boxed elementor-section-height-default elementor-section-height-default stylepress-section-color-normal elementor-invisible\" data-id=\"1645bfe3\" data-element_type=\"section\" data-settings=\"{&quot;animation&quot;:&quot;bounceIn&quot;,&quot;animation_delay&quot;:300}\">\n\t\t\t\t\t\t<div class=\"elementor-container elementor-column-gap-narrow\">\n\t\t\t\t\t\t\t<div class=\"elementor-row\">\n\t\t\t\t\t<div class=\"elementor-column elementor-col-100 elementor-inner-column elementor-element elementor-element-cbb5e6c\" data-id=\"cbb5e6c\" data-element_type=\"column\">\n\t\t\t<div class=\"elementor-column-wrap elementor-element-populated\">\n\t\t\t\t\t\t\t<div class=\"elementor-widget-wrap\">\n\t\t\t\t\t\t<div class=\"elementor-element elementor-element-11d6052b elementor-hidden-tablet elementor-hidden-phone elementor-invisible elementor-widget elementor-widget-heading\" data-id=\"11d6052b\" data-element_type=\"widget\" data-settings=\"{&quot;_animation&quot;:&quot;zoomIn&quot;,&quot;_animation_delay&quot;:200}\" data-widget_type=\"heading.default\">\n\t\t\t\t<div class=\"elementor-widget-container\">\n\t\t\t<h5 class=\"elementor-heading-title elementor-size-default\">VISITA NUESTRAS REDES:<\/h5>\t\t<\/div>\n\t\t\t\t<\/div>\n\t\t\t\t\t\t<\/div>\n\t\t\t\t\t<\/div>\n\t\t<\/div>\n\t\t\t\t\t\t\t\t<\/div>\n\t\t\t\t\t<\/div>\n\t\t<\/section>\n\t\t\t\t<section class=\"elementor-section elementor-inner-section elementor-element elementor-element-673c6ff elementor-section-content-top elementor-hidden-tablet elementor-hidden-phone elementor-section-boxed elementor-section-height-default elementor-section-height-default stylepress-section-color-normal elementor-invisible\" data-id=\"673c6ff\" data-element_type=\"section\" data-settings=\"{&quot;animation&quot;:&quot;bounceIn&quot;,&quot;animation_delay&quot;:300}\">\n\t\t\t\t\t\t<div class=\"elementor-container elementor-column-gap-no\">\n\t\t\t\t\t\t\t<div class=\"elementor-row\">\n\t\t\t\t\t<div class=\"elementor-column elementor-col-25 elementor-inner-column elementor-element elementor-element-1e4d7eae\" data-id=\"1e4d7eae\" data-element_type=\"column\">\n\t\t\t<div class=\"elementor-column-wrap elementor-element-populated\">\n\t\t\t\t\t\t\t<div class=\"elementor-widget-wrap\">\n\t\t\t\t\t\t<div class=\"elementor-element elementor-element-4b918bf7 elementor-widget elementor-widget-image\" data-id=\"4b918bf7\" data-element_type=\"widget\" data-widget_type=\"image.default\">\n\t\t\t\t<div class=\"elementor-widget-container\">\n\t\t\t\t\t<div class=\"elementor-image\">\n\t\t\t\t\t\t\t\t\t\t\t<a href=\"https:\/\/twitter.com\/aeroermo\" target=\"_blank\">\n\t\t\t\t\t\t\t<img src=\"https:\/\/www.aeroermo.com\/home\/wp-content\/uploads\/elementor\/thumbs\/tw-pn0vbuyzypymd5b7rnx284wb2frrx5sds9qshw0ygk.png\" title=\"tw\" alt=\"tw\" \/>\t\t\t\t\t\t\t\t<\/a>\n\t\t\t\t\t\t\t\t\t\t\t<\/div>\n\t\t\t\t<\/div>\n\t\t\t\t<\/div>\n\t\t\t\t\t\t<\/div>\n\t\t\t\t\t<\/div>\n\t\t<\/div>\n\t\t\t\t<div class=\"elementor-column elementor-col-25 elementor-inner-column elementor-element elementor-element-6f371bd9\" data-id=\"6f371bd9\" data-element_type=\"column\">\n\t\t\t<div class=\"elementor-column-wrap elementor-element-populated\">\n\t\t\t\t\t\t\t<div class=\"elementor-widget-wrap\">\n\t\t\t\t\t\t<div class=\"elementor-element elementor-element-42291915 elementor-widget elementor-widget-image\" data-id=\"42291915\" data-element_type=\"widget\" data-widget_type=\"image.default\">\n\t\t\t\t<div class=\"elementor-widget-container\">\n\t\t\t\t\t<div class=\"elementor-image\">\n\t\t\t\t\t\t\t\t\t\t\t<a href=\"https:\/\/www.instagram.com\/aeroermo\/\" target=\"_blank\">\n\t\t\t\t\t\t\t<img src=\"https:\/\/www.aeroermo.com\/home\/wp-content\/uploads\/elementor\/thumbs\/ig-pn0vbu15rvxc1jckx5ifnn4uh1wepgong53b0m2cms.png\" title=\"ig\" alt=\"ig\" \/>\t\t\t\t\t\t\t\t<\/a>\n\t\t\t\t\t\t\t\t\t\t\t<\/div>\n\t\t\t\t<\/div>\n\t\t\t\t<\/div>\n\t\t\t\t\t\t<\/div>\n\t\t\t\t\t<\/div>\n\t\t<\/div>\n\t\t\t\t<div class=\"elementor-column elementor-col-25 elementor-inner-column elementor-element elementor-element-7284c79\" data-id=\"7284c79\" data-element_type=\"column\">\n\t\t\t<div class=\"elementor-column-wrap elementor-element-populated\">\n\t\t\t\t\t\t\t<div class=\"elementor-widget-wrap\">\n\t\t\t\t\t\t<div class=\"elementor-element elementor-element-de22957 elementor-widget elementor-widget-image\" data-id=\"de22957\" data-element_type=\"widget\" data-widget_type=\"image.default\">\n\t\t\t\t<div class=\"elementor-widget-container\">\n\t\t\t\t\t<div class=\"elementor-image\">\n\t\t\t\t\t\t\t\t\t\t\t<a href=\"https:\/\/www.facebook.com\/aeroermo\/\" target=\"_blank\">\n\t\t\t\t\t\t\t<img src=\"https:\/\/www.aeroermo.com\/home\/wp-content\/uploads\/elementor\/thumbs\/fb-pn0vbs5he7urebfb84p6inlxaa5oa2h6rvsc2254z8.png\" title=\"fb\" alt=\"fb\" \/>\t\t\t\t\t\t\t\t<\/a>\n\t\t\t\t\t\t\t\t\t\t\t<\/div>\n\t\t\t\t<\/div>\n\t\t\t\t<\/div>\n\t\t\t\t\t\t<\/div>\n\t\t\t\t\t<\/div>\n\t\t<\/div>\n\t\t\t\t<div class=\"elementor-column elementor-col-25 elementor-inner-column elementor-element elementor-element-786b3764\" data-id=\"786b3764\" data-element_type=\"column\">\n\t\t\t<div class=\"elementor-column-wrap elementor-element-populated\">\n\t\t\t\t\t\t\t<div class=\"elementor-widget-wrap\">\n\t\t\t\t\t\t<div class=\"elementor-element elementor-element-6ce77c8d elementor-widget elementor-widget-image\" data-id=\"6ce77c8d\" data-element_type=\"widget\" data-widget_type=\"image.default\">\n\t\t\t\t<div class=\"elementor-widget-container\">\n\t\t\t\t\t<div class=\"elementor-image\">\n\t\t\t\t\t\t\t\t\t\t\t<a href=\"https:\/\/www.youtube.com\/user\/Aeroermo\" target=\"_blank\">\n\t\t\t\t\t\t\t<img src=\"https:\/\/www.aeroermo.com\/home\/wp-content\/uploads\/elementor\/thumbs\/yt-pn0vbwuoce170d8hgoqbd4f897iicjzugj1rgfy644.png\" title=\"yt\" alt=\"yt\" \/>\t\t\t\t\t\t\t\t<\/a>\n\t\t\t\t\t\t\t\t\t\t\t<\/div>\n\t\t\t\t<\/div>\n\t\t\t\t<\/div>\n\t\t\t\t\t\t<\/div>\n\t\t\t\t\t<\/div>\n\t\t<\/div>\n\t\t\t\t\t\t\t\t<\/div>\n\t\t\t\t\t<\/div>\n\t\t<\/section>\n\t\t\t\t\t\t<\/div>\n\t\t\t\t\t<\/div>\n\t\t<\/div>\n\t\t\t\t<div class=\"elementor-column elementor-col-25 elementor-top-column elementor-element elementor-element-72cf5eab\" data-id=\"72cf5eab\" data-element_type=\"column\">\n\t\t\t<div class=\"elementor-column-wrap\">\n\t\t\t\t\t\t\t<div class=\"elementor-widget-wrap\">\n\t\t\t\t\t\t\t\t<\/div>\n\t\t\t\t\t<\/div>\n\t\t<\/div>\n\t\t\t\t\t\t\t\t<\/div>\n\t\t\t\t\t<\/div>\n\t\t<\/footer>\n\t\t\t\t<section class=\"elementor-section elementor-top-section elementor-element elementor-element-3c2a6d83 elementor-section-stretched elementor-section-full_width elementor-section-height-default elementor-section-height-default stylepress-section-color-normal\" data-id=\"3c2a6d83\" data-element_type=\"section\" data-settings=\"{&quot;stretch_section&quot;:&quot;section-stretched&quot;,&quot;background_background&quot;:&quot;classic&quot;}\">\n\t\t\t\t\t\t<div class=\"elementor-container elementor-column-gap-default\">\n\t\t\t\t\t\t\t<div class=\"elementor-row\">\n\t\t\t\t\t<div class=\"elementor-column elementor-col-100 elementor-top-column elementor-element elementor-element-4361fa9\" data-id=\"4361fa9\" data-element_type=\"column\">\n\t\t\t<div class=\"elementor-column-wrap elementor-element-populated\">\n\t\t\t\t\t\t\t<div class=\"elementor-widget-wrap\">\n\t\t\t\t\t\t<div class=\"elementor-element elementor-element-2d5b97e6 elementor-invisible elementor-widget elementor-widget-text-editor\" data-id=\"2d5b97e6\" data-element_type=\"widget\" data-settings=\"{&quot;_animation&quot;:&quot;fadeInRight&quot;,&quot;_animation_delay&quot;:200}\" data-widget_type=\"text-editor.default\">\n\t\t\t\t<div class=\"elementor-widget-container\">\n\t\t\t\t\t<div class=\"elementor-text-editor elementor-clearfix\"><p style=\"font-size: 13px;\">Dise\u00f1ado y digramado por<a style=\"color: #00a0e5;\" href=\"http:\/\/www.clovergraf.com\/\" target=\"_blank\" rel=\"noopener\">\u00a0www.clovergraf.com <\/a> todos los derechos reservados<\/p><\/div>\n\t\t\t\t<\/div>\n\t\t\t\t<\/div>\n\t\t\t\t\t\t<\/div>\n\t\t\t\t\t<\/div>\n\t\t<\/div>\n\t\t\t\t\t\t\t\t<\/div>\n\t\t\t\t\t<\/div>\n\t\t<\/section>\n\t\t\t\t\t\t<\/div>\n\t\t\t\t\t\t<\/div>\n\t\t\t\t\t<\/div>\n\t\t","protected":false},"excerpt":{"rendered":"<p>SUSCRIBASE | INICIAR SESI\u00d3N HOME SOBRE NOSOTROS EDICIONES NOTICIAS Eventos CONTACTO &nbsp; [&hellip;]<\/p>\n","protected":false},"author":1,"featured_media":24462,"comment_status":"open","ping_status":"open","sticky":false,"template":"elementor_canvas","format":"standard","meta":[],"categories":[35],"tags":[],"yoast_head":"<!-- This site is optimized with the Yoast SEO plugin v14.9 - https:\/\/yoast.com\/wordpress\/plugins\/seo\/ -->\n<title>Embraer apunta al mercado de carga a\u00e9rea: lanza las conversiones de pasajeros a carga E190F y E195F - AeroErmo<\/title>\n<meta name=\"description\" content=\"Nos destacamos por ser la \u00fanica publicaci\u00f3n especializada reconocida en Latinoam\u00e9rica que aborda y proyecta temas de aviaci\u00f3n de manera innovadora y diferente. Nos enfocamos en abarcar \u00e1reas importantes como educaci\u00f3n, reparaciones, mantenimiento, operaciones y actualidad tecnol\u00f3gica, as\u00ed como los \u00faltimos avances asociados al desarrollo del sector en Colombia y el mundo\" \/>\n<meta name=\"robots\" content=\"index, follow, max-snippet:-1, max-image-preview:large, max-video-preview:-1\" \/>\n<link rel=\"canonical\" href=\"https:\/\/www.aeroermo.com\/home\/embraer-apunta-al-mercado-de-carga-aerea-lanza-las-conversiones-de-pasajeros-a-carga-e190f-y-e195f\/\" \/>\n<meta property=\"og:locale\" content=\"es_ES\" \/>\n<meta property=\"og:type\" content=\"article\" \/>\n<meta property=\"og:title\" content=\"Embraer apunta al mercado de carga a\u00e9rea: lanza las conversiones de pasajeros a carga E190F y E195F - AeroErmo\" \/>\n<meta property=\"og:description\" content=\"Nos destacamos por ser la \u00fanica publicaci\u00f3n especializada reconocida en Latinoam\u00e9rica que aborda y proyecta temas de aviaci\u00f3n de manera innovadora y diferente. Nos enfocamos en abarcar \u00e1reas importantes como educaci\u00f3n, reparaciones, mantenimiento, operaciones y actualidad tecnol\u00f3gica, as\u00ed como los \u00faltimos avances asociados al desarrollo del sector en Colombia y el mundo\" \/>\n<meta property=\"og:url\" content=\"https:\/\/www.aeroermo.com\/home\/embraer-apunta-al-mercado-de-carga-aerea-lanza-las-conversiones-de-pasajeros-a-carga-e190f-y-e195f\/\" \/>\n<meta property=\"og:site_name\" content=\"AeroErmo\" \/>\n<meta property=\"article:publisher\" content=\"https:\/\/www.facebook.com\/aeroermo\" \/>\n<meta property=\"article:published_time\" content=\"2022-03-08T04:11:33+00:00\" \/>\n<meta property=\"article:modified_time\" content=\"2022-03-08T04:11:37+00:00\" \/>\n<meta property=\"og:image\" content=\"https:\/\/www.aeroermo.com\/home\/wp-content\/uploads\/2022\/03\/Embraer-EJ-F_195_facingLeft-2000x1319-1.jpg\" \/>\n\t<meta property=\"og:image:width\" content=\"2000\" \/>\n\t<meta property=\"og:image:height\" content=\"1319\" \/>\n<meta name=\"twitter:card\" content=\"summary_large_image\" \/>\n<meta name=\"twitter:creator\" content=\"@aeroERMO\" \/>\n<meta name=\"twitter:site\" content=\"@aeroERMO\" \/>\n<script type=\"application\/ld+json\" class=\"yoast-schema-graph\">{\"@context\":\"https:\/\/schema.org\",\"@graph\":[{\"@type\":\"Organization\",\"@id\":\"https:\/\/www.aeroermo.com\/home\/#organization\",\"name\":\"AeroErmo\",\"url\":\"https:\/\/www.aeroermo.com\/home\/\",\"sameAs\":[\"https:\/\/www.facebook.com\/aeroermo\",\"https:\/\/www.instagram.com\/aeroermo\/?hl=es-la\",\"https:\/\/co.linkedin.com\/company\/aeroermo-revista-aeronautica\",\"https:\/\/www.youtube.com\/channel\/UC-m0Xq2ozhHChf7jCH5h9wQ\",\"https:\/\/twitter.com\/aeroERMO\"],\"logo\":{\"@type\":\"ImageObject\",\"@id\":\"https:\/\/www.aeroermo.com\/home\/#logo\",\"inLanguage\":\"es\",\"url\":\"https:\/\/www.aeroermo.com\/home\/wp-content\/uploads\/2018\/11\/Favico.png\",\"width\":71,\"height\":66,\"caption\":\"AeroErmo\"},\"image\":{\"@id\":\"https:\/\/www.aeroermo.com\/home\/#logo\"}},{\"@type\":\"WebSite\",\"@id\":\"https:\/\/www.aeroermo.com\/home\/#website\",\"url\":\"https:\/\/www.aeroermo.com\/home\/\",\"name\":\"AeroErmo\",\"description\":\"\",\"publisher\":{\"@id\":\"https:\/\/www.aeroermo.com\/home\/#organization\"},\"potentialAction\":[{\"@type\":\"SearchAction\",\"target\":\"https:\/\/www.aeroermo.com\/home\/?s={search_term_string}\",\"query-input\":\"required name=search_term_string\"}],\"inLanguage\":\"es\"},{\"@type\":\"ImageObject\",\"@id\":\"https:\/\/www.aeroermo.com\/home\/embraer-apunta-al-mercado-de-carga-aerea-lanza-las-conversiones-de-pasajeros-a-carga-e190f-y-e195f\/#primaryimage\",\"inLanguage\":\"es\",\"url\":\"https:\/\/www.aeroermo.com\/home\/wp-content\/uploads\/2022\/03\/Embraer-EJ-F_195_facingLeft-2000x1319-1.jpg\",\"width\":2000,\"height\":1319},{\"@type\":\"WebPage\",\"@id\":\"https:\/\/www.aeroermo.com\/home\/embraer-apunta-al-mercado-de-carga-aerea-lanza-las-conversiones-de-pasajeros-a-carga-e190f-y-e195f\/#webpage\",\"url\":\"https:\/\/www.aeroermo.com\/home\/embraer-apunta-al-mercado-de-carga-aerea-lanza-las-conversiones-de-pasajeros-a-carga-e190f-y-e195f\/\",\"name\":\"Embraer apunta al mercado de carga a\\u00e9rea: lanza las conversiones de pasajeros a carga E190F y E195F - AeroErmo\",\"isPartOf\":{\"@id\":\"https:\/\/www.aeroermo.com\/home\/#website\"},\"primaryImageOfPage\":{\"@id\":\"https:\/\/www.aeroermo.com\/home\/embraer-apunta-al-mercado-de-carga-aerea-lanza-las-conversiones-de-pasajeros-a-carga-e190f-y-e195f\/#primaryimage\"},\"datePublished\":\"2022-03-08T04:11:33+00:00\",\"dateModified\":\"2022-03-08T04:11:37+00:00\",\"description\":\"Nos destacamos por ser la \\u00fanica publicaci\\u00f3n especializada reconocida en Latinoam\\u00e9rica que aborda y proyecta temas de aviaci\\u00f3n de manera innovadora y diferente. Nos enfocamos en abarcar \\u00e1reas importantes como educaci\\u00f3n, reparaciones, mantenimiento, operaciones y actualidad tecnol\\u00f3gica, as\\u00ed como los \\u00faltimos avances asociados al desarrollo del sector en Colombia y el mundo\",\"inLanguage\":\"es\",\"potentialAction\":[{\"@type\":\"ReadAction\",\"target\":[\"https:\/\/www.aeroermo.com\/home\/embraer-apunta-al-mercado-de-carga-aerea-lanza-las-conversiones-de-pasajeros-a-carga-e190f-y-e195f\/\"]}]},{\"@type\":\"Article\",\"@id\":\"https:\/\/www.aeroermo.com\/home\/embraer-apunta-al-mercado-de-carga-aerea-lanza-las-conversiones-de-pasajeros-a-carga-e190f-y-e195f\/#article\",\"isPartOf\":{\"@id\":\"https:\/\/www.aeroermo.com\/home\/embraer-apunta-al-mercado-de-carga-aerea-lanza-las-conversiones-de-pasajeros-a-carga-e190f-y-e195f\/#webpage\"},\"author\":{\"@id\":\"https:\/\/www.aeroermo.com\/home\/#\/schema\/person\/b63b9ecb3952997d685b86b5a3fd62a6\"},\"headline\":\"Embraer apunta al mercado de carga a\\u00e9rea: lanza las conversiones de pasajeros a carga E190F y E195F\",\"datePublished\":\"2022-03-08T04:11:33+00:00\",\"dateModified\":\"2022-03-08T04:11:37+00:00\",\"mainEntityOfPage\":{\"@id\":\"https:\/\/www.aeroermo.com\/home\/embraer-apunta-al-mercado-de-carga-aerea-lanza-las-conversiones-de-pasajeros-a-carga-e190f-y-e195f\/#webpage\"},\"commentCount\":0,\"publisher\":{\"@id\":\"https:\/\/www.aeroermo.com\/home\/#organization\"},\"image\":{\"@id\":\"https:\/\/www.aeroermo.com\/home\/embraer-apunta-al-mercado-de-carga-aerea-lanza-las-conversiones-de-pasajeros-a-carga-e190f-y-e195f\/#primaryimage\"},\"inLanguage\":\"es\",\"potentialAction\":[{\"@type\":\"CommentAction\",\"name\":\"Comment\",\"target\":[\"https:\/\/www.aeroermo.com\/home\/embraer-apunta-al-mercado-de-carga-aerea-lanza-las-conversiones-de-pasajeros-a-carga-e190f-y-e195f\/#respond\"]}]},{\"@type\":\"Person\",\"@id\":\"https:\/\/www.aeroermo.com\/home\/#\/schema\/person\/b63b9ecb3952997d685b86b5a3fd62a6\",\"name\":\"admin\",\"image\":{\"@type\":\"ImageObject\",\"@id\":\"https:\/\/www.aeroermo.com\/home\/#personlogo\",\"inLanguage\":\"es\",\"url\":\"https:\/\/secure.gravatar.com\/avatar\/e7deed9ec09a294c166b87e9eb5b1525?s=96&d=mm&r=g\",\"caption\":\"admin\"}}]}<\/script>\n<!-- \/ Yoast SEO plugin. -->","_links":{"self":[{"href":"https:\/\/www.aeroermo.com\/home\/wp-json\/wp\/v2\/posts\/24460"}],"collection":[{"href":"https:\/\/www.aeroermo.com\/home\/wp-json\/wp\/v2\/posts"}],"about":[{"href":"https:\/\/www.aeroermo.com\/home\/wp-json\/wp\/v2\/types\/post"}],"author":[{"embeddable":true,"href":"https:\/\/www.aeroermo.com\/home\/wp-json\/wp\/v2\/users\/1"}],"replies":[{"embeddable":true,"href":"https:\/\/www.aeroermo.com\/home\/wp-json\/wp\/v2\/comments?post=24460"}],"version-history":[{"count":4,"href":"https:\/\/www.aeroermo.com\/home\/wp-json\/wp\/v2\/posts\/24460\/revisions"}],"predecessor-version":[{"id":24465,"href":"https:\/\/www.aeroermo.com\/home\/wp-json\/wp\/v2\/posts\/24460\/revisions\/24465"}],"wp:featuredmedia":[{"embeddable":true,"href":"https:\/\/www.aeroermo.com\/home\/wp-json\/wp\/v2\/media\/24462"}],"wp:attachment":[{"href":"https:\/\/www.aeroermo.com\/home\/wp-json\/wp\/v2\/media?parent=24460"}],"wp:term":[{"taxonomy":"category","embeddable":true,"href":"https:\/\/www.aeroermo.com\/home\/wp-json\/wp\/v2\/categories?post=24460"},{"taxonomy":"post_tag","embeddable":true,"href":"https:\/\/www.aeroermo.com\/home\/wp-json\/wp\/v2\/tags?post=24460"}],"curies":[{"name":"wp","href":"https:\/\/api.w.org\/{rel}","templated":true}]}}