{"id":22838,"date":"2022-01-26T22:04:40","date_gmt":"2022-01-26T22:04:40","guid":{"rendered":"https:\/\/www.aeroermo.com\/home\/?p=22838"},"modified":"2022-01-26T22:06:22","modified_gmt":"2022-01-26T22:06:22","slug":"latam-inicio-el-ano-aterrizando-en-neiva","status":"publish","type":"post","link":"https:\/\/www.aeroermo.com\/home\/latam-inicio-el-ano-aterrizando-en-neiva\/","title":{"rendered":"LATAM inici\u00f3 el a\u00f1o aterrizando en Neiva"},"content":{"rendered":"\t\t<div data-elementor-type=\"wp-post\" data-elementor-id=\"22838\" class=\"elementor elementor-22838\" data-elementor-settings=\"[]\">\n\t\t\t\t\t\t<div class=\"elementor-inner\">\n\t\t\t\t\t\t\t<div class=\"elementor-section-wrap\">\n\t\t\t\t\t\t\t<section class=\"elementor-section elementor-top-section elementor-element elementor-element-48fe4dee elementor-section-boxed elementor-section-height-default elementor-section-height-default stylepress-section-color-normal\" data-id=\"48fe4dee\" data-element_type=\"section\">\n\t\t\t\t\t\t<div class=\"elementor-container elementor-column-gap-default\">\n\t\t\t\t\t\t\t<div class=\"elementor-row\">\n\t\t\t\t\t<div class=\"elementor-column elementor-col-100 elementor-top-column elementor-element elementor-element-4895d2c4\" data-id=\"4895d2c4\" data-element_type=\"column\">\n\t\t\t<div class=\"elementor-column-wrap elementor-element-populated\">\n\t\t\t\t\t\t\t<div class=\"elementor-widget-wrap\">\n\t\t\t\t\t\t<div class=\"elementor-element elementor-element-7f761132 elementor-widget elementor-widget-text-editor\" data-id=\"7f761132\" data-element_type=\"widget\" data-widget_type=\"text-editor.default\">\n\t\t\t\t<div class=\"elementor-widget-container\">\n\t\t\t\t\t<div class=\"elementor-text-editor elementor-clearfix\"><!-- wp:fl-builder\/layout \/--><\/div>\n\t\t\t\t<\/div>\n\t\t\t\t<\/div>\n\t\t\t\t\t\t<\/div>\n\t\t\t\t\t<\/div>\n\t\t<\/div>\n\t\t\t\t\t\t\t\t<\/div>\n\t\t\t\t\t<\/div>\n\t\t<\/section>\n\t\t\t\t<section class=\"elementor-section elementor-top-section elementor-element elementor-element-12718bd3 elementor-section-stretched elementor-section-full_width elementor-hidden-desktop elementor-section-height-default elementor-section-height-default stylepress-section-color-normal\" data-id=\"12718bd3\" data-element_type=\"section\" data-settings=\"{&quot;stretch_section&quot;:&quot;section-stretched&quot;}\">\n\t\t\t\t\t\t<div class=\"elementor-container elementor-column-gap-no\">\n\t\t\t\t\t\t\t<div class=\"elementor-row\">\n\t\t\t\t\t<div class=\"elementor-column elementor-col-100 elementor-top-column elementor-element elementor-element-35ff2fad\" data-id=\"35ff2fad\" data-element_type=\"column\">\n\t\t\t<div class=\"elementor-column-wrap elementor-element-populated\">\n\t\t\t\t\t\t\t<div class=\"elementor-widget-wrap\">\n\t\t\t\t\t\t<div class=\"elementor-element elementor-element-3a17d0ac elementor-widget elementor-widget-image\" data-id=\"3a17d0ac\" data-element_type=\"widget\" data-widget_type=\"image.default\">\n\t\t\t\t<div class=\"elementor-widget-container\">\n\t\t\t\t\t<div class=\"elementor-image\">\n\t\t\t\t\t\t\t\t\t\t\t<a href=\"https:\/\/www.aeroermo.com\/home\/\">\n\t\t\t\t\t\t\t<img width=\"974\" height=\"114\" src=\"https:\/\/www.aeroermo.com\/home\/wp-content\/uploads\/2018\/12\/nuvo_logo.png\" class=\"attachment-full size-full\" alt=\"\" loading=\"lazy\" srcset=\"https:\/\/www.aeroermo.com\/home\/wp-content\/uploads\/2018\/12\/nuvo_logo.png 974w, https:\/\/www.aeroermo.com\/home\/wp-content\/uploads\/2018\/12\/nuvo_logo-200x23.png 200w, https:\/\/www.aeroermo.com\/home\/wp-content\/uploads\/2018\/12\/nuvo_logo-300x35.png 300w, https:\/\/www.aeroermo.com\/home\/wp-content\/uploads\/2018\/12\/nuvo_logo-768x90.png 768w\" sizes=\"(max-width: 974px) 100vw, 974px\" \/>\t\t\t\t\t\t\t\t<\/a>\n\t\t\t\t\t\t\t\t\t\t\t<\/div>\n\t\t\t\t<\/div>\n\t\t\t\t<\/div>\n\t\t\t\t\t\t<\/div>\n\t\t\t\t\t<\/div>\n\t\t<\/div>\n\t\t\t\t\t\t\t\t<\/div>\n\t\t\t\t\t<\/div>\n\t\t<\/section>\n\t\t\t\t<header class=\"elementor-section elementor-top-section elementor-element elementor-element-27982647 elementor-section-stretched elementor-section-full_width elementor-section-content-top elementor-hidden-tablet elementor-hidden-phone elementor-section-height-default elementor-section-height-default stylepress-section-color-normal elementor-invisible\" data-id=\"27982647\" data-element_type=\"section\" id=\"menu-header\" data-settings=\"{&quot;stretch_section&quot;:&quot;section-stretched&quot;,&quot;animation&quot;:&quot;fadeInDown&quot;}\">\n\t\t\t\t\t\t<div class=\"elementor-container elementor-column-gap-no\">\n\t\t\t\t\t\t\t<div class=\"elementor-row\">\n\t\t\t\t\t<header class=\"elementor-column elementor-col-50 elementor-top-column elementor-element elementor-element-38e6852e\" data-id=\"38e6852e\" data-element_type=\"column\">\n\t\t\t<div class=\"elementor-column-wrap elementor-element-populated\">\n\t\t\t\t\t\t\t<div class=\"elementor-widget-wrap\">\n\t\t\t\t\t\t<div class=\"elementor-element elementor-element-5a82a15 logoaero elementor-hidden-tablet elementor-hidden-phone elementor-invisible elementor-widget elementor-widget-image\" data-id=\"5a82a15\" data-element_type=\"widget\" data-settings=\"{&quot;_animation&quot;:&quot;fadeInLeft&quot;,&quot;_animation_delay&quot;:200}\" data-widget_type=\"image.default\">\n\t\t\t\t<div class=\"elementor-widget-container\">\n\t\t\t\t\t<div class=\"elementor-image\">\n\t\t\t\t\t\t\t\t\t\t\t<a href=\"https:\/\/www.aeroermo.com\/home\/\">\n\t\t\t\t\t\t\t<img width=\"974\" height=\"114\" src=\"https:\/\/www.aeroermo.com\/home\/wp-content\/uploads\/2018\/11\/nuvo_logo.png\" class=\"attachment-full size-full\" alt=\"\" loading=\"lazy\" srcset=\"https:\/\/www.aeroermo.com\/home\/wp-content\/uploads\/2018\/11\/nuvo_logo.png 974w, https:\/\/www.aeroermo.com\/home\/wp-content\/uploads\/2018\/11\/nuvo_logo-200x23.png 200w, https:\/\/www.aeroermo.com\/home\/wp-content\/uploads\/2018\/11\/nuvo_logo-300x35.png 300w, https:\/\/www.aeroermo.com\/home\/wp-content\/uploads\/2018\/11\/nuvo_logo-768x90.png 768w\" sizes=\"(max-width: 974px) 100vw, 974px\" \/>\t\t\t\t\t\t\t\t<\/a>\n\t\t\t\t\t\t\t\t\t\t\t<\/div>\n\t\t\t\t<\/div>\n\t\t\t\t<\/div>\n\t\t\t\t\t\t<\/div>\n\t\t\t\t\t<\/div>\n\t\t<\/header>\n\t\t\t\t<div class=\"elementor-column elementor-col-50 elementor-top-column elementor-element elementor-element-150e4922\" data-id=\"150e4922\" data-element_type=\"column\">\n\t\t\t<div class=\"elementor-column-wrap elementor-element-populated\">\n\t\t\t\t\t\t\t<div class=\"elementor-widget-wrap\">\n\t\t\t\t\t\t<div class=\"elementor-element elementor-element-c50b3ce elementor-hidden-tablet elementor-hidden-phone elementor-invisible elementor-widget elementor-widget-html\" data-id=\"c50b3ce\" data-element_type=\"widget\" data-settings=\"{&quot;_animation&quot;:&quot;fadeInRight&quot;,&quot;_animation_delay&quot;:400}\" data-widget_type=\"html.default\">\n\t\t\t\t<div class=\"elementor-widget-container\">\n\t\t\t<div style=\"margin-left:-15px; background-color:black; width:100%; padding\" class=\"menu\">\r\n\t<a style=\"margin-left:300px\" href=\"https:\/\/www.aeroermo.com\/home\/suscribase\/\">\r\n\t    SUSCRIBASE\r\n\t<\/a>\r\n\t<b style=\"color:#0095D9; font-weight: bold;\"> | <\/b>\r\n\t<a href=\"https:\/\/www.aeroermo.com\/home\/wp-admin\">\r\n    <img src=\"https:\/\/www.aeroermo.com\/home\/wp-content\/uploads\/2018\/11\/login-01.png\">INICIAR SESI\u00d3N\r\n\t<\/a> \r\n\t<a style=\"margin-left:100px\" href=\"https:\/\/twitter.com\/aeroermo\" target=\"_blank\">\r\n    <img width=\"15px\" src=\"https:\/\/www.aeroermo.com\/home\/wp-content\/uploads\/2018\/11\/Redes_TW.png\"><\/a>\r\n\t<a href=\"https:\/\/www.instagram.com\/aeroermo\/\" target=\"_blank\">\r\n\t<img width=\"15px\" src=\"https:\/\/www.aeroermo.com\/home\/wp-content\/uploads\/2018\/11\/Redes_IG.png\"><\/a>\r\n\t<a href=\"https:\/\/www.facebook.com\/aeroermo\/\" target=\"_blank\">\r\n\t<img width=\"15px\" src=\"https:\/\/www.aeroermo.com\/home\/wp-content\/uploads\/2018\/11\/Redes_FB.png\"><\/a>\r\n\t<a href=\"https:\/\/www.youtube.com\/user\/Aeroermo\" target=\"_blank\">\r\n\t<img width=\"15px\" src=\"https:\/\/www.aeroermo.com\/home\/wp-content\/uploads\/2018\/11\/Redes_YT.png\"><\/a>\r\n<\/div>\t\t<\/div>\n\t\t\t\t<\/div>\n\t\t\t\t<div class=\"elementor-element elementor-element-2d49e3bb elementor-align-left elementor-invisible elementor-widget elementor-widget-default-navmenu\" data-id=\"2d49e3bb\" data-element_type=\"widget\" data-settings=\"{&quot;_animation&quot;:&quot;fadeInDown&quot;,&quot;_animation_delay&quot;:400}\" data-widget_type=\"default-navmenu.default\">\n\t\t\t\t<div class=\"elementor-widget-container\">\n\t\t\t<div id=\"elementor-header-primary\" class=\"elementor-header\">\t\t\t<button id=\"elementor-menu-toggle\" class=\"elementor-menu-toggle\"><i class=\"fa fa-navicon\"><\/i><\/button>\n\t\t\t<div id=\"elementor-menu\" class=\"elementor-menu\">\n\t\t\t\n\t\t\t\t<nav itemtype=\"http:\/\/schema.org\/SiteNavigationElement\" itemscope=\"itemscope\" id=\"elementor-navigation\" class=\"elementor-navigation\" role=\"navigation\" aria-label=\"Men\u00fa de Elementor\">\t\t\t\t\n\t\t\t\t<ul id=\"elementor-navmenu\" class=\"elementor-nav-menu\"><li id=\"menu-item-170\" class=\"menu-item menu-item-type-post_type menu-item-object-page menu-item-home menu-item-170\"><a href=\"https:\/\/www.aeroermo.com\/home\/\">HOME<\/a><\/li>\n<li id=\"menu-item-171\" class=\"menu-item menu-item-type-post_type menu-item-object-page menu-item-171\"><a href=\"https:\/\/www.aeroermo.com\/home\/quienes-somos\/\">SOBRE NOSOTROS<\/a><\/li>\n<li id=\"menu-item-167\" class=\"menu-item menu-item-type-post_type menu-item-object-page menu-item-167\"><a href=\"https:\/\/www.aeroermo.com\/home\/nuestras-ediciones\/\">EDICIONES<\/a><\/li>\n<li id=\"menu-item-9076\" class=\"menu-item menu-item-type-post_type menu-item-object-page menu-item-9076\"><a href=\"https:\/\/www.aeroermo.com\/home\/blog\/\">NOTICIAS<\/a><\/li>\n<li id=\"menu-item-1714\" class=\"menu-item menu-item-type-post_type menu-item-object-page menu-item-1714\"><a href=\"https:\/\/www.aeroermo.com\/home\/eventos\/\">Eventos<\/a><\/li>\n<li id=\"menu-item-169\" class=\"menu-item menu-item-type-post_type menu-item-object-page menu-item-169\"><a href=\"https:\/\/www.aeroermo.com\/home\/contacto\/\">CONTACTO<\/a><\/li>\n<li class=\"menu-item wpmenucartli wpmenucart-display-standard menu-item menu-item-type-post_type menu-item-object-page\" id=\"wpmenucartli\"><a class=\"wpmenucart-contents empty-wpmenucart\" style=\"display:none\">&nbsp;<\/a><\/li><\/ul>\t\t\n\t\t\t\t\t\t\t\t<\/nav>\n\t\t\t<\/div>\n\t\t<\/div>\n\t\t\t\t<\/div>\n\t\t\t\t<\/div>\n\t\t\t\t\t\t<\/div>\n\t\t\t\t\t<\/div>\n\t\t<\/div>\n\t\t\t\t\t\t\t\t<\/div>\n\t\t\t\t\t<\/div>\n\t\t<\/header>\n\t\t\t\t<section class=\"elementor-section elementor-top-section elementor-element elementor-element-2a272fba elementor-section-stretched stylepress-section-color-dark elementor-hidden-desktop elementor-section-boxed elementor-section-height-default elementor-section-height-default\" data-id=\"2a272fba\" data-element_type=\"section\" data-settings=\"{&quot;stretch_section&quot;:&quot;section-stretched&quot;}\">\n\t\t\t\t\t\t<div class=\"elementor-container elementor-column-gap-no\">\n\t\t\t\t\t\t\t<div class=\"elementor-row\">\n\t\t\t\t\t<div class=\"elementor-column elementor-col-100 elementor-top-column elementor-element elementor-element-56455c5a\" data-id=\"56455c5a\" data-element_type=\"column\">\n\t\t\t<div class=\"elementor-column-wrap elementor-element-populated\">\n\t\t\t\t\t\t\t<div class=\"elementor-widget-wrap\">\n\t\t\t\t\t\t<div class=\"elementor-element elementor-element-5622aec7 elementor-invisible elementor-widget elementor-widget-navmenu-overlay\" data-id=\"5622aec7\" data-element_type=\"widget\" data-settings=\"{&quot;_animation&quot;:&quot;fadeInDown&quot;}\" data-widget_type=\"navmenu-overlay.default\">\n\t\t\t\t<div class=\"elementor-widget-container\">\n\t\t\t\t<!--<div class=\"navmenu-overlay\">-->\n\t\t<span id=\"touch-menu\" class=\"mobile-menu\"><span><\/span><\/span>\n\t\t<nav itemtype=\"http:\/\/schema.org\/SiteNavigationElement\" itemscope=\"itemscope\" class=\"overlay-navigation\" role=\"navigation\" aria-label=\"Men\u00fa de Elementor\">\n\t\t\t<ul id=\"menu-menu-principal\" class=\"\"><li class=\"menu-item menu-item-type-post_type menu-item-object-page menu-item-home menu-item-170\"><a href=\"https:\/\/www.aeroermo.com\/home\/\">HOME<\/a><\/li>\n<li class=\"menu-item menu-item-type-post_type menu-item-object-page menu-item-171\"><a href=\"https:\/\/www.aeroermo.com\/home\/quienes-somos\/\">SOBRE NOSOTROS<\/a><\/li>\n<li class=\"menu-item menu-item-type-post_type menu-item-object-page menu-item-167\"><a href=\"https:\/\/www.aeroermo.com\/home\/nuestras-ediciones\/\">EDICIONES<\/a><\/li>\n<li class=\"menu-item menu-item-type-post_type menu-item-object-page menu-item-9076\"><a href=\"https:\/\/www.aeroermo.com\/home\/blog\/\">NOTICIAS<\/a><\/li>\n<li class=\"menu-item menu-item-type-post_type menu-item-object-page menu-item-1714\"><a href=\"https:\/\/www.aeroermo.com\/home\/eventos\/\">Eventos<\/a><\/li>\n<li class=\"menu-item menu-item-type-post_type menu-item-object-page menu-item-169\"><a href=\"https:\/\/www.aeroermo.com\/home\/contacto\/\">CONTACTO<\/a><\/li>\n<li class=\"menu-item wpmenucartli wpmenucart-display-standard menu-item menu-item-type-post_type menu-item-object-page\" id=\"wpmenucartli\"><a class=\"wpmenucart-contents empty-wpmenucart\" style=\"display:none\">&nbsp;<\/a><\/li><\/ul>\t\t<\/nav>\n\t<!--<\/div>-->\n\t\t\t\t<\/div>\n\t\t\t\t<\/div>\n\t\t\t\t<div class=\"elementor-element elementor-element-45a3e164 elementor-widget elementor-widget-spacer\" data-id=\"45a3e164\" data-element_type=\"widget\" data-widget_type=\"spacer.default\">\n\t\t\t\t<div class=\"elementor-widget-container\">\n\t\t\t\t\t<div class=\"elementor-spacer\">\n\t\t\t<div class=\"elementor-spacer-inner\"><\/div>\n\t\t<\/div>\n\t\t\t\t<\/div>\n\t\t\t\t<\/div>\n\t\t\t\t\t\t<\/div>\n\t\t\t\t\t<\/div>\n\t\t<\/div>\n\t\t\t\t\t\t\t\t<\/div>\n\t\t\t\t\t<\/div>\n\t\t<\/section>\n\t\t\t\t<section class=\"elementor-section elementor-top-section elementor-element elementor-element-1c5d3a4f elementor-section-boxed elementor-section-height-default elementor-section-height-default stylepress-section-color-normal\" data-id=\"1c5d3a4f\" data-element_type=\"section\">\n\t\t\t\t\t\t<div class=\"elementor-container elementor-column-gap-default\">\n\t\t\t\t\t\t\t<div class=\"elementor-row\">\n\t\t\t\t\t<div class=\"elementor-column elementor-col-100 elementor-top-column elementor-element elementor-element-99cbd40\" data-id=\"99cbd40\" data-element_type=\"column\">\n\t\t\t<div class=\"elementor-column-wrap elementor-element-populated\">\n\t\t\t\t\t\t\t<div class=\"elementor-widget-wrap\">\n\t\t\t\t\t\t<div class=\"elementor-element elementor-element-384af779 elementor-invisible elementor-widget elementor-widget-heading\" data-id=\"384af779\" data-element_type=\"widget\" data-settings=\"{&quot;_animation&quot;:&quot;fadeInUp&quot;,&quot;_animation_delay&quot;:300}\" data-widget_type=\"heading.default\">\n\t\t\t\t<div class=\"elementor-widget-container\">\n\t\t\t<h2 class=\"elementor-heading-title elementor-size-default\">LATAM inici\u00f3 el a\u00f1o aterrizando en Neiva<\/h2>\t\t<\/div>\n\t\t\t\t<\/div>\n\t\t\t\t<div class=\"elementor-element elementor-element-147b1e12 elementor-invisible elementor-widget elementor-widget-image\" data-id=\"147b1e12\" data-element_type=\"widget\" data-settings=\"{&quot;_animation&quot;:&quot;fadeInLeft&quot;,&quot;_animation_delay&quot;:300}\" data-widget_type=\"image.default\">\n\t\t\t\t<div class=\"elementor-widget-container\">\n\t\t\t\t\t<div class=\"elementor-image\">\n\t\t\t\t\t\t\t\t\t\t<img width=\"1024\" height=\"682\" src=\"https:\/\/www.aeroermo.com\/home\/wp-content\/uploads\/2022\/01\/LATAM-Avion-Neiva-1024x682.jpeg\" class=\"attachment-large size-large\" alt=\"\" loading=\"lazy\" srcset=\"https:\/\/www.aeroermo.com\/home\/wp-content\/uploads\/2022\/01\/LATAM-Avion-Neiva-1024x682.jpeg 1024w, https:\/\/www.aeroermo.com\/home\/wp-content\/uploads\/2022\/01\/LATAM-Avion-Neiva-300x200.jpeg 300w, https:\/\/www.aeroermo.com\/home\/wp-content\/uploads\/2022\/01\/LATAM-Avion-Neiva-768x512.jpeg 768w, https:\/\/www.aeroermo.com\/home\/wp-content\/uploads\/2022\/01\/LATAM-Avion-Neiva-830x553.jpeg 830w, https:\/\/www.aeroermo.com\/home\/wp-content\/uploads\/2022\/01\/LATAM-Avion-Neiva-230x153.jpeg 230w, https:\/\/www.aeroermo.com\/home\/wp-content\/uploads\/2022\/01\/LATAM-Avion-Neiva-350x233.jpeg 350w, https:\/\/www.aeroermo.com\/home\/wp-content\/uploads\/2022\/01\/LATAM-Avion-Neiva-480x320.jpeg 480w, https:\/\/www.aeroermo.com\/home\/wp-content\/uploads\/2022\/01\/LATAM-Avion-Neiva-200x133.jpeg 200w, https:\/\/www.aeroermo.com\/home\/wp-content\/uploads\/2022\/01\/LATAM-Avion-Neiva.jpeg 1280w\" sizes=\"(max-width: 1024px) 100vw, 1024px\" \/>\t\t\t\t\t\t\t\t\t\t\t<\/div>\n\t\t\t\t<\/div>\n\t\t\t\t<\/div>\n\t\t\t\t<div class=\"elementor-element elementor-element-ae71e58 elementor-widget elementor-widget-spacer\" data-id=\"ae71e58\" data-element_type=\"widget\" data-widget_type=\"spacer.default\">\n\t\t\t\t<div class=\"elementor-widget-container\">\n\t\t\t\t\t<div class=\"elementor-spacer\">\n\t\t\t<div class=\"elementor-spacer-inner\"><\/div>\n\t\t<\/div>\n\t\t\t\t<\/div>\n\t\t\t\t<\/div>\n\t\t\t\t<div class=\"elementor-element elementor-element-2581c8a7 elementor-widget elementor-widget-text-editor\" data-id=\"2581c8a7\" data-element_type=\"widget\" data-widget_type=\"text-editor.default\">\n\t\t\t\t<div class=\"elementor-widget-container\">\n\t\t\t\t\t<div class=\"elementor-text-editor elementor-clearfix\"><ul>\n<li><strong><em>La ruta entre Neiva y Bogot\u00e1 cuenta con 1 vuelo diario de lunes a domingo y ser\u00e1 operada en aviones Airbus 320 y 319 con capacidad para 174 y 144 pasajeros, respectivamente.<\/em><\/strong><\/li>\n<li><strong><em>El lanzamiento de esta ruta completa el plan de crecimiento del 30% de la oferta de asientos que LATAM Colombia anunci\u00f3 el pasado mes de septiembre (2021), alcanzando el 135% de recuperaci\u00f3n pre-pandemia.<\/em><\/strong><\/li>\n<li><strong><em>Con esta inauguraci\u00f3n, LATAM Colombia inicia el a\u00f1o con 34 rutas y 17 destinos nacionales.<\/em><\/strong><\/li>\n<\/ul><\/div>\n\t\t\t\t<\/div>\n\t\t\t\t<\/div>\n\t\t\t\t<div class=\"elementor-element elementor-element-dc85fee elementor-widget elementor-widget-text-editor\" data-id=\"dc85fee\" data-element_type=\"widget\" data-widget_type=\"text-editor.default\">\n\t\t\t\t<div class=\"elementor-widget-container\">\n\t\t\t\t\t<div class=\"elementor-text-editor elementor-clearfix\"><p>LATAM Colombia inici\u00f3 operaci\u00f3n entre Neiva y Bogot\u00e1 con siete frecuencias a la semana. Esta nueva ruta que ya se encuentra publicada en los canales directos e indirectos de la compa\u00f1\u00eda, beneficiar\u00e1 de manera significativa al departamento al ofrecer una mayor oferta y precios m\u00e1s competitivos a la hora de volar.<\/p>\n<p><em>\u201cEl Huila es sin duda uno de los ejes econ\u00f3micos de mayor importancia del sur occidente del pa\u00eds y un destino clave para potenciar el crecimiento tur\u00edstico de la regi\u00f3n gracias a su gran aporte cultural. Con esta nueva ruta que conecta Bogot\u00e1 y Neiva con una frecuencia diaria, buscamos dinamizar el mercado local, ofreciendo tarifas m\u00e1s competitivas que permiten equilibrar el mercado junto a itinerarios variables que buscan atender las necesidades de nuestros pasajeros\u201d<\/em>, coment\u00f3 Camilo Prieto, gerente de Ventas de LATAM Colombia. \u00a0<\/p>\n<p>Con la ruta a Neiva, LATAM inicia el a\u00f1o con 34 rutas y 17 destinos nacionales, manteniendo su promesa de crecimiento en el pa\u00eds y su compromiso con la conectividad de las regiones, en l\u00ednea con su objetivo de diversificar el mercado. De esta forma, busca reducir los niveles de concentraci\u00f3n en un solo operador en destinos como Neiva, donde ofrecer\u00e1 tarifas desde COP 142.800 por tramo, habilitando alrededor de <strong>2.200 sillas<\/strong> semanales. La ruta operar\u00e1 en horario matutino los lunes, martes y s\u00e1bados y en horario vespertino los mi\u00e9rcoles, jueves, viernes y domingos.<\/p>\n<p><em>\u201cLa llegada de la aerol\u00ednea LATAM va a ser de gran desarrollo sobre todo para la din\u00e1mica econ\u00f3mica y comercial del municipio. La apertura de este nuevo destino nos va a permitir la llegada de m\u00e1s pasajeros, turistas y de m\u00e1s personas que quieran llegar a invertir a Neiva. Esto nos permite ampliar nuestra din\u00e1mica econ\u00f3mica y ser una ciudad m\u00e1s competitiva\u201d,<\/em> a\u00f1adi\u00f3 Gorky Mu\u00f1oz, alcalde de Neiva.<\/p>\n<p>El Parque Arqueol\u00f3gico San Agust\u00edn, declarado Patrimonio de la Humanidad por la Unesco y el Desierto de la Tatacoa, son algunos de los muchos destinos tur\u00edsticos que ofrece la regi\u00f3n, que a\u00f1o tras a\u00f1o atrae a millones de visitantes nacionales y extranjeros. De esta forma, en una hora los pasajeros de Bogot\u00e1 y de Neiva podr\u00e1n conectar en esta nueva ruta que busca dinamizar el mercado y aportar al desarrollo econ\u00f3mico del departamento.<\/p>\n<h5><strong>En 2021, <\/strong><strong>13 nuevas rutas y 2 nuevos destinos se sumaron al portafolio de LATAM Colombia<\/strong><\/h5>\n<p>LATAM Colombia moviliz\u00f3 6.174.318 pasajeros durante 2021 que equivale al 91% de los pasajeros transportados pre pandemia (2019), seg\u00fan las \u00faltimas cifras reveladas por la Aerocivil. La aerol\u00ednea oper\u00f3 un total de 47.822 vuelos entre nacionales e internacionales e inaugur\u00f3 13 nuevas rutas dom\u00e9sticas para completar 33 rutas nacionales en 16 destinos. Adem\u00e1s, la filial retom\u00f3 las rutas Santiago de Chile con Bogot\u00e1 D.C., Lima &#8211; Bogot\u00e1, D.C. Guarulhos &#8211; Bogot\u00e1, D.C., e inaugur\u00f3 Bogot\u00e1, D.C. &#8211; Miami.<\/p>\n<p>Lo anterior, le permiti\u00f3 alcanzar una participaci\u00f3n del 25% del mercado y consolidarse como el segundo operador de transporte a\u00e9reo del pa\u00eds. Su plan de crecimiento incorpora la sostenibilidad como uno de los pilares fundamentales, por lo que en 2021 avanz\u00f3 de manera importante en su estrategia que plantea compromisos claros y ambiciosos frente a temas como econom\u00eda circular, gesti\u00f3n de cambio clim\u00e1tico y generaci\u00f3n de valor compartido. De esta forma, avanz\u00f3 en metas como ser carbono neutro en 2050, la eliminaci\u00f3n de pl\u00e1sticos de uno solo uso para 2023 y ser una aerol\u00ednea cero residuos a vertedero a 2027.<\/p>\n<p>El fortalecimiento de su programa Avi\u00f3n Solidario y su anuncio de participaci\u00f3n en el proyecto de conservaci\u00f3n de la Orinoqu\u00eda colombiana, CO2BIO, fueron los principales hitos que marcaron el cierre del a\u00f1o.\u00a0 En el marco de la estrategia, el 2022 es un a\u00f1o de suma importancia para el Grupo ya que estar\u00e1 enfocado en avanzar en su objetivo de eliminar los pl\u00e1sticos de un solo uso en toda su operaci\u00f3n y seguir fortaleciendo sus iniciativas para ser el Grupo de aerol\u00edneas m\u00e1s sostenible de la regi\u00f3n.<\/p>\n<p><strong>Prensa LATAM Airlines<\/strong><\/p><\/div>\n\t\t\t\t<\/div>\n\t\t\t\t<\/div>\n\t\t\t\t<div class=\"elementor-element elementor-element-cf2dfbc elementor-widget elementor-widget-image\" data-id=\"cf2dfbc\" data-element_type=\"widget\" data-widget_type=\"image.default\">\n\t\t\t\t<div class=\"elementor-widget-container\">\n\t\t\t\t\t<div class=\"elementor-image\">\n\t\t\t\t\t\t\t\t\t\t<img width=\"1024\" height=\"683\" src=\"https:\/\/www.aeroermo.com\/home\/wp-content\/uploads\/2022\/01\/LATAM-Evento-Neiva-1024x683.jpeg\" class=\"attachment-large size-large\" alt=\"\" loading=\"lazy\" srcset=\"https:\/\/www.aeroermo.com\/home\/wp-content\/uploads\/2022\/01\/LATAM-Evento-Neiva-1024x683.jpeg 1024w, https:\/\/www.aeroermo.com\/home\/wp-content\/uploads\/2022\/01\/LATAM-Evento-Neiva-300x200.jpeg 300w, https:\/\/www.aeroermo.com\/home\/wp-content\/uploads\/2022\/01\/LATAM-Evento-Neiva-768x512.jpeg 768w, https:\/\/www.aeroermo.com\/home\/wp-content\/uploads\/2022\/01\/LATAM-Evento-Neiva-830x553.jpeg 830w, https:\/\/www.aeroermo.com\/home\/wp-content\/uploads\/2022\/01\/LATAM-Evento-Neiva-230x153.jpeg 230w, https:\/\/www.aeroermo.com\/home\/wp-content\/uploads\/2022\/01\/LATAM-Evento-Neiva-350x233.jpeg 350w, https:\/\/www.aeroermo.com\/home\/wp-content\/uploads\/2022\/01\/LATAM-Evento-Neiva-480x320.jpeg 480w, https:\/\/www.aeroermo.com\/home\/wp-content\/uploads\/2022\/01\/LATAM-Evento-Neiva-200x133.jpeg 200w, https:\/\/www.aeroermo.com\/home\/wp-content\/uploads\/2022\/01\/LATAM-Evento-Neiva.jpeg 1080w\" sizes=\"(max-width: 1024px) 100vw, 1024px\" \/>\t\t\t\t\t\t\t\t\t\t\t<\/div>\n\t\t\t\t<\/div>\n\t\t\t\t<\/div>\n\t\t\t\t<div class=\"elementor-element elementor-element-7a34c0d elementor-widget elementor-widget-heading\" data-id=\"7a34c0d\" data-element_type=\"widget\" data-widget_type=\"heading.default\">\n\t\t\t\t<div class=\"elementor-widget-container\">\n\t\t\t<h2 class=\"elementor-heading-title elementor-size-small\">Izquierda a Derecha: Faiver Hoyos Hern\u00e1ndez, alcalde encargado de Neiva, Maryely P\u00e9rez, secretaria de Competitividad de la Alcald\u00eda de Neiva, Camilo Prieto, gerente Comercial de LATAM Colombia, y Claudia Ximena Galindo, administradora Aeropuerto Benito Salas Vargas<\/h2>\t\t<\/div>\n\t\t\t\t<\/div>\n\t\t\t\t<div class=\"elementor-element elementor-element-34c30174 elementor-widget elementor-widget-spacer\" data-id=\"34c30174\" data-element_type=\"widget\" data-widget_type=\"spacer.default\">\n\t\t\t\t<div class=\"elementor-widget-container\">\n\t\t\t\t\t<div class=\"elementor-spacer\">\n\t\t\t<div class=\"elementor-spacer-inner\"><\/div>\n\t\t<\/div>\n\t\t\t\t<\/div>\n\t\t\t\t<\/div>\n\t\t\t\t\t\t<\/div>\n\t\t\t\t\t<\/div>\n\t\t<\/div>\n\t\t\t\t\t\t\t\t<\/div>\n\t\t\t\t\t<\/div>\n\t\t<\/section>\n\t\t\t\t<footer class=\"elementor-section elementor-top-section elementor-element elementor-element-64bd0a7f elementor-section-stretched footerpagina animated-fast elementor-section-boxed elementor-section-height-default elementor-section-height-default stylepress-section-color-normal elementor-invisible\" data-id=\"64bd0a7f\" data-element_type=\"section\" id=\"footerpagina\" data-settings=\"{&quot;stretch_section&quot;:&quot;section-stretched&quot;,&quot;background_background&quot;:&quot;classic&quot;,&quot;animation&quot;:&quot;fadeInUp&quot;}\">\n\t\t\t\t\t\t<div class=\"elementor-container elementor-column-gap-default\">\n\t\t\t\t\t\t\t<div class=\"elementor-row\">\n\t\t\t\t\t<div class=\"elementor-column elementor-col-25 elementor-top-column elementor-element elementor-element-54db6b8b\" data-id=\"54db6b8b\" data-element_type=\"column\">\n\t\t\t<div class=\"elementor-column-wrap elementor-element-populated\">\n\t\t\t\t\t\t\t<div class=\"elementor-widget-wrap\">\n\t\t\t\t\t\t<div class=\"elementor-element elementor-element-33e82771 elementor-widget elementor-widget-spacer\" data-id=\"33e82771\" data-element_type=\"widget\" data-widget_type=\"spacer.default\">\n\t\t\t\t<div class=\"elementor-widget-container\">\n\t\t\t\t\t<div class=\"elementor-spacer\">\n\t\t\t<div class=\"elementor-spacer-inner\"><\/div>\n\t\t<\/div>\n\t\t\t\t<\/div>\n\t\t\t\t<\/div>\n\t\t\t\t<div class=\"elementor-element elementor-element-55dfa65a elementor-invisible elementor-widget elementor-widget-heading\" data-id=\"55dfa65a\" data-element_type=\"widget\" data-settings=\"{&quot;_animation&quot;:&quot;zoomIn&quot;,&quot;_animation_delay&quot;:200}\" data-widget_type=\"heading.default\">\n\t\t\t\t<div class=\"elementor-widget-container\">\n\t\t\t<h5 class=\"elementor-heading-title elementor-size-default\">Cont\u00e1ctanos:<\/h5>\t\t<\/div>\n\t\t\t\t<\/div>\n\t\t\t\t<section class=\"elementor-section elementor-inner-section elementor-element elementor-element-419fa82d elementor-section-boxed elementor-section-height-default elementor-section-height-default stylepress-section-color-normal elementor-invisible\" data-id=\"419fa82d\" data-element_type=\"section\" data-settings=\"{&quot;animation&quot;:&quot;fadeInLeft&quot;,&quot;animation_delay&quot;:300}\">\n\t\t\t\t\t\t<div class=\"elementor-container elementor-column-gap-default\">\n\t\t\t\t\t\t\t<div class=\"elementor-row\">\n\t\t\t\t\t<div class=\"elementor-column elementor-col-100 elementor-inner-column elementor-element elementor-element-7371e0b\" data-id=\"7371e0b\" data-element_type=\"column\">\n\t\t\t<div class=\"elementor-column-wrap elementor-element-populated\">\n\t\t\t\t\t\t\t<div class=\"elementor-widget-wrap\">\n\t\t\t\t\t\t<div class=\"elementor-element elementor-element-38f67fa elementor-widget elementor-widget-text-editor\" data-id=\"38f67fa\" data-element_type=\"widget\" data-widget_type=\"text-editor.default\">\n\t\t\t\t<div class=\"elementor-widget-container\">\n\t\t\t\t\t<div class=\"elementor-text-editor elementor-clearfix\"><p>Calle 24B #74-27,<br \/><span style=\"color: #0095d9;\">Bogot\u00e1 \u2013 Colombia<br \/>Tel\u00e9fono:<\/span><br \/>+57 1 4672353<br \/><span style=\"color: #0095d9;\">M\u00f3vil:<\/span><br \/>311 5104038 \/ USA: +1 305 7717007<br \/>Email: info<span style=\"color: #0095d9;\">@<\/span>AeroErmo.com<\/p><\/div>\n\t\t\t\t<\/div>\n\t\t\t\t<\/div>\n\t\t\t\t\t\t<\/div>\n\t\t\t\t\t<\/div>\n\t\t<\/div>\n\t\t\t\t\t\t\t\t<\/div>\n\t\t\t\t\t<\/div>\n\t\t<\/section>\n\t\t\t\t\t\t<\/div>\n\t\t\t\t\t<\/div>\n\t\t<\/div>\n\t\t\t\t<div class=\"elementor-column elementor-col-25 elementor-top-column elementor-element elementor-element-328ebdb7\" data-id=\"328ebdb7\" data-element_type=\"column\">\n\t\t\t<div class=\"elementor-column-wrap elementor-element-populated\">\n\t\t\t\t\t\t\t<div class=\"elementor-widget-wrap\">\n\t\t\t\t\t\t<div class=\"elementor-element elementor-element-312fe75f elementor-widget elementor-widget-spacer\" data-id=\"312fe75f\" data-element_type=\"widget\" data-widget_type=\"spacer.default\">\n\t\t\t\t<div class=\"elementor-widget-container\">\n\t\t\t\t\t<div class=\"elementor-spacer\">\n\t\t\t<div class=\"elementor-spacer-inner\"><\/div>\n\t\t<\/div>\n\t\t\t\t<\/div>\n\t\t\t\t<\/div>\n\t\t\t\t<div class=\"elementor-element elementor-element-960e10b elementor-invisible elementor-widget elementor-widget-heading\" data-id=\"960e10b\" data-element_type=\"widget\" data-settings=\"{&quot;_animation&quot;:&quot;zoomIn&quot;,&quot;_animation_delay&quot;:200}\" data-widget_type=\"heading.default\">\n\t\t\t\t<div class=\"elementor-widget-container\">\n\t\t\t<h5 class=\"elementor-heading-title elementor-size-default\">men\u00fa:<\/h5>\t\t<\/div>\n\t\t\t\t<\/div>\n\t\t\t\t<section class=\"elementor-section elementor-inner-section elementor-element elementor-element-7ff5c48c elementor-section-boxed elementor-section-height-default elementor-section-height-default stylepress-section-color-normal elementor-invisible\" data-id=\"7ff5c48c\" data-element_type=\"section\" data-settings=\"{&quot;animation&quot;:&quot;fadeInUp&quot;,&quot;animation_delay&quot;:300}\">\n\t\t\t\t\t\t<div class=\"elementor-container elementor-column-gap-default\">\n\t\t\t\t\t\t\t<div class=\"elementor-row\">\n\t\t\t\t\t<div class=\"elementor-column elementor-col-50 elementor-inner-column elementor-element elementor-element-67f521c5\" data-id=\"67f521c5\" data-element_type=\"column\">\n\t\t\t<div class=\"elementor-column-wrap elementor-element-populated\">\n\t\t\t\t\t\t\t<div class=\"elementor-widget-wrap\">\n\t\t\t\t\t\t<div class=\"elementor-element elementor-element-610b658 elementor-widget elementor-widget-text-editor\" data-id=\"610b658\" data-element_type=\"widget\" data-widget_type=\"text-editor.default\">\n\t\t\t\t<div class=\"elementor-widget-container\">\n\t\t\t\t\t<div class=\"elementor-text-editor elementor-clearfix\"><p><a style=\"color: white; font-size: 13px;\" href=\"https:\/\/www.aeroermo.com\/home\/\">HOME<\/a><br \/><a style=\"color: white; font-size: 13px;\" href=\"https:\/\/www.aeroermo.com\/home\/quienes-somos\">SOBRE NOSOTROS<\/a><br \/><a style=\"color: white; font-size: 13px;\" href=\"https:\/\/www.aeroermo.com\/home\/nuestras-ediciones\">EDICIONES<\/a><br \/><a style=\"color: white; font-size: 13px;\" href=\"https:\/\/www.aeroermo.com\/home\/eventos\/\">EVENTOS<\/a><br \/><a style=\"color: white; font-size: 13px;\" href=\"https:\/\/www.aeroermo.com\/home\/media-kit\">MEDIA KIT<\/a><br \/><a style=\"color: white; font-size: 13px;\" href=\"https:\/\/www.aeroermo.com\/home\/contacto\">CONTACTO<\/a><\/p><\/div>\n\t\t\t\t<\/div>\n\t\t\t\t<\/div>\n\t\t\t\t\t\t<\/div>\n\t\t\t\t\t<\/div>\n\t\t<\/div>\n\t\t\t\t<div class=\"elementor-column elementor-col-50 elementor-inner-column elementor-element elementor-element-4ab75756\" data-id=\"4ab75756\" data-element_type=\"column\">\n\t\t\t<div class=\"elementor-column-wrap elementor-element-populated\">\n\t\t\t\t\t\t\t<div class=\"elementor-widget-wrap\">\n\t\t\t\t\t\t<div class=\"elementor-element elementor-element-7a859e49 elementor-widget elementor-widget-text-editor\" data-id=\"7a859e49\" data-element_type=\"widget\" data-widget_type=\"text-editor.default\">\n\t\t\t\t<div class=\"elementor-widget-container\">\n\t\t\t\t\t<div class=\"elementor-text-editor elementor-clearfix\"><p><a style=\"color: white; font-size: 13px;\" href=\"https:\/\/www.aeroermo.com\/home\/blog\">NOTICIAS<\/a><br \/><a style=\"color: white; font-size: 13px;\" href=\"https:\/\/www.aeroermo.com\/home\/media-kit\/\">PUBLICIDAD<\/a><br \/><a style=\"color: white; font-size: 13px;\" href=\"https:\/\/www.aeroermo.com\/home\/suscribase\/\">SUSCRIBASE<\/a><br \/><a style=\"color: white; font-size: 13px;\" href=\"https:\/\/www.aeroermo.com\/home\/wp-admin\">INICIAR SESI\u00d3N<\/a><\/p><\/div>\n\t\t\t\t<\/div>\n\t\t\t\t<\/div>\n\t\t\t\t\t\t<\/div>\n\t\t\t\t\t<\/div>\n\t\t<\/div>\n\t\t\t\t\t\t\t\t<\/div>\n\t\t\t\t\t<\/div>\n\t\t<\/section>\n\t\t\t\t\t\t<\/div>\n\t\t\t\t\t<\/div>\n\t\t<\/div>\n\t\t\t\t<div class=\"elementor-column elementor-col-25 elementor-top-column elementor-element elementor-element-1c7ec62a\" data-id=\"1c7ec62a\" data-element_type=\"column\">\n\t\t\t<div class=\"elementor-column-wrap elementor-element-populated\">\n\t\t\t\t\t\t\t<div class=\"elementor-widget-wrap\">\n\t\t\t\t\t\t<div class=\"elementor-element elementor-element-1592ba03 elementor-widget elementor-widget-spacer\" data-id=\"1592ba03\" data-element_type=\"widget\" data-widget_type=\"spacer.default\">\n\t\t\t\t<div class=\"elementor-widget-container\">\n\t\t\t\t\t<div class=\"elementor-spacer\">\n\t\t\t<div class=\"elementor-spacer-inner\"><\/div>\n\t\t<\/div>\n\t\t\t\t<\/div>\n\t\t\t\t<\/div>\n\t\t\t\t<section class=\"elementor-section elementor-inner-section elementor-element elementor-element-4ef97d4c elementor-section-content-top elementor-hidden-tablet elementor-hidden-phone elementor-section-boxed elementor-section-height-default elementor-section-height-default stylepress-section-color-normal elementor-invisible\" data-id=\"4ef97d4c\" data-element_type=\"section\" data-settings=\"{&quot;animation&quot;:&quot;bounceIn&quot;,&quot;animation_delay&quot;:300}\">\n\t\t\t\t\t\t<div class=\"elementor-container elementor-column-gap-narrow\">\n\t\t\t\t\t\t\t<div class=\"elementor-row\">\n\t\t\t\t\t<div class=\"elementor-column elementor-col-100 elementor-inner-column elementor-element elementor-element-7e6f0cba\" data-id=\"7e6f0cba\" data-element_type=\"column\">\n\t\t\t<div class=\"elementor-column-wrap elementor-element-populated\">\n\t\t\t\t\t\t\t<div class=\"elementor-widget-wrap\">\n\t\t\t\t\t\t<div class=\"elementor-element elementor-element-2153c90 elementor-hidden-tablet elementor-hidden-phone elementor-invisible elementor-widget elementor-widget-heading\" data-id=\"2153c90\" data-element_type=\"widget\" data-settings=\"{&quot;_animation&quot;:&quot;zoomIn&quot;,&quot;_animation_delay&quot;:200}\" data-widget_type=\"heading.default\">\n\t\t\t\t<div class=\"elementor-widget-container\">\n\t\t\t<h5 class=\"elementor-heading-title elementor-size-default\">VISITA NUESTRAS REDES:<\/h5>\t\t<\/div>\n\t\t\t\t<\/div>\n\t\t\t\t\t\t<\/div>\n\t\t\t\t\t<\/div>\n\t\t<\/div>\n\t\t\t\t\t\t\t\t<\/div>\n\t\t\t\t\t<\/div>\n\t\t<\/section>\n\t\t\t\t<section class=\"elementor-section elementor-inner-section elementor-element elementor-element-5be94fee elementor-section-content-top elementor-hidden-tablet elementor-hidden-phone elementor-section-boxed elementor-section-height-default elementor-section-height-default stylepress-section-color-normal elementor-invisible\" data-id=\"5be94fee\" data-element_type=\"section\" data-settings=\"{&quot;animation&quot;:&quot;bounceIn&quot;,&quot;animation_delay&quot;:300}\">\n\t\t\t\t\t\t<div class=\"elementor-container elementor-column-gap-no\">\n\t\t\t\t\t\t\t<div class=\"elementor-row\">\n\t\t\t\t\t<div class=\"elementor-column elementor-col-25 elementor-inner-column elementor-element elementor-element-e338f56\" data-id=\"e338f56\" data-element_type=\"column\">\n\t\t\t<div class=\"elementor-column-wrap elementor-element-populated\">\n\t\t\t\t\t\t\t<div class=\"elementor-widget-wrap\">\n\t\t\t\t\t\t<div class=\"elementor-element elementor-element-1ac9291a elementor-widget elementor-widget-image\" data-id=\"1ac9291a\" data-element_type=\"widget\" data-widget_type=\"image.default\">\n\t\t\t\t<div class=\"elementor-widget-container\">\n\t\t\t\t\t<div class=\"elementor-image\">\n\t\t\t\t\t\t\t\t\t\t\t<a href=\"https:\/\/twitter.com\/aeroermo\" target=\"_blank\">\n\t\t\t\t\t\t\t<img src=\"https:\/\/www.aeroermo.com\/home\/wp-content\/uploads\/elementor\/thumbs\/tw-pn0vbuyzypymd5b7rnx284wb2frrx5sds9qshw0ygk.png\" title=\"tw\" alt=\"tw\" \/>\t\t\t\t\t\t\t\t<\/a>\n\t\t\t\t\t\t\t\t\t\t\t<\/div>\n\t\t\t\t<\/div>\n\t\t\t\t<\/div>\n\t\t\t\t\t\t<\/div>\n\t\t\t\t\t<\/div>\n\t\t<\/div>\n\t\t\t\t<div class=\"elementor-column elementor-col-25 elementor-inner-column elementor-element elementor-element-e9226ad\" data-id=\"e9226ad\" data-element_type=\"column\">\n\t\t\t<div class=\"elementor-column-wrap elementor-element-populated\">\n\t\t\t\t\t\t\t<div class=\"elementor-widget-wrap\">\n\t\t\t\t\t\t<div class=\"elementor-element elementor-element-58be9311 elementor-widget elementor-widget-image\" data-id=\"58be9311\" data-element_type=\"widget\" data-widget_type=\"image.default\">\n\t\t\t\t<div class=\"elementor-widget-container\">\n\t\t\t\t\t<div class=\"elementor-image\">\n\t\t\t\t\t\t\t\t\t\t\t<a href=\"https:\/\/www.instagram.com\/aeroermo\/\" target=\"_blank\">\n\t\t\t\t\t\t\t<img src=\"https:\/\/www.aeroermo.com\/home\/wp-content\/uploads\/elementor\/thumbs\/ig-pn0vbu15rvxc1jckx5ifnn4uh1wepgong53b0m2cms.png\" title=\"ig\" alt=\"ig\" \/>\t\t\t\t\t\t\t\t<\/a>\n\t\t\t\t\t\t\t\t\t\t\t<\/div>\n\t\t\t\t<\/div>\n\t\t\t\t<\/div>\n\t\t\t\t\t\t<\/div>\n\t\t\t\t\t<\/div>\n\t\t<\/div>\n\t\t\t\t<div class=\"elementor-column elementor-col-25 elementor-inner-column elementor-element elementor-element-eeb6d1\" data-id=\"eeb6d1\" data-element_type=\"column\">\n\t\t\t<div class=\"elementor-column-wrap elementor-element-populated\">\n\t\t\t\t\t\t\t<div class=\"elementor-widget-wrap\">\n\t\t\t\t\t\t<div class=\"elementor-element elementor-element-5a106e4 elementor-widget elementor-widget-image\" data-id=\"5a106e4\" data-element_type=\"widget\" data-widget_type=\"image.default\">\n\t\t\t\t<div class=\"elementor-widget-container\">\n\t\t\t\t\t<div class=\"elementor-image\">\n\t\t\t\t\t\t\t\t\t\t\t<a href=\"https:\/\/www.facebook.com\/aeroermo\/\" target=\"_blank\">\n\t\t\t\t\t\t\t<img src=\"https:\/\/www.aeroermo.com\/home\/wp-content\/uploads\/elementor\/thumbs\/fb-pn0vbs5he7urebfb84p6inlxaa5oa2h6rvsc2254z8.png\" title=\"fb\" alt=\"fb\" \/>\t\t\t\t\t\t\t\t<\/a>\n\t\t\t\t\t\t\t\t\t\t\t<\/div>\n\t\t\t\t<\/div>\n\t\t\t\t<\/div>\n\t\t\t\t\t\t<\/div>\n\t\t\t\t\t<\/div>\n\t\t<\/div>\n\t\t\t\t<div class=\"elementor-column elementor-col-25 elementor-inner-column elementor-element elementor-element-7bbc34cd\" data-id=\"7bbc34cd\" data-element_type=\"column\">\n\t\t\t<div class=\"elementor-column-wrap elementor-element-populated\">\n\t\t\t\t\t\t\t<div class=\"elementor-widget-wrap\">\n\t\t\t\t\t\t<div class=\"elementor-element elementor-element-33f02e17 elementor-widget elementor-widget-image\" data-id=\"33f02e17\" data-element_type=\"widget\" data-widget_type=\"image.default\">\n\t\t\t\t<div class=\"elementor-widget-container\">\n\t\t\t\t\t<div class=\"elementor-image\">\n\t\t\t\t\t\t\t\t\t\t\t<a href=\"https:\/\/www.youtube.com\/user\/Aeroermo\" target=\"_blank\">\n\t\t\t\t\t\t\t<img src=\"https:\/\/www.aeroermo.com\/home\/wp-content\/uploads\/elementor\/thumbs\/yt-pn0vbwuoce170d8hgoqbd4f897iicjzugj1rgfy644.png\" title=\"yt\" alt=\"yt\" \/>\t\t\t\t\t\t\t\t<\/a>\n\t\t\t\t\t\t\t\t\t\t\t<\/div>\n\t\t\t\t<\/div>\n\t\t\t\t<\/div>\n\t\t\t\t\t\t<\/div>\n\t\t\t\t\t<\/div>\n\t\t<\/div>\n\t\t\t\t\t\t\t\t<\/div>\n\t\t\t\t\t<\/div>\n\t\t<\/section>\n\t\t\t\t\t\t<\/div>\n\t\t\t\t\t<\/div>\n\t\t<\/div>\n\t\t\t\t<div class=\"elementor-column elementor-col-25 elementor-top-column elementor-element elementor-element-4dd286f2\" data-id=\"4dd286f2\" data-element_type=\"column\">\n\t\t\t<div class=\"elementor-column-wrap\">\n\t\t\t\t\t\t\t<div class=\"elementor-widget-wrap\">\n\t\t\t\t\t\t\t\t<\/div>\n\t\t\t\t\t<\/div>\n\t\t<\/div>\n\t\t\t\t\t\t\t\t<\/div>\n\t\t\t\t\t<\/div>\n\t\t<\/footer>\n\t\t\t\t<section class=\"elementor-section elementor-top-section elementor-element elementor-element-6a913b5 elementor-section-stretched elementor-section-full_width elementor-section-height-default elementor-section-height-default stylepress-section-color-normal\" data-id=\"6a913b5\" data-element_type=\"section\" data-settings=\"{&quot;stretch_section&quot;:&quot;section-stretched&quot;,&quot;background_background&quot;:&quot;classic&quot;}\">\n\t\t\t\t\t\t<div class=\"elementor-container elementor-column-gap-default\">\n\t\t\t\t\t\t\t<div class=\"elementor-row\">\n\t\t\t\t\t<div class=\"elementor-column elementor-col-100 elementor-top-column elementor-element elementor-element-2222708b\" data-id=\"2222708b\" data-element_type=\"column\">\n\t\t\t<div class=\"elementor-column-wrap elementor-element-populated\">\n\t\t\t\t\t\t\t<div class=\"elementor-widget-wrap\">\n\t\t\t\t\t\t<div class=\"elementor-element elementor-element-3d5f899a elementor-invisible elementor-widget elementor-widget-text-editor\" data-id=\"3d5f899a\" data-element_type=\"widget\" data-settings=\"{&quot;_animation&quot;:&quot;fadeInRight&quot;,&quot;_animation_delay&quot;:200}\" data-widget_type=\"text-editor.default\">\n\t\t\t\t<div class=\"elementor-widget-container\">\n\t\t\t\t\t<div class=\"elementor-text-editor elementor-clearfix\"><p style=\"font-size: 13px;\">Dise\u00f1ado y digramado por<a style=\"color: #00a0e5;\" href=\"http:\/\/www.clovergraf.com\/\" target=\"_blank\" rel=\"noopener\">\u00a0www.clovergraf.com <\/a> todos los derechos reservados<\/p><\/div>\n\t\t\t\t<\/div>\n\t\t\t\t<\/div>\n\t\t\t\t\t\t<\/div>\n\t\t\t\t\t<\/div>\n\t\t<\/div>\n\t\t\t\t\t\t\t\t<\/div>\n\t\t\t\t\t<\/div>\n\t\t<\/section>\n\t\t\t\t\t\t<\/div>\n\t\t\t\t\t\t<\/div>\n\t\t\t\t\t<\/div>\n\t\t","protected":false},"excerpt":{"rendered":"<p>SUSCRIBASE | INICIAR SESI\u00d3N HOME SOBRE NOSOTROS EDICIONES NOTICIAS Eventos CONTACTO &nbsp; [&hellip;]<\/p>\n","protected":false},"author":1,"featured_media":22840,"comment_status":"open","ping_status":"open","sticky":false,"template":"elementor_canvas","format":"standard","meta":[],"categories":[35],"tags":[],"yoast_head":"<!-- This site is optimized with the Yoast SEO plugin v14.9 - https:\/\/yoast.com\/wordpress\/plugins\/seo\/ -->\n<title>LATAM inici\u00f3 el a\u00f1o aterrizando en Neiva - AeroErmo<\/title>\n<meta name=\"description\" content=\"Nos destacamos por ser la \u00fanica publicaci\u00f3n especializada reconocida en Latinoam\u00e9rica que aborda y proyecta temas de aviaci\u00f3n de manera innovadora y diferente. Nos enfocamos en abarcar \u00e1reas importantes como educaci\u00f3n, reparaciones, mantenimiento, operaciones y actualidad tecnol\u00f3gica, as\u00ed como los \u00faltimos avances asociados al desarrollo del sector en Colombia y el mundo\" \/>\n<meta name=\"robots\" content=\"index, follow, max-snippet:-1, max-image-preview:large, max-video-preview:-1\" \/>\n<link rel=\"canonical\" href=\"https:\/\/www.aeroermo.com\/home\/latam-inicio-el-ano-aterrizando-en-neiva\/\" \/>\n<meta property=\"og:locale\" content=\"es_ES\" \/>\n<meta property=\"og:type\" content=\"article\" \/>\n<meta property=\"og:title\" content=\"LATAM inici\u00f3 el a\u00f1o aterrizando en Neiva - AeroErmo\" \/>\n<meta property=\"og:description\" content=\"Nos destacamos por ser la \u00fanica publicaci\u00f3n especializada reconocida en Latinoam\u00e9rica que aborda y proyecta temas de aviaci\u00f3n de manera innovadora y diferente. Nos enfocamos en abarcar \u00e1reas importantes como educaci\u00f3n, reparaciones, mantenimiento, operaciones y actualidad tecnol\u00f3gica, as\u00ed como los \u00faltimos avances asociados al desarrollo del sector en Colombia y el mundo\" \/>\n<meta property=\"og:url\" content=\"https:\/\/www.aeroermo.com\/home\/latam-inicio-el-ano-aterrizando-en-neiva\/\" \/>\n<meta property=\"og:site_name\" content=\"AeroErmo\" \/>\n<meta property=\"article:publisher\" content=\"https:\/\/www.facebook.com\/aeroermo\" \/>\n<meta property=\"article:published_time\" content=\"2022-01-26T22:04:40+00:00\" \/>\n<meta property=\"article:modified_time\" content=\"2022-01-26T22:06:22+00:00\" \/>\n<meta property=\"og:image\" content=\"https:\/\/www.aeroermo.com\/home\/wp-content\/uploads\/2022\/01\/LATAM-Avion-Neiva.jpeg\" \/>\n\t<meta property=\"og:image:width\" content=\"1280\" \/>\n\t<meta property=\"og:image:height\" content=\"853\" \/>\n<meta name=\"twitter:card\" content=\"summary_large_image\" \/>\n<meta name=\"twitter:creator\" content=\"@aeroERMO\" \/>\n<meta name=\"twitter:site\" content=\"@aeroERMO\" \/>\n<script type=\"application\/ld+json\" class=\"yoast-schema-graph\">{\"@context\":\"https:\/\/schema.org\",\"@graph\":[{\"@type\":\"Organization\",\"@id\":\"https:\/\/www.aeroermo.com\/home\/#organization\",\"name\":\"AeroErmo\",\"url\":\"https:\/\/www.aeroermo.com\/home\/\",\"sameAs\":[\"https:\/\/www.facebook.com\/aeroermo\",\"https:\/\/www.instagram.com\/aeroermo\/?hl=es-la\",\"https:\/\/co.linkedin.com\/company\/aeroermo-revista-aeronautica\",\"https:\/\/www.youtube.com\/channel\/UC-m0Xq2ozhHChf7jCH5h9wQ\",\"https:\/\/twitter.com\/aeroERMO\"],\"logo\":{\"@type\":\"ImageObject\",\"@id\":\"https:\/\/www.aeroermo.com\/home\/#logo\",\"inLanguage\":\"es\",\"url\":\"https:\/\/www.aeroermo.com\/home\/wp-content\/uploads\/2018\/11\/Favico.png\",\"width\":71,\"height\":66,\"caption\":\"AeroErmo\"},\"image\":{\"@id\":\"https:\/\/www.aeroermo.com\/home\/#logo\"}},{\"@type\":\"WebSite\",\"@id\":\"https:\/\/www.aeroermo.com\/home\/#website\",\"url\":\"https:\/\/www.aeroermo.com\/home\/\",\"name\":\"AeroErmo\",\"description\":\"\",\"publisher\":{\"@id\":\"https:\/\/www.aeroermo.com\/home\/#organization\"},\"potentialAction\":[{\"@type\":\"SearchAction\",\"target\":\"https:\/\/www.aeroermo.com\/home\/?s={search_term_string}\",\"query-input\":\"required name=search_term_string\"}],\"inLanguage\":\"es\"},{\"@type\":\"ImageObject\",\"@id\":\"https:\/\/www.aeroermo.com\/home\/latam-inicio-el-ano-aterrizando-en-neiva\/#primaryimage\",\"inLanguage\":\"es\",\"url\":\"https:\/\/www.aeroermo.com\/home\/wp-content\/uploads\/2022\/01\/LATAM-Avion-Neiva.jpeg\",\"width\":1280,\"height\":853},{\"@type\":\"WebPage\",\"@id\":\"https:\/\/www.aeroermo.com\/home\/latam-inicio-el-ano-aterrizando-en-neiva\/#webpage\",\"url\":\"https:\/\/www.aeroermo.com\/home\/latam-inicio-el-ano-aterrizando-en-neiva\/\",\"name\":\"LATAM inici\\u00f3 el a\\u00f1o aterrizando en Neiva - AeroErmo\",\"isPartOf\":{\"@id\":\"https:\/\/www.aeroermo.com\/home\/#website\"},\"primaryImageOfPage\":{\"@id\":\"https:\/\/www.aeroermo.com\/home\/latam-inicio-el-ano-aterrizando-en-neiva\/#primaryimage\"},\"datePublished\":\"2022-01-26T22:04:40+00:00\",\"dateModified\":\"2022-01-26T22:06:22+00:00\",\"description\":\"Nos destacamos por ser la \\u00fanica publicaci\\u00f3n especializada reconocida en Latinoam\\u00e9rica que aborda y proyecta temas de aviaci\\u00f3n de manera innovadora y diferente. Nos enfocamos en abarcar \\u00e1reas importantes como educaci\\u00f3n, reparaciones, mantenimiento, operaciones y actualidad tecnol\\u00f3gica, as\\u00ed como los \\u00faltimos avances asociados al desarrollo del sector en Colombia y el mundo\",\"inLanguage\":\"es\",\"potentialAction\":[{\"@type\":\"ReadAction\",\"target\":[\"https:\/\/www.aeroermo.com\/home\/latam-inicio-el-ano-aterrizando-en-neiva\/\"]}]},{\"@type\":\"Article\",\"@id\":\"https:\/\/www.aeroermo.com\/home\/latam-inicio-el-ano-aterrizando-en-neiva\/#article\",\"isPartOf\":{\"@id\":\"https:\/\/www.aeroermo.com\/home\/latam-inicio-el-ano-aterrizando-en-neiva\/#webpage\"},\"author\":{\"@id\":\"https:\/\/www.aeroermo.com\/home\/#\/schema\/person\/b63b9ecb3952997d685b86b5a3fd62a6\"},\"headline\":\"LATAM inici\\u00f3 el a\\u00f1o aterrizando en Neiva\",\"datePublished\":\"2022-01-26T22:04:40+00:00\",\"dateModified\":\"2022-01-26T22:06:22+00:00\",\"mainEntityOfPage\":{\"@id\":\"https:\/\/www.aeroermo.com\/home\/latam-inicio-el-ano-aterrizando-en-neiva\/#webpage\"},\"commentCount\":0,\"publisher\":{\"@id\":\"https:\/\/www.aeroermo.com\/home\/#organization\"},\"image\":{\"@id\":\"https:\/\/www.aeroermo.com\/home\/latam-inicio-el-ano-aterrizando-en-neiva\/#primaryimage\"},\"inLanguage\":\"es\",\"potentialAction\":[{\"@type\":\"CommentAction\",\"name\":\"Comment\",\"target\":[\"https:\/\/www.aeroermo.com\/home\/latam-inicio-el-ano-aterrizando-en-neiva\/#respond\"]}]},{\"@type\":\"Person\",\"@id\":\"https:\/\/www.aeroermo.com\/home\/#\/schema\/person\/b63b9ecb3952997d685b86b5a3fd62a6\",\"name\":\"admin\",\"image\":{\"@type\":\"ImageObject\",\"@id\":\"https:\/\/www.aeroermo.com\/home\/#personlogo\",\"inLanguage\":\"es\",\"url\":\"https:\/\/secure.gravatar.com\/avatar\/e7deed9ec09a294c166b87e9eb5b1525?s=96&d=mm&r=g\",\"caption\":\"admin\"}}]}<\/script>\n<!-- \/ Yoast SEO plugin. -->","_links":{"self":[{"href":"https:\/\/www.aeroermo.com\/home\/wp-json\/wp\/v2\/posts\/22838"}],"collection":[{"href":"https:\/\/www.aeroermo.com\/home\/wp-json\/wp\/v2\/posts"}],"about":[{"href":"https:\/\/www.aeroermo.com\/home\/wp-json\/wp\/v2\/types\/post"}],"author":[{"embeddable":true,"href":"https:\/\/www.aeroermo.com\/home\/wp-json\/wp\/v2\/users\/1"}],"replies":[{"embeddable":true,"href":"https:\/\/www.aeroermo.com\/home\/wp-json\/wp\/v2\/comments?post=22838"}],"version-history":[{"count":4,"href":"https:\/\/www.aeroermo.com\/home\/wp-json\/wp\/v2\/posts\/22838\/revisions"}],"predecessor-version":[{"id":22844,"href":"https:\/\/www.aeroermo.com\/home\/wp-json\/wp\/v2\/posts\/22838\/revisions\/22844"}],"wp:featuredmedia":[{"embeddable":true,"href":"https:\/\/www.aeroermo.com\/home\/wp-json\/wp\/v2\/media\/22840"}],"wp:attachment":[{"href":"https:\/\/www.aeroermo.com\/home\/wp-json\/wp\/v2\/media?parent=22838"}],"wp:term":[{"taxonomy":"category","embeddable":true,"href":"https:\/\/www.aeroermo.com\/home\/wp-json\/wp\/v2\/categories?post=22838"},{"taxonomy":"post_tag","embeddable":true,"href":"https:\/\/www.aeroermo.com\/home\/wp-json\/wp\/v2\/tags?post=22838"}],"curies":[{"name":"wp","href":"https:\/\/api.w.org\/{rel}","templated":true}]}}