{"id":22598,"date":"2022-01-18T19:02:30","date_gmt":"2022-01-18T19:02:30","guid":{"rendered":"https:\/\/www.aeroermo.com\/home\/?p=22598"},"modified":"2022-01-18T19:42:04","modified_gmt":"2022-01-18T19:42:04","slug":"en-la-costa-caribe-barranquilla-es-eje-de-easyfly-para-un-ambicioso-plan-de-conectividad-regional","status":"publish","type":"post","link":"https:\/\/www.aeroermo.com\/home\/en-la-costa-caribe-barranquilla-es-eje-de-easyfly-para-un-ambicioso-plan-de-conectividad-regional\/","title":{"rendered":"En la Costa Caribe, Barranquilla es eje de Easyfly para un ambicioso plan de conectividad regional"},"content":{"rendered":"\t\t<div data-elementor-type=\"wp-post\" data-elementor-id=\"22598\" class=\"elementor elementor-22598\" data-elementor-settings=\"[]\">\n\t\t\t\t\t\t<div class=\"elementor-inner\">\n\t\t\t\t\t\t\t<div class=\"elementor-section-wrap\">\n\t\t\t\t\t\t\t<section class=\"elementor-section elementor-top-section elementor-element elementor-element-100f9024 elementor-section-boxed elementor-section-height-default elementor-section-height-default stylepress-section-color-normal\" data-id=\"100f9024\" data-element_type=\"section\">\n\t\t\t\t\t\t<div class=\"elementor-container elementor-column-gap-default\">\n\t\t\t\t\t\t\t<div class=\"elementor-row\">\n\t\t\t\t\t<div class=\"elementor-column elementor-col-100 elementor-top-column elementor-element elementor-element-7a0fa7b2\" data-id=\"7a0fa7b2\" data-element_type=\"column\">\n\t\t\t<div class=\"elementor-column-wrap elementor-element-populated\">\n\t\t\t\t\t\t\t<div class=\"elementor-widget-wrap\">\n\t\t\t\t\t\t<div class=\"elementor-element elementor-element-2955cb3b elementor-widget elementor-widget-text-editor\" data-id=\"2955cb3b\" data-element_type=\"widget\" data-widget_type=\"text-editor.default\">\n\t\t\t\t<div class=\"elementor-widget-container\">\n\t\t\t\t\t<div class=\"elementor-text-editor elementor-clearfix\"><!-- wp:fl-builder\/layout \/--><\/div>\n\t\t\t\t<\/div>\n\t\t\t\t<\/div>\n\t\t\t\t\t\t<\/div>\n\t\t\t\t\t<\/div>\n\t\t<\/div>\n\t\t\t\t\t\t\t\t<\/div>\n\t\t\t\t\t<\/div>\n\t\t<\/section>\n\t\t\t\t<section class=\"elementor-section elementor-top-section elementor-element elementor-element-7150cb6d elementor-section-stretched elementor-section-full_width elementor-hidden-desktop elementor-section-height-default elementor-section-height-default stylepress-section-color-normal\" data-id=\"7150cb6d\" data-element_type=\"section\" data-settings=\"{&quot;stretch_section&quot;:&quot;section-stretched&quot;}\">\n\t\t\t\t\t\t<div class=\"elementor-container elementor-column-gap-no\">\n\t\t\t\t\t\t\t<div class=\"elementor-row\">\n\t\t\t\t\t<div class=\"elementor-column elementor-col-100 elementor-top-column elementor-element elementor-element-3f670ca\" data-id=\"3f670ca\" data-element_type=\"column\">\n\t\t\t<div class=\"elementor-column-wrap elementor-element-populated\">\n\t\t\t\t\t\t\t<div class=\"elementor-widget-wrap\">\n\t\t\t\t\t\t<div class=\"elementor-element elementor-element-1c611424 elementor-widget elementor-widget-image\" data-id=\"1c611424\" data-element_type=\"widget\" data-widget_type=\"image.default\">\n\t\t\t\t<div class=\"elementor-widget-container\">\n\t\t\t\t\t<div class=\"elementor-image\">\n\t\t\t\t\t\t\t\t\t\t\t<a href=\"https:\/\/www.aeroermo.com\/home\/\">\n\t\t\t\t\t\t\t<img width=\"974\" height=\"114\" src=\"https:\/\/www.aeroermo.com\/home\/wp-content\/uploads\/2018\/12\/nuvo_logo.png\" class=\"attachment-full size-full\" alt=\"\" loading=\"lazy\" srcset=\"https:\/\/www.aeroermo.com\/home\/wp-content\/uploads\/2018\/12\/nuvo_logo.png 974w, https:\/\/www.aeroermo.com\/home\/wp-content\/uploads\/2018\/12\/nuvo_logo-200x23.png 200w, https:\/\/www.aeroermo.com\/home\/wp-content\/uploads\/2018\/12\/nuvo_logo-300x35.png 300w, https:\/\/www.aeroermo.com\/home\/wp-content\/uploads\/2018\/12\/nuvo_logo-768x90.png 768w\" sizes=\"(max-width: 974px) 100vw, 974px\" \/>\t\t\t\t\t\t\t\t<\/a>\n\t\t\t\t\t\t\t\t\t\t\t<\/div>\n\t\t\t\t<\/div>\n\t\t\t\t<\/div>\n\t\t\t\t\t\t<\/div>\n\t\t\t\t\t<\/div>\n\t\t<\/div>\n\t\t\t\t\t\t\t\t<\/div>\n\t\t\t\t\t<\/div>\n\t\t<\/section>\n\t\t\t\t<header class=\"elementor-section elementor-top-section elementor-element elementor-element-22eb46b1 elementor-section-stretched elementor-section-full_width elementor-section-content-top elementor-hidden-tablet elementor-hidden-phone elementor-section-height-default elementor-section-height-default stylepress-section-color-normal elementor-invisible\" data-id=\"22eb46b1\" data-element_type=\"section\" id=\"menu-header\" data-settings=\"{&quot;stretch_section&quot;:&quot;section-stretched&quot;,&quot;animation&quot;:&quot;fadeInDown&quot;}\">\n\t\t\t\t\t\t<div class=\"elementor-container elementor-column-gap-no\">\n\t\t\t\t\t\t\t<div class=\"elementor-row\">\n\t\t\t\t\t<header class=\"elementor-column elementor-col-50 elementor-top-column elementor-element elementor-element-35b8c5b4\" data-id=\"35b8c5b4\" data-element_type=\"column\">\n\t\t\t<div class=\"elementor-column-wrap elementor-element-populated\">\n\t\t\t\t\t\t\t<div class=\"elementor-widget-wrap\">\n\t\t\t\t\t\t<div class=\"elementor-element elementor-element-6e9e962d logoaero elementor-hidden-tablet elementor-hidden-phone elementor-invisible elementor-widget elementor-widget-image\" data-id=\"6e9e962d\" data-element_type=\"widget\" data-settings=\"{&quot;_animation&quot;:&quot;fadeInLeft&quot;,&quot;_animation_delay&quot;:200}\" data-widget_type=\"image.default\">\n\t\t\t\t<div class=\"elementor-widget-container\">\n\t\t\t\t\t<div class=\"elementor-image\">\n\t\t\t\t\t\t\t\t\t\t\t<a href=\"https:\/\/www.aeroermo.com\/home\/\">\n\t\t\t\t\t\t\t<img width=\"974\" height=\"114\" src=\"https:\/\/www.aeroermo.com\/home\/wp-content\/uploads\/2018\/11\/nuvo_logo.png\" class=\"attachment-full size-full\" alt=\"\" loading=\"lazy\" srcset=\"https:\/\/www.aeroermo.com\/home\/wp-content\/uploads\/2018\/11\/nuvo_logo.png 974w, https:\/\/www.aeroermo.com\/home\/wp-content\/uploads\/2018\/11\/nuvo_logo-200x23.png 200w, https:\/\/www.aeroermo.com\/home\/wp-content\/uploads\/2018\/11\/nuvo_logo-300x35.png 300w, https:\/\/www.aeroermo.com\/home\/wp-content\/uploads\/2018\/11\/nuvo_logo-768x90.png 768w\" sizes=\"(max-width: 974px) 100vw, 974px\" \/>\t\t\t\t\t\t\t\t<\/a>\n\t\t\t\t\t\t\t\t\t\t\t<\/div>\n\t\t\t\t<\/div>\n\t\t\t\t<\/div>\n\t\t\t\t\t\t<\/div>\n\t\t\t\t\t<\/div>\n\t\t<\/header>\n\t\t\t\t<div class=\"elementor-column elementor-col-50 elementor-top-column elementor-element elementor-element-a552e79\" data-id=\"a552e79\" data-element_type=\"column\">\n\t\t\t<div class=\"elementor-column-wrap elementor-element-populated\">\n\t\t\t\t\t\t\t<div class=\"elementor-widget-wrap\">\n\t\t\t\t\t\t<div class=\"elementor-element elementor-element-265a6efc elementor-hidden-tablet elementor-hidden-phone elementor-invisible elementor-widget elementor-widget-html\" data-id=\"265a6efc\" data-element_type=\"widget\" data-settings=\"{&quot;_animation&quot;:&quot;fadeInRight&quot;,&quot;_animation_delay&quot;:400}\" data-widget_type=\"html.default\">\n\t\t\t\t<div class=\"elementor-widget-container\">\n\t\t\t<div style=\"margin-left:-15px; background-color:black; width:100%; padding\" class=\"menu\">\r\n\t<a style=\"margin-left:300px\" href=\"https:\/\/www.aeroermo.com\/home\/suscribase\/\">\r\n\t    SUSCRIBASE\r\n\t<\/a>\r\n\t<b style=\"color:#0095D9; font-weight: bold;\"> | <\/b>\r\n\t<a href=\"https:\/\/www.aeroermo.com\/home\/wp-admin\">\r\n    <img src=\"https:\/\/www.aeroermo.com\/home\/wp-content\/uploads\/2018\/11\/login-01.png\">INICIAR SESI\u00d3N\r\n\t<\/a> \r\n\t<a style=\"margin-left:100px\" href=\"https:\/\/twitter.com\/aeroermo\" target=\"_blank\">\r\n    <img width=\"15px\" src=\"https:\/\/www.aeroermo.com\/home\/wp-content\/uploads\/2018\/11\/Redes_TW.png\"><\/a>\r\n\t<a href=\"https:\/\/www.instagram.com\/aeroermo\/\" target=\"_blank\">\r\n\t<img width=\"15px\" src=\"https:\/\/www.aeroermo.com\/home\/wp-content\/uploads\/2018\/11\/Redes_IG.png\"><\/a>\r\n\t<a href=\"https:\/\/www.facebook.com\/aeroermo\/\" target=\"_blank\">\r\n\t<img width=\"15px\" src=\"https:\/\/www.aeroermo.com\/home\/wp-content\/uploads\/2018\/11\/Redes_FB.png\"><\/a>\r\n\t<a href=\"https:\/\/www.youtube.com\/user\/Aeroermo\" target=\"_blank\">\r\n\t<img width=\"15px\" src=\"https:\/\/www.aeroermo.com\/home\/wp-content\/uploads\/2018\/11\/Redes_YT.png\"><\/a>\r\n<\/div>\t\t<\/div>\n\t\t\t\t<\/div>\n\t\t\t\t<div class=\"elementor-element elementor-element-34b9d6f1 elementor-align-left elementor-invisible elementor-widget elementor-widget-default-navmenu\" data-id=\"34b9d6f1\" data-element_type=\"widget\" data-settings=\"{&quot;_animation&quot;:&quot;fadeInDown&quot;,&quot;_animation_delay&quot;:400}\" data-widget_type=\"default-navmenu.default\">\n\t\t\t\t<div class=\"elementor-widget-container\">\n\t\t\t<div id=\"elementor-header-primary\" class=\"elementor-header\">\t\t\t<button id=\"elementor-menu-toggle\" class=\"elementor-menu-toggle\"><i class=\"fa fa-navicon\"><\/i><\/button>\n\t\t\t<div id=\"elementor-menu\" class=\"elementor-menu\">\n\t\t\t\n\t\t\t\t<nav itemtype=\"http:\/\/schema.org\/SiteNavigationElement\" itemscope=\"itemscope\" id=\"elementor-navigation\" class=\"elementor-navigation\" role=\"navigation\" aria-label=\"Men\u00fa de Elementor\">\t\t\t\t\n\t\t\t\t<ul id=\"elementor-navmenu\" class=\"elementor-nav-menu\"><li id=\"menu-item-170\" class=\"menu-item menu-item-type-post_type menu-item-object-page menu-item-home menu-item-170\"><a href=\"https:\/\/www.aeroermo.com\/home\/\">HOME<\/a><\/li>\n<li id=\"menu-item-171\" class=\"menu-item menu-item-type-post_type menu-item-object-page menu-item-171\"><a href=\"https:\/\/www.aeroermo.com\/home\/quienes-somos\/\">SOBRE NOSOTROS<\/a><\/li>\n<li id=\"menu-item-167\" class=\"menu-item menu-item-type-post_type menu-item-object-page menu-item-167\"><a href=\"https:\/\/www.aeroermo.com\/home\/nuestras-ediciones\/\">EDICIONES<\/a><\/li>\n<li id=\"menu-item-9076\" class=\"menu-item menu-item-type-post_type menu-item-object-page menu-item-9076\"><a href=\"https:\/\/www.aeroermo.com\/home\/blog\/\">NOTICIAS<\/a><\/li>\n<li id=\"menu-item-1714\" class=\"menu-item menu-item-type-post_type menu-item-object-page menu-item-1714\"><a href=\"https:\/\/www.aeroermo.com\/home\/eventos\/\">Eventos<\/a><\/li>\n<li id=\"menu-item-169\" class=\"menu-item menu-item-type-post_type menu-item-object-page menu-item-169\"><a href=\"https:\/\/www.aeroermo.com\/home\/contacto\/\">CONTACTO<\/a><\/li>\n<li class=\"menu-item wpmenucartli wpmenucart-display-standard menu-item menu-item-type-post_type menu-item-object-page\" id=\"wpmenucartli\"><a class=\"wpmenucart-contents empty-wpmenucart\" style=\"display:none\">&nbsp;<\/a><\/li><\/ul>\t\t\n\t\t\t\t\t\t\t\t<\/nav>\n\t\t\t<\/div>\n\t\t<\/div>\n\t\t\t\t<\/div>\n\t\t\t\t<\/div>\n\t\t\t\t\t\t<\/div>\n\t\t\t\t\t<\/div>\n\t\t<\/div>\n\t\t\t\t\t\t\t\t<\/div>\n\t\t\t\t\t<\/div>\n\t\t<\/header>\n\t\t\t\t<section class=\"elementor-section elementor-top-section elementor-element elementor-element-175ee500 elementor-section-stretched stylepress-section-color-dark elementor-hidden-desktop elementor-section-boxed elementor-section-height-default elementor-section-height-default\" data-id=\"175ee500\" data-element_type=\"section\" data-settings=\"{&quot;stretch_section&quot;:&quot;section-stretched&quot;}\">\n\t\t\t\t\t\t<div class=\"elementor-container elementor-column-gap-no\">\n\t\t\t\t\t\t\t<div class=\"elementor-row\">\n\t\t\t\t\t<div class=\"elementor-column elementor-col-100 elementor-top-column elementor-element elementor-element-1bc99eb3\" data-id=\"1bc99eb3\" data-element_type=\"column\">\n\t\t\t<div class=\"elementor-column-wrap elementor-element-populated\">\n\t\t\t\t\t\t\t<div class=\"elementor-widget-wrap\">\n\t\t\t\t\t\t<div class=\"elementor-element elementor-element-2db166c5 elementor-invisible elementor-widget elementor-widget-navmenu-overlay\" data-id=\"2db166c5\" data-element_type=\"widget\" data-settings=\"{&quot;_animation&quot;:&quot;fadeInDown&quot;}\" data-widget_type=\"navmenu-overlay.default\">\n\t\t\t\t<div class=\"elementor-widget-container\">\n\t\t\t\t<!--<div class=\"navmenu-overlay\">-->\n\t\t<span id=\"touch-menu\" class=\"mobile-menu\"><span><\/span><\/span>\n\t\t<nav itemtype=\"http:\/\/schema.org\/SiteNavigationElement\" itemscope=\"itemscope\" class=\"overlay-navigation\" role=\"navigation\" aria-label=\"Men\u00fa de Elementor\">\n\t\t\t<ul id=\"menu-menu-principal\" class=\"\"><li class=\"menu-item menu-item-type-post_type menu-item-object-page menu-item-home menu-item-170\"><a href=\"https:\/\/www.aeroermo.com\/home\/\">HOME<\/a><\/li>\n<li class=\"menu-item menu-item-type-post_type menu-item-object-page menu-item-171\"><a href=\"https:\/\/www.aeroermo.com\/home\/quienes-somos\/\">SOBRE NOSOTROS<\/a><\/li>\n<li class=\"menu-item menu-item-type-post_type menu-item-object-page menu-item-167\"><a href=\"https:\/\/www.aeroermo.com\/home\/nuestras-ediciones\/\">EDICIONES<\/a><\/li>\n<li class=\"menu-item menu-item-type-post_type menu-item-object-page menu-item-9076\"><a href=\"https:\/\/www.aeroermo.com\/home\/blog\/\">NOTICIAS<\/a><\/li>\n<li class=\"menu-item menu-item-type-post_type menu-item-object-page menu-item-1714\"><a href=\"https:\/\/www.aeroermo.com\/home\/eventos\/\">Eventos<\/a><\/li>\n<li class=\"menu-item menu-item-type-post_type menu-item-object-page menu-item-169\"><a href=\"https:\/\/www.aeroermo.com\/home\/contacto\/\">CONTACTO<\/a><\/li>\n<li class=\"menu-item wpmenucartli wpmenucart-display-standard menu-item menu-item-type-post_type menu-item-object-page\" id=\"wpmenucartli\"><a class=\"wpmenucart-contents empty-wpmenucart\" style=\"display:none\">&nbsp;<\/a><\/li><\/ul>\t\t<\/nav>\n\t<!--<\/div>-->\n\t\t\t\t<\/div>\n\t\t\t\t<\/div>\n\t\t\t\t<div class=\"elementor-element elementor-element-6b748d05 elementor-widget elementor-widget-spacer\" data-id=\"6b748d05\" data-element_type=\"widget\" data-widget_type=\"spacer.default\">\n\t\t\t\t<div class=\"elementor-widget-container\">\n\t\t\t\t\t<div class=\"elementor-spacer\">\n\t\t\t<div class=\"elementor-spacer-inner\"><\/div>\n\t\t<\/div>\n\t\t\t\t<\/div>\n\t\t\t\t<\/div>\n\t\t\t\t\t\t<\/div>\n\t\t\t\t\t<\/div>\n\t\t<\/div>\n\t\t\t\t\t\t\t\t<\/div>\n\t\t\t\t\t<\/div>\n\t\t<\/section>\n\t\t\t\t<section class=\"elementor-section elementor-top-section elementor-element elementor-element-66e49e80 elementor-section-boxed elementor-section-height-default elementor-section-height-default stylepress-section-color-normal\" data-id=\"66e49e80\" data-element_type=\"section\">\n\t\t\t\t\t\t<div class=\"elementor-container elementor-column-gap-default\">\n\t\t\t\t\t\t\t<div class=\"elementor-row\">\n\t\t\t\t\t<div class=\"elementor-column elementor-col-100 elementor-top-column elementor-element elementor-element-7304f76b\" data-id=\"7304f76b\" data-element_type=\"column\">\n\t\t\t<div class=\"elementor-column-wrap elementor-element-populated\">\n\t\t\t\t\t\t\t<div class=\"elementor-widget-wrap\">\n\t\t\t\t\t\t<div class=\"elementor-element elementor-element-433bc4aa elementor-invisible elementor-widget elementor-widget-heading\" data-id=\"433bc4aa\" data-element_type=\"widget\" data-settings=\"{&quot;_animation&quot;:&quot;fadeInUp&quot;,&quot;_animation_delay&quot;:300}\" data-widget_type=\"heading.default\">\n\t\t\t\t<div class=\"elementor-widget-container\">\n\t\t\t<h2 class=\"elementor-heading-title elementor-size-default\">En la Costa Caribe, Barranquilla es eje de Easyfly para un ambicioso plan de conectividad regional<\/h2>\t\t<\/div>\n\t\t\t\t<\/div>\n\t\t\t\t<div class=\"elementor-element elementor-element-12fef4a2 elementor-invisible elementor-widget elementor-widget-image\" data-id=\"12fef4a2\" data-element_type=\"widget\" data-settings=\"{&quot;_animation&quot;:&quot;fadeInLeft&quot;,&quot;_animation_delay&quot;:300}\" data-widget_type=\"image.default\">\n\t\t\t\t<div class=\"elementor-widget-container\">\n\t\t\t\t\t<div class=\"elementor-image\">\n\t\t\t\t\t\t\t\t\t\t<img width=\"1024\" height=\"768\" src=\"https:\/\/www.aeroermo.com\/home\/wp-content\/uploads\/2021\/06\/Easyfly-ATR-06-2021-1024x768.jpg\" class=\"attachment-large size-large\" alt=\"\" loading=\"lazy\" srcset=\"https:\/\/www.aeroermo.com\/home\/wp-content\/uploads\/2021\/06\/Easyfly-ATR-06-2021-1024x768.jpg 1024w, https:\/\/www.aeroermo.com\/home\/wp-content\/uploads\/2021\/06\/Easyfly-ATR-06-2021-300x225.jpg 300w, https:\/\/www.aeroermo.com\/home\/wp-content\/uploads\/2021\/06\/Easyfly-ATR-06-2021-768x576.jpg 768w, https:\/\/www.aeroermo.com\/home\/wp-content\/uploads\/2021\/06\/Easyfly-ATR-06-2021-830x623.jpg 830w, https:\/\/www.aeroermo.com\/home\/wp-content\/uploads\/2021\/06\/Easyfly-ATR-06-2021-230x173.jpg 230w, https:\/\/www.aeroermo.com\/home\/wp-content\/uploads\/2021\/06\/Easyfly-ATR-06-2021-350x263.jpg 350w, https:\/\/www.aeroermo.com\/home\/wp-content\/uploads\/2021\/06\/Easyfly-ATR-06-2021-480x360.jpg 480w, https:\/\/www.aeroermo.com\/home\/wp-content\/uploads\/2021\/06\/Easyfly-ATR-06-2021-200x150.jpg 200w, https:\/\/www.aeroermo.com\/home\/wp-content\/uploads\/2021\/06\/Easyfly-ATR-06-2021.jpg 1280w\" sizes=\"(max-width: 1024px) 100vw, 1024px\" \/>\t\t\t\t\t\t\t\t\t\t\t<\/div>\n\t\t\t\t<\/div>\n\t\t\t\t<\/div>\n\t\t\t\t<div class=\"elementor-element elementor-element-bcf44d2 elementor-widget elementor-widget-spacer\" data-id=\"bcf44d2\" data-element_type=\"widget\" data-widget_type=\"spacer.default\">\n\t\t\t\t<div class=\"elementor-widget-container\">\n\t\t\t\t\t<div class=\"elementor-spacer\">\n\t\t\t<div class=\"elementor-spacer-inner\"><\/div>\n\t\t<\/div>\n\t\t\t\t<\/div>\n\t\t\t\t<\/div>\n\t\t\t\t<div class=\"elementor-element elementor-element-9a9da5f elementor-widget elementor-widget-text-editor\" data-id=\"9a9da5f\" data-element_type=\"widget\" data-widget_type=\"text-editor.default\">\n\t\t\t\t<div class=\"elementor-widget-container\">\n\t\t\t\t\t<div class=\"elementor-text-editor elementor-clearfix\"><ul>\n<li><strong><em>A partir del 31 de enero de 2022, la ruta Barranquilla- Monter\u00eda- Barranquilla ser\u00e1 operada con 2 vuelos diarios de lunes a viernes.<\/em><\/strong><\/li>\n<li><strong><em>As\u00ed mismo, la ruta Barranquilla- Bucaramanga- Barranquilla incrementa sus frecuencias con hasta 2 vuelos diarios.<\/em><\/strong><\/li>\n<li><strong><em>Se reactiva la ruta Barranquilla \u2013Valledupar- Barranquilla con hasta dos vuelos diarios de lunes a viernes.<\/em><\/strong><\/li>\n<\/ul><\/div>\n\t\t\t\t<\/div>\n\t\t\t\t<\/div>\n\t\t\t\t<div class=\"elementor-element elementor-element-2e3564e elementor-widget elementor-widget-text-editor\" data-id=\"2e3564e\" data-element_type=\"widget\" data-widget_type=\"text-editor.default\">\n\t\t\t\t<div class=\"elementor-widget-container\">\n\t\t\t\t\t<div class=\"elementor-text-editor elementor-clearfix\"><p>Easyfly, la aerol\u00ednea l\u00edder del mercado regional, sigue mostrando su compromiso con la conectividad \u00e1rea de la Puerta de oro de Colombia, Barranquilla. Gracias a la confianza depositada de los clientes y necesidades de los mercados de C\u00f3rdoba y Santander, se ha decido avanzar con el plan de conectividad de la regi\u00f3n ampliando su oferta de operaci\u00f3n en la ruta Barranquilla \u2013 Monter\u00eda- Barranquilla y Barranquilla- Bucaramanga \u2013 Barranquilla de lunes, mi\u00e9rcoles y viernes, a una operaci\u00f3n diaria de lunes a viernes con hasta 2 vuelos diarios y los fines semana un vuelo diario a partir del 31 de enero de 2022, el cual les permitir\u00e1 a los viajeros ir y volver, minimizar tiempo, y costos para sus traslados.<\/p>\n<p>Se suma una nueva reactivaci\u00f3n para conectar a Barranquilla y es la ruta Barraquilla \u2013 Valledupar- Barranquilla, a partir del 31 de enero de 2022; la cual le permitir\u00e1 al Departamento del Cesar su capital\u00a0 Valledupar, el epicentro musical, cultural y folcl\u00f3rico de Colombia, disfrutar de un segundo destino en conectividad a\u00e9rea directa luego de la reciente ruta inaugurada Medell\u00edn-Valledupar- Medell\u00edn, la cual ha tenido excelentes resultados movilizando a m\u00e1s de 1.400 pajeros entre las dos regiones.<\/p>\n<p>Las rutas, ser\u00e1n operadas de forma directa, en aviones ATR42 con capacidad para 48 pasajeros en las siguientes franjas horarias:<\/p><\/div>\n\t\t\t\t<\/div>\n\t\t\t\t<\/div>\n\t\t\t\t<div class=\"elementor-element elementor-element-b6b0ca5 elementor-widget elementor-widget-image\" data-id=\"b6b0ca5\" data-element_type=\"widget\" data-widget_type=\"image.default\">\n\t\t\t\t<div class=\"elementor-widget-container\">\n\t\t\t\t\t<div class=\"elementor-image\">\n\t\t\t\t\t\t\t\t\t\t<img width=\"700\" height=\"310\" src=\"https:\/\/www.aeroermo.com\/home\/wp-content\/uploads\/2022\/01\/Easyfly-vuelos-Barranquilla-01-2022.png\" class=\"attachment-large size-large\" alt=\"\" loading=\"lazy\" srcset=\"https:\/\/www.aeroermo.com\/home\/wp-content\/uploads\/2022\/01\/Easyfly-vuelos-Barranquilla-01-2022.png 700w, https:\/\/www.aeroermo.com\/home\/wp-content\/uploads\/2022\/01\/Easyfly-vuelos-Barranquilla-01-2022-300x133.png 300w, https:\/\/www.aeroermo.com\/home\/wp-content\/uploads\/2022\/01\/Easyfly-vuelos-Barranquilla-01-2022-230x102.png 230w, https:\/\/www.aeroermo.com\/home\/wp-content\/uploads\/2022\/01\/Easyfly-vuelos-Barranquilla-01-2022-350x155.png 350w, https:\/\/www.aeroermo.com\/home\/wp-content\/uploads\/2022\/01\/Easyfly-vuelos-Barranquilla-01-2022-480x213.png 480w, https:\/\/www.aeroermo.com\/home\/wp-content\/uploads\/2022\/01\/Easyfly-vuelos-Barranquilla-01-2022-200x89.png 200w\" sizes=\"(max-width: 700px) 100vw, 700px\" \/>\t\t\t\t\t\t\t\t\t\t\t<\/div>\n\t\t\t\t<\/div>\n\t\t\t\t<\/div>\n\t\t\t\t<div class=\"elementor-element elementor-element-89d0602 elementor-widget elementor-widget-spacer\" data-id=\"89d0602\" data-element_type=\"widget\" data-widget_type=\"spacer.default\">\n\t\t\t\t<div class=\"elementor-widget-container\">\n\t\t\t\t\t<div class=\"elementor-spacer\">\n\t\t\t<div class=\"elementor-spacer-inner\"><\/div>\n\t\t<\/div>\n\t\t\t\t<\/div>\n\t\t\t\t<\/div>\n\t\t\t\t<div class=\"elementor-element elementor-element-d5773d0 elementor-widget elementor-widget-text-editor\" data-id=\"d5773d0\" data-element_type=\"widget\" data-widget_type=\"text-editor.default\">\n\t\t\t\t<div class=\"elementor-widget-container\">\n\t\t\t\t\t<div class=\"elementor-text-editor elementor-clearfix\"><p>Desde la reactivaci\u00f3n en la ciudad de Barranquilla, Easyfly ha transportado desde el aeropuerto Ernesto Cortissoz a m\u00e1s de 18.000 pasajeros entre monter\u00eda y Bucaramanga resultados que respaldan su plan de conectividad para la regi\u00f3n por tal raz\u00f3n Easyfly continuar\u00e1 apostando por fortalecer las regiones de Colombia trav\u00e9s de la apertura de nuevas rutas y el aumento de frecuencias, ofreciendo a los viajeros un transporte seguro y eficiente.<\/p>\n<p>Easyfly, invita a los pasajeros interesados en viajar en la rutas, adquirir sus tiquetes disponibles en todos los canales de venta con los que cuenta la aerol\u00ednea: <strong>call center, agencias de viajes, aeropuertos\u00a0 y a trav\u00e9s de la p\u00e1gina web<\/strong> <span style=\"color: #3366ff;\"><strong><a style=\"color: #3366ff;\" href=\"http:\/\/www.easyfly.com.co\/\" target=\"_blank\" rel=\"noopener\">www.easyfly.com.co<\/a><\/strong><\/span>.<\/p>\n<p><strong>Prensa Easyfly<\/strong><\/p><\/div>\n\t\t\t\t<\/div>\n\t\t\t\t<\/div>\n\t\t\t\t<div class=\"elementor-element elementor-element-5733ae9e elementor-widget elementor-widget-spacer\" data-id=\"5733ae9e\" data-element_type=\"widget\" data-widget_type=\"spacer.default\">\n\t\t\t\t<div class=\"elementor-widget-container\">\n\t\t\t\t\t<div class=\"elementor-spacer\">\n\t\t\t<div class=\"elementor-spacer-inner\"><\/div>\n\t\t<\/div>\n\t\t\t\t<\/div>\n\t\t\t\t<\/div>\n\t\t\t\t\t\t<\/div>\n\t\t\t\t\t<\/div>\n\t\t<\/div>\n\t\t\t\t\t\t\t\t<\/div>\n\t\t\t\t\t<\/div>\n\t\t<\/section>\n\t\t\t\t<footer class=\"elementor-section elementor-top-section elementor-element elementor-element-928e827 elementor-section-stretched footerpagina animated-fast elementor-section-boxed elementor-section-height-default elementor-section-height-default stylepress-section-color-normal elementor-invisible\" data-id=\"928e827\" data-element_type=\"section\" id=\"footerpagina\" data-settings=\"{&quot;stretch_section&quot;:&quot;section-stretched&quot;,&quot;background_background&quot;:&quot;classic&quot;,&quot;animation&quot;:&quot;fadeInUp&quot;}\">\n\t\t\t\t\t\t<div class=\"elementor-container elementor-column-gap-default\">\n\t\t\t\t\t\t\t<div class=\"elementor-row\">\n\t\t\t\t\t<div class=\"elementor-column elementor-col-25 elementor-top-column elementor-element elementor-element-10f297c0\" data-id=\"10f297c0\" data-element_type=\"column\">\n\t\t\t<div class=\"elementor-column-wrap elementor-element-populated\">\n\t\t\t\t\t\t\t<div class=\"elementor-widget-wrap\">\n\t\t\t\t\t\t<div class=\"elementor-element elementor-element-b3a02fc elementor-widget elementor-widget-spacer\" data-id=\"b3a02fc\" data-element_type=\"widget\" data-widget_type=\"spacer.default\">\n\t\t\t\t<div class=\"elementor-widget-container\">\n\t\t\t\t\t<div class=\"elementor-spacer\">\n\t\t\t<div class=\"elementor-spacer-inner\"><\/div>\n\t\t<\/div>\n\t\t\t\t<\/div>\n\t\t\t\t<\/div>\n\t\t\t\t<div class=\"elementor-element elementor-element-1b8353f7 elementor-invisible elementor-widget elementor-widget-heading\" data-id=\"1b8353f7\" data-element_type=\"widget\" data-settings=\"{&quot;_animation&quot;:&quot;zoomIn&quot;,&quot;_animation_delay&quot;:200}\" data-widget_type=\"heading.default\">\n\t\t\t\t<div class=\"elementor-widget-container\">\n\t\t\t<h5 class=\"elementor-heading-title elementor-size-default\">Cont\u00e1ctanos:<\/h5>\t\t<\/div>\n\t\t\t\t<\/div>\n\t\t\t\t<section class=\"elementor-section elementor-inner-section elementor-element elementor-element-52c4577 elementor-section-boxed elementor-section-height-default elementor-section-height-default stylepress-section-color-normal elementor-invisible\" data-id=\"52c4577\" data-element_type=\"section\" data-settings=\"{&quot;animation&quot;:&quot;fadeInLeft&quot;,&quot;animation_delay&quot;:300}\">\n\t\t\t\t\t\t<div class=\"elementor-container elementor-column-gap-default\">\n\t\t\t\t\t\t\t<div class=\"elementor-row\">\n\t\t\t\t\t<div class=\"elementor-column elementor-col-100 elementor-inner-column elementor-element elementor-element-1503e84b\" data-id=\"1503e84b\" data-element_type=\"column\">\n\t\t\t<div class=\"elementor-column-wrap elementor-element-populated\">\n\t\t\t\t\t\t\t<div class=\"elementor-widget-wrap\">\n\t\t\t\t\t\t<div class=\"elementor-element elementor-element-5352c2d4 elementor-widget elementor-widget-text-editor\" data-id=\"5352c2d4\" data-element_type=\"widget\" data-widget_type=\"text-editor.default\">\n\t\t\t\t<div class=\"elementor-widget-container\">\n\t\t\t\t\t<div class=\"elementor-text-editor elementor-clearfix\"><p>Calle 24B #74-27,<br \/><span style=\"color: #0095d9;\">Bogot\u00e1 \u2013 Colombia<br \/>Tel\u00e9fono:<\/span><br \/>+57 1 4672353<br \/><span style=\"color: #0095d9;\">M\u00f3vil:<\/span><br \/>311 5104038 \/ USA: +1 305 7717007<br \/>Email: info<span style=\"color: #0095d9;\">@<\/span>AeroErmo.com<\/p><\/div>\n\t\t\t\t<\/div>\n\t\t\t\t<\/div>\n\t\t\t\t\t\t<\/div>\n\t\t\t\t\t<\/div>\n\t\t<\/div>\n\t\t\t\t\t\t\t\t<\/div>\n\t\t\t\t\t<\/div>\n\t\t<\/section>\n\t\t\t\t\t\t<\/div>\n\t\t\t\t\t<\/div>\n\t\t<\/div>\n\t\t\t\t<div class=\"elementor-column elementor-col-25 elementor-top-column elementor-element elementor-element-5c51898d\" data-id=\"5c51898d\" data-element_type=\"column\">\n\t\t\t<div class=\"elementor-column-wrap elementor-element-populated\">\n\t\t\t\t\t\t\t<div class=\"elementor-widget-wrap\">\n\t\t\t\t\t\t<div class=\"elementor-element elementor-element-17ce7cca elementor-widget elementor-widget-spacer\" data-id=\"17ce7cca\" data-element_type=\"widget\" data-widget_type=\"spacer.default\">\n\t\t\t\t<div class=\"elementor-widget-container\">\n\t\t\t\t\t<div class=\"elementor-spacer\">\n\t\t\t<div class=\"elementor-spacer-inner\"><\/div>\n\t\t<\/div>\n\t\t\t\t<\/div>\n\t\t\t\t<\/div>\n\t\t\t\t<div class=\"elementor-element elementor-element-331a4cd3 elementor-invisible elementor-widget elementor-widget-heading\" data-id=\"331a4cd3\" data-element_type=\"widget\" data-settings=\"{&quot;_animation&quot;:&quot;zoomIn&quot;,&quot;_animation_delay&quot;:200}\" data-widget_type=\"heading.default\">\n\t\t\t\t<div class=\"elementor-widget-container\">\n\t\t\t<h5 class=\"elementor-heading-title elementor-size-default\">men\u00fa:<\/h5>\t\t<\/div>\n\t\t\t\t<\/div>\n\t\t\t\t<section class=\"elementor-section elementor-inner-section elementor-element elementor-element-3f7d96af elementor-section-boxed elementor-section-height-default elementor-section-height-default stylepress-section-color-normal elementor-invisible\" data-id=\"3f7d96af\" data-element_type=\"section\" data-settings=\"{&quot;animation&quot;:&quot;fadeInUp&quot;,&quot;animation_delay&quot;:300}\">\n\t\t\t\t\t\t<div class=\"elementor-container elementor-column-gap-default\">\n\t\t\t\t\t\t\t<div class=\"elementor-row\">\n\t\t\t\t\t<div class=\"elementor-column elementor-col-50 elementor-inner-column elementor-element elementor-element-2bced5d7\" data-id=\"2bced5d7\" data-element_type=\"column\">\n\t\t\t<div class=\"elementor-column-wrap elementor-element-populated\">\n\t\t\t\t\t\t\t<div class=\"elementor-widget-wrap\">\n\t\t\t\t\t\t<div class=\"elementor-element elementor-element-687d4227 elementor-widget elementor-widget-text-editor\" data-id=\"687d4227\" data-element_type=\"widget\" data-widget_type=\"text-editor.default\">\n\t\t\t\t<div class=\"elementor-widget-container\">\n\t\t\t\t\t<div class=\"elementor-text-editor elementor-clearfix\"><p><a style=\"color: white; font-size: 13px;\" href=\"https:\/\/www.aeroermo.com\/home\/\">HOME<\/a><br \/><a style=\"color: white; font-size: 13px;\" href=\"https:\/\/www.aeroermo.com\/home\/quienes-somos\">SOBRE NOSOTROS<\/a><br \/><a style=\"color: white; font-size: 13px;\" href=\"https:\/\/www.aeroermo.com\/home\/nuestras-ediciones\">EDICIONES<\/a><br \/><a style=\"color: white; font-size: 13px;\" href=\"https:\/\/www.aeroermo.com\/home\/eventos\/\">EVENTOS<\/a><br \/><a style=\"color: white; font-size: 13px;\" href=\"https:\/\/www.aeroermo.com\/home\/media-kit\">MEDIA KIT<\/a><br \/><a style=\"color: white; font-size: 13px;\" href=\"https:\/\/www.aeroermo.com\/home\/contacto\">CONTACTO<\/a><\/p><\/div>\n\t\t\t\t<\/div>\n\t\t\t\t<\/div>\n\t\t\t\t\t\t<\/div>\n\t\t\t\t\t<\/div>\n\t\t<\/div>\n\t\t\t\t<div class=\"elementor-column elementor-col-50 elementor-inner-column elementor-element elementor-element-7e2ed6ec\" data-id=\"7e2ed6ec\" data-element_type=\"column\">\n\t\t\t<div class=\"elementor-column-wrap elementor-element-populated\">\n\t\t\t\t\t\t\t<div class=\"elementor-widget-wrap\">\n\t\t\t\t\t\t<div class=\"elementor-element elementor-element-570fec50 elementor-widget elementor-widget-text-editor\" data-id=\"570fec50\" data-element_type=\"widget\" data-widget_type=\"text-editor.default\">\n\t\t\t\t<div class=\"elementor-widget-container\">\n\t\t\t\t\t<div class=\"elementor-text-editor elementor-clearfix\"><p><a style=\"color: white; font-size: 13px;\" href=\"https:\/\/www.aeroermo.com\/home\/blog\">NOTICIAS<\/a><br \/><a style=\"color: white; font-size: 13px;\" href=\"https:\/\/www.aeroermo.com\/home\/media-kit\/\">PUBLICIDAD<\/a><br \/><a style=\"color: white; font-size: 13px;\" href=\"https:\/\/www.aeroermo.com\/home\/suscribase\/\">SUSCRIBASE<\/a><br \/><a style=\"color: white; font-size: 13px;\" href=\"https:\/\/www.aeroermo.com\/home\/wp-admin\">INICIAR SESI\u00d3N<\/a><\/p><\/div>\n\t\t\t\t<\/div>\n\t\t\t\t<\/div>\n\t\t\t\t\t\t<\/div>\n\t\t\t\t\t<\/div>\n\t\t<\/div>\n\t\t\t\t\t\t\t\t<\/div>\n\t\t\t\t\t<\/div>\n\t\t<\/section>\n\t\t\t\t\t\t<\/div>\n\t\t\t\t\t<\/div>\n\t\t<\/div>\n\t\t\t\t<div class=\"elementor-column elementor-col-25 elementor-top-column elementor-element elementor-element-3e4f4bde\" data-id=\"3e4f4bde\" data-element_type=\"column\">\n\t\t\t<div class=\"elementor-column-wrap elementor-element-populated\">\n\t\t\t\t\t\t\t<div class=\"elementor-widget-wrap\">\n\t\t\t\t\t\t<div class=\"elementor-element elementor-element-6b08068b elementor-widget elementor-widget-spacer\" data-id=\"6b08068b\" data-element_type=\"widget\" data-widget_type=\"spacer.default\">\n\t\t\t\t<div class=\"elementor-widget-container\">\n\t\t\t\t\t<div class=\"elementor-spacer\">\n\t\t\t<div class=\"elementor-spacer-inner\"><\/div>\n\t\t<\/div>\n\t\t\t\t<\/div>\n\t\t\t\t<\/div>\n\t\t\t\t<section class=\"elementor-section elementor-inner-section elementor-element elementor-element-3bb6f414 elementor-section-content-top elementor-hidden-tablet elementor-hidden-phone elementor-section-boxed elementor-section-height-default elementor-section-height-default stylepress-section-color-normal elementor-invisible\" data-id=\"3bb6f414\" data-element_type=\"section\" data-settings=\"{&quot;animation&quot;:&quot;bounceIn&quot;,&quot;animation_delay&quot;:300}\">\n\t\t\t\t\t\t<div class=\"elementor-container elementor-column-gap-narrow\">\n\t\t\t\t\t\t\t<div class=\"elementor-row\">\n\t\t\t\t\t<div class=\"elementor-column elementor-col-100 elementor-inner-column elementor-element elementor-element-76ea48a0\" data-id=\"76ea48a0\" data-element_type=\"column\">\n\t\t\t<div class=\"elementor-column-wrap elementor-element-populated\">\n\t\t\t\t\t\t\t<div class=\"elementor-widget-wrap\">\n\t\t\t\t\t\t<div class=\"elementor-element elementor-element-273008af elementor-hidden-tablet elementor-hidden-phone elementor-invisible elementor-widget elementor-widget-heading\" data-id=\"273008af\" data-element_type=\"widget\" data-settings=\"{&quot;_animation&quot;:&quot;zoomIn&quot;,&quot;_animation_delay&quot;:200}\" data-widget_type=\"heading.default\">\n\t\t\t\t<div class=\"elementor-widget-container\">\n\t\t\t<h5 class=\"elementor-heading-title elementor-size-default\">VISITA NUESTRAS REDES:<\/h5>\t\t<\/div>\n\t\t\t\t<\/div>\n\t\t\t\t\t\t<\/div>\n\t\t\t\t\t<\/div>\n\t\t<\/div>\n\t\t\t\t\t\t\t\t<\/div>\n\t\t\t\t\t<\/div>\n\t\t<\/section>\n\t\t\t\t<section class=\"elementor-section elementor-inner-section elementor-element elementor-element-157e4baa elementor-section-content-top elementor-hidden-tablet elementor-hidden-phone elementor-section-boxed elementor-section-height-default elementor-section-height-default stylepress-section-color-normal elementor-invisible\" data-id=\"157e4baa\" data-element_type=\"section\" data-settings=\"{&quot;animation&quot;:&quot;bounceIn&quot;,&quot;animation_delay&quot;:300}\">\n\t\t\t\t\t\t<div class=\"elementor-container elementor-column-gap-no\">\n\t\t\t\t\t\t\t<div class=\"elementor-row\">\n\t\t\t\t\t<div class=\"elementor-column elementor-col-25 elementor-inner-column elementor-element elementor-element-27c2019f\" data-id=\"27c2019f\" data-element_type=\"column\">\n\t\t\t<div class=\"elementor-column-wrap elementor-element-populated\">\n\t\t\t\t\t\t\t<div class=\"elementor-widget-wrap\">\n\t\t\t\t\t\t<div class=\"elementor-element elementor-element-4e05d2a2 elementor-widget elementor-widget-image\" data-id=\"4e05d2a2\" data-element_type=\"widget\" data-widget_type=\"image.default\">\n\t\t\t\t<div class=\"elementor-widget-container\">\n\t\t\t\t\t<div class=\"elementor-image\">\n\t\t\t\t\t\t\t\t\t\t\t<a href=\"https:\/\/twitter.com\/aeroermo\" target=\"_blank\">\n\t\t\t\t\t\t\t<img src=\"https:\/\/www.aeroermo.com\/home\/wp-content\/uploads\/elementor\/thumbs\/tw-pn0vbuyzypymd5b7rnx284wb2frrx5sds9qshw0ygk.png\" title=\"tw\" alt=\"tw\" \/>\t\t\t\t\t\t\t\t<\/a>\n\t\t\t\t\t\t\t\t\t\t\t<\/div>\n\t\t\t\t<\/div>\n\t\t\t\t<\/div>\n\t\t\t\t\t\t<\/div>\n\t\t\t\t\t<\/div>\n\t\t<\/div>\n\t\t\t\t<div class=\"elementor-column elementor-col-25 elementor-inner-column elementor-element elementor-element-5600d4e1\" data-id=\"5600d4e1\" data-element_type=\"column\">\n\t\t\t<div class=\"elementor-column-wrap elementor-element-populated\">\n\t\t\t\t\t\t\t<div class=\"elementor-widget-wrap\">\n\t\t\t\t\t\t<div class=\"elementor-element elementor-element-4454a263 elementor-widget elementor-widget-image\" data-id=\"4454a263\" data-element_type=\"widget\" data-widget_type=\"image.default\">\n\t\t\t\t<div class=\"elementor-widget-container\">\n\t\t\t\t\t<div class=\"elementor-image\">\n\t\t\t\t\t\t\t\t\t\t\t<a href=\"https:\/\/www.instagram.com\/aeroermo\/\" target=\"_blank\">\n\t\t\t\t\t\t\t<img src=\"https:\/\/www.aeroermo.com\/home\/wp-content\/uploads\/elementor\/thumbs\/ig-pn0vbu15rvxc1jckx5ifnn4uh1wepgong53b0m2cms.png\" title=\"ig\" alt=\"ig\" \/>\t\t\t\t\t\t\t\t<\/a>\n\t\t\t\t\t\t\t\t\t\t\t<\/div>\n\t\t\t\t<\/div>\n\t\t\t\t<\/div>\n\t\t\t\t\t\t<\/div>\n\t\t\t\t\t<\/div>\n\t\t<\/div>\n\t\t\t\t<div class=\"elementor-column elementor-col-25 elementor-inner-column elementor-element elementor-element-31af1b3e\" data-id=\"31af1b3e\" data-element_type=\"column\">\n\t\t\t<div class=\"elementor-column-wrap elementor-element-populated\">\n\t\t\t\t\t\t\t<div class=\"elementor-widget-wrap\">\n\t\t\t\t\t\t<div class=\"elementor-element elementor-element-484ab29c elementor-widget elementor-widget-image\" data-id=\"484ab29c\" data-element_type=\"widget\" data-widget_type=\"image.default\">\n\t\t\t\t<div class=\"elementor-widget-container\">\n\t\t\t\t\t<div class=\"elementor-image\">\n\t\t\t\t\t\t\t\t\t\t\t<a href=\"https:\/\/www.facebook.com\/aeroermo\/\" target=\"_blank\">\n\t\t\t\t\t\t\t<img src=\"https:\/\/www.aeroermo.com\/home\/wp-content\/uploads\/elementor\/thumbs\/fb-pn0vbs5he7urebfb84p6inlxaa5oa2h6rvsc2254z8.png\" title=\"fb\" alt=\"fb\" \/>\t\t\t\t\t\t\t\t<\/a>\n\t\t\t\t\t\t\t\t\t\t\t<\/div>\n\t\t\t\t<\/div>\n\t\t\t\t<\/div>\n\t\t\t\t\t\t<\/div>\n\t\t\t\t\t<\/div>\n\t\t<\/div>\n\t\t\t\t<div class=\"elementor-column elementor-col-25 elementor-inner-column elementor-element elementor-element-439cfe54\" data-id=\"439cfe54\" data-element_type=\"column\">\n\t\t\t<div class=\"elementor-column-wrap elementor-element-populated\">\n\t\t\t\t\t\t\t<div class=\"elementor-widget-wrap\">\n\t\t\t\t\t\t<div class=\"elementor-element elementor-element-4894d9f elementor-widget elementor-widget-image\" data-id=\"4894d9f\" data-element_type=\"widget\" data-widget_type=\"image.default\">\n\t\t\t\t<div class=\"elementor-widget-container\">\n\t\t\t\t\t<div class=\"elementor-image\">\n\t\t\t\t\t\t\t\t\t\t\t<a href=\"https:\/\/www.youtube.com\/user\/Aeroermo\" target=\"_blank\">\n\t\t\t\t\t\t\t<img src=\"https:\/\/www.aeroermo.com\/home\/wp-content\/uploads\/elementor\/thumbs\/yt-pn0vbwuoce170d8hgoqbd4f897iicjzugj1rgfy644.png\" title=\"yt\" alt=\"yt\" \/>\t\t\t\t\t\t\t\t<\/a>\n\t\t\t\t\t\t\t\t\t\t\t<\/div>\n\t\t\t\t<\/div>\n\t\t\t\t<\/div>\n\t\t\t\t\t\t<\/div>\n\t\t\t\t\t<\/div>\n\t\t<\/div>\n\t\t\t\t\t\t\t\t<\/div>\n\t\t\t\t\t<\/div>\n\t\t<\/section>\n\t\t\t\t\t\t<\/div>\n\t\t\t\t\t<\/div>\n\t\t<\/div>\n\t\t\t\t<div class=\"elementor-column elementor-col-25 elementor-top-column elementor-element elementor-element-439e1b34\" data-id=\"439e1b34\" data-element_type=\"column\">\n\t\t\t<div class=\"elementor-column-wrap\">\n\t\t\t\t\t\t\t<div class=\"elementor-widget-wrap\">\n\t\t\t\t\t\t\t\t<\/div>\n\t\t\t\t\t<\/div>\n\t\t<\/div>\n\t\t\t\t\t\t\t\t<\/div>\n\t\t\t\t\t<\/div>\n\t\t<\/footer>\n\t\t\t\t<section class=\"elementor-section elementor-top-section elementor-element elementor-element-464d2099 elementor-section-stretched elementor-section-full_width elementor-section-height-default elementor-section-height-default stylepress-section-color-normal\" data-id=\"464d2099\" data-element_type=\"section\" data-settings=\"{&quot;stretch_section&quot;:&quot;section-stretched&quot;,&quot;background_background&quot;:&quot;classic&quot;}\">\n\t\t\t\t\t\t<div class=\"elementor-container elementor-column-gap-default\">\n\t\t\t\t\t\t\t<div class=\"elementor-row\">\n\t\t\t\t\t<div class=\"elementor-column elementor-col-100 elementor-top-column elementor-element elementor-element-27590be3\" data-id=\"27590be3\" data-element_type=\"column\">\n\t\t\t<div class=\"elementor-column-wrap elementor-element-populated\">\n\t\t\t\t\t\t\t<div class=\"elementor-widget-wrap\">\n\t\t\t\t\t\t<div class=\"elementor-element elementor-element-11e5f60a elementor-invisible elementor-widget elementor-widget-text-editor\" data-id=\"11e5f60a\" data-element_type=\"widget\" data-settings=\"{&quot;_animation&quot;:&quot;fadeInRight&quot;,&quot;_animation_delay&quot;:200}\" data-widget_type=\"text-editor.default\">\n\t\t\t\t<div class=\"elementor-widget-container\">\n\t\t\t\t\t<div class=\"elementor-text-editor elementor-clearfix\"><p style=\"font-size: 13px;\">Dise\u00f1ado y digramado por<a style=\"color: #00a0e5;\" href=\"http:\/\/www.clovergraf.com\/\" target=\"_blank\" rel=\"noopener\">\u00a0www.clovergraf.com <\/a> todos los derechos reservados<\/p><\/div>\n\t\t\t\t<\/div>\n\t\t\t\t<\/div>\n\t\t\t\t\t\t<\/div>\n\t\t\t\t\t<\/div>\n\t\t<\/div>\n\t\t\t\t\t\t\t\t<\/div>\n\t\t\t\t\t<\/div>\n\t\t<\/section>\n\t\t\t\t\t\t<\/div>\n\t\t\t\t\t\t<\/div>\n\t\t\t\t\t<\/div>\n\t\t","protected":false},"excerpt":{"rendered":"<p>SUSCRIBASE | INICIAR SESI\u00d3N HOME SOBRE NOSOTROS EDICIONES NOTICIAS Eventos CONTACTO &nbsp; [&hellip;]<\/p>\n","protected":false},"author":1,"featured_media":13933,"comment_status":"open","ping_status":"open","sticky":false,"template":"elementor_canvas","format":"standard","meta":[],"categories":[35],"tags":[],"yoast_head":"<!-- This site is optimized with the Yoast SEO plugin v14.9 - https:\/\/yoast.com\/wordpress\/plugins\/seo\/ -->\n<title>En la Costa Caribe, Barranquilla es eje de Easyfly para un ambicioso plan de conectividad regional - AeroErmo<\/title>\n<meta name=\"description\" content=\"Nos destacamos por ser la \u00fanica publicaci\u00f3n especializada reconocida en Latinoam\u00e9rica que aborda y proyecta temas de aviaci\u00f3n de manera innovadora y diferente. Nos enfocamos en abarcar \u00e1reas importantes como educaci\u00f3n, reparaciones, mantenimiento, operaciones y actualidad tecnol\u00f3gica, as\u00ed como los \u00faltimos avances asociados al desarrollo del sector en Colombia y el mundo\" \/>\n<meta name=\"robots\" content=\"index, follow, max-snippet:-1, max-image-preview:large, max-video-preview:-1\" \/>\n<link rel=\"canonical\" href=\"https:\/\/www.aeroermo.com\/home\/en-la-costa-caribe-barranquilla-es-eje-de-easyfly-para-un-ambicioso-plan-de-conectividad-regional\/\" \/>\n<meta property=\"og:locale\" content=\"es_ES\" \/>\n<meta property=\"og:type\" content=\"article\" \/>\n<meta property=\"og:title\" content=\"En la Costa Caribe, Barranquilla es eje de Easyfly para un ambicioso plan de conectividad regional - AeroErmo\" \/>\n<meta property=\"og:description\" content=\"Nos destacamos por ser la \u00fanica publicaci\u00f3n especializada reconocida en Latinoam\u00e9rica que aborda y proyecta temas de aviaci\u00f3n de manera innovadora y diferente. Nos enfocamos en abarcar \u00e1reas importantes como educaci\u00f3n, reparaciones, mantenimiento, operaciones y actualidad tecnol\u00f3gica, as\u00ed como los \u00faltimos avances asociados al desarrollo del sector en Colombia y el mundo\" \/>\n<meta property=\"og:url\" content=\"https:\/\/www.aeroermo.com\/home\/en-la-costa-caribe-barranquilla-es-eje-de-easyfly-para-un-ambicioso-plan-de-conectividad-regional\/\" \/>\n<meta property=\"og:site_name\" content=\"AeroErmo\" \/>\n<meta property=\"article:publisher\" content=\"https:\/\/www.facebook.com\/aeroermo\" \/>\n<meta property=\"article:published_time\" content=\"2022-01-18T19:02:30+00:00\" \/>\n<meta property=\"article:modified_time\" content=\"2022-01-18T19:42:04+00:00\" \/>\n<meta property=\"og:image\" content=\"https:\/\/www.aeroermo.com\/home\/wp-content\/uploads\/2021\/06\/Easyfly-ATR-06-2021.jpg\" \/>\n\t<meta property=\"og:image:width\" content=\"1280\" \/>\n\t<meta property=\"og:image:height\" content=\"960\" \/>\n<meta name=\"twitter:card\" content=\"summary_large_image\" \/>\n<meta name=\"twitter:creator\" content=\"@aeroERMO\" \/>\n<meta name=\"twitter:site\" content=\"@aeroERMO\" \/>\n<script type=\"application\/ld+json\" class=\"yoast-schema-graph\">{\"@context\":\"https:\/\/schema.org\",\"@graph\":[{\"@type\":\"Organization\",\"@id\":\"https:\/\/www.aeroermo.com\/home\/#organization\",\"name\":\"AeroErmo\",\"url\":\"https:\/\/www.aeroermo.com\/home\/\",\"sameAs\":[\"https:\/\/www.facebook.com\/aeroermo\",\"https:\/\/www.instagram.com\/aeroermo\/?hl=es-la\",\"https:\/\/co.linkedin.com\/company\/aeroermo-revista-aeronautica\",\"https:\/\/www.youtube.com\/channel\/UC-m0Xq2ozhHChf7jCH5h9wQ\",\"https:\/\/twitter.com\/aeroERMO\"],\"logo\":{\"@type\":\"ImageObject\",\"@id\":\"https:\/\/www.aeroermo.com\/home\/#logo\",\"inLanguage\":\"es\",\"url\":\"https:\/\/www.aeroermo.com\/home\/wp-content\/uploads\/2018\/11\/Favico.png\",\"width\":71,\"height\":66,\"caption\":\"AeroErmo\"},\"image\":{\"@id\":\"https:\/\/www.aeroermo.com\/home\/#logo\"}},{\"@type\":\"WebSite\",\"@id\":\"https:\/\/www.aeroermo.com\/home\/#website\",\"url\":\"https:\/\/www.aeroermo.com\/home\/\",\"name\":\"AeroErmo\",\"description\":\"\",\"publisher\":{\"@id\":\"https:\/\/www.aeroermo.com\/home\/#organization\"},\"potentialAction\":[{\"@type\":\"SearchAction\",\"target\":\"https:\/\/www.aeroermo.com\/home\/?s={search_term_string}\",\"query-input\":\"required name=search_term_string\"}],\"inLanguage\":\"es\"},{\"@type\":\"ImageObject\",\"@id\":\"https:\/\/www.aeroermo.com\/home\/en-la-costa-caribe-barranquilla-es-eje-de-easyfly-para-un-ambicioso-plan-de-conectividad-regional\/#primaryimage\",\"inLanguage\":\"es\",\"url\":\"https:\/\/www.aeroermo.com\/home\/wp-content\/uploads\/2021\/06\/Easyfly-ATR-06-2021.jpg\",\"width\":1280,\"height\":960},{\"@type\":\"WebPage\",\"@id\":\"https:\/\/www.aeroermo.com\/home\/en-la-costa-caribe-barranquilla-es-eje-de-easyfly-para-un-ambicioso-plan-de-conectividad-regional\/#webpage\",\"url\":\"https:\/\/www.aeroermo.com\/home\/en-la-costa-caribe-barranquilla-es-eje-de-easyfly-para-un-ambicioso-plan-de-conectividad-regional\/\",\"name\":\"En la Costa Caribe, Barranquilla es eje de Easyfly para un ambicioso plan de conectividad regional - AeroErmo\",\"isPartOf\":{\"@id\":\"https:\/\/www.aeroermo.com\/home\/#website\"},\"primaryImageOfPage\":{\"@id\":\"https:\/\/www.aeroermo.com\/home\/en-la-costa-caribe-barranquilla-es-eje-de-easyfly-para-un-ambicioso-plan-de-conectividad-regional\/#primaryimage\"},\"datePublished\":\"2022-01-18T19:02:30+00:00\",\"dateModified\":\"2022-01-18T19:42:04+00:00\",\"description\":\"Nos destacamos por ser la \\u00fanica publicaci\\u00f3n especializada reconocida en Latinoam\\u00e9rica que aborda y proyecta temas de aviaci\\u00f3n de manera innovadora y diferente. Nos enfocamos en abarcar \\u00e1reas importantes como educaci\\u00f3n, reparaciones, mantenimiento, operaciones y actualidad tecnol\\u00f3gica, as\\u00ed como los \\u00faltimos avances asociados al desarrollo del sector en Colombia y el mundo\",\"inLanguage\":\"es\",\"potentialAction\":[{\"@type\":\"ReadAction\",\"target\":[\"https:\/\/www.aeroermo.com\/home\/en-la-costa-caribe-barranquilla-es-eje-de-easyfly-para-un-ambicioso-plan-de-conectividad-regional\/\"]}]},{\"@type\":\"Article\",\"@id\":\"https:\/\/www.aeroermo.com\/home\/en-la-costa-caribe-barranquilla-es-eje-de-easyfly-para-un-ambicioso-plan-de-conectividad-regional\/#article\",\"isPartOf\":{\"@id\":\"https:\/\/www.aeroermo.com\/home\/en-la-costa-caribe-barranquilla-es-eje-de-easyfly-para-un-ambicioso-plan-de-conectividad-regional\/#webpage\"},\"author\":{\"@id\":\"https:\/\/www.aeroermo.com\/home\/#\/schema\/person\/b63b9ecb3952997d685b86b5a3fd62a6\"},\"headline\":\"En la Costa Caribe, Barranquilla es eje de Easyfly para un ambicioso plan de conectividad regional\",\"datePublished\":\"2022-01-18T19:02:30+00:00\",\"dateModified\":\"2022-01-18T19:42:04+00:00\",\"mainEntityOfPage\":{\"@id\":\"https:\/\/www.aeroermo.com\/home\/en-la-costa-caribe-barranquilla-es-eje-de-easyfly-para-un-ambicioso-plan-de-conectividad-regional\/#webpage\"},\"commentCount\":0,\"publisher\":{\"@id\":\"https:\/\/www.aeroermo.com\/home\/#organization\"},\"image\":{\"@id\":\"https:\/\/www.aeroermo.com\/home\/en-la-costa-caribe-barranquilla-es-eje-de-easyfly-para-un-ambicioso-plan-de-conectividad-regional\/#primaryimage\"},\"inLanguage\":\"es\",\"potentialAction\":[{\"@type\":\"CommentAction\",\"name\":\"Comment\",\"target\":[\"https:\/\/www.aeroermo.com\/home\/en-la-costa-caribe-barranquilla-es-eje-de-easyfly-para-un-ambicioso-plan-de-conectividad-regional\/#respond\"]}]},{\"@type\":\"Person\",\"@id\":\"https:\/\/www.aeroermo.com\/home\/#\/schema\/person\/b63b9ecb3952997d685b86b5a3fd62a6\",\"name\":\"admin\",\"image\":{\"@type\":\"ImageObject\",\"@id\":\"https:\/\/www.aeroermo.com\/home\/#personlogo\",\"inLanguage\":\"es\",\"url\":\"https:\/\/secure.gravatar.com\/avatar\/e7deed9ec09a294c166b87e9eb5b1525?s=96&d=mm&r=g\",\"caption\":\"admin\"}}]}<\/script>\n<!-- \/ Yoast SEO plugin. -->","_links":{"self":[{"href":"https:\/\/www.aeroermo.com\/home\/wp-json\/wp\/v2\/posts\/22598"}],"collection":[{"href":"https:\/\/www.aeroermo.com\/home\/wp-json\/wp\/v2\/posts"}],"about":[{"href":"https:\/\/www.aeroermo.com\/home\/wp-json\/wp\/v2\/types\/post"}],"author":[{"embeddable":true,"href":"https:\/\/www.aeroermo.com\/home\/wp-json\/wp\/v2\/users\/1"}],"replies":[{"embeddable":true,"href":"https:\/\/www.aeroermo.com\/home\/wp-json\/wp\/v2\/comments?post=22598"}],"version-history":[{"count":7,"href":"https:\/\/www.aeroermo.com\/home\/wp-json\/wp\/v2\/posts\/22598\/revisions"}],"predecessor-version":[{"id":22606,"href":"https:\/\/www.aeroermo.com\/home\/wp-json\/wp\/v2\/posts\/22598\/revisions\/22606"}],"wp:featuredmedia":[{"embeddable":true,"href":"https:\/\/www.aeroermo.com\/home\/wp-json\/wp\/v2\/media\/13933"}],"wp:attachment":[{"href":"https:\/\/www.aeroermo.com\/home\/wp-json\/wp\/v2\/media?parent=22598"}],"wp:term":[{"taxonomy":"category","embeddable":true,"href":"https:\/\/www.aeroermo.com\/home\/wp-json\/wp\/v2\/categories?post=22598"},{"taxonomy":"post_tag","embeddable":true,"href":"https:\/\/www.aeroermo.com\/home\/wp-json\/wp\/v2\/tags?post=22598"}],"curies":[{"name":"wp","href":"https:\/\/api.w.org\/{rel}","templated":true}]}}