{"id":19455,"date":"2021-11-08T06:31:40","date_gmt":"2021-11-08T06:31:40","guid":{"rendered":"https:\/\/www.aeroermo.com\/home\/?p=19455"},"modified":"2021-11-08T06:32:32","modified_gmt":"2021-11-08T06:32:32","slug":"repunte-moderado-en-septiembre-de-la-demanda-aerea-de-pasajeros","status":"publish","type":"post","link":"https:\/\/www.aeroermo.com\/home\/repunte-moderado-en-septiembre-de-la-demanda-aerea-de-pasajeros\/","title":{"rendered":"Repunte moderado en septiembre de la demanda a\u00e9rea de pasajeros"},"content":{"rendered":"\t\t<div data-elementor-type=\"wp-post\" data-elementor-id=\"19455\" class=\"elementor elementor-19455\" data-elementor-settings=\"[]\">\n\t\t\t\t\t\t<div class=\"elementor-inner\">\n\t\t\t\t\t\t\t<div class=\"elementor-section-wrap\">\n\t\t\t\t\t\t\t<section class=\"elementor-section elementor-top-section elementor-element elementor-element-2ff0726e elementor-section-boxed elementor-section-height-default elementor-section-height-default stylepress-section-color-normal\" data-id=\"2ff0726e\" data-element_type=\"section\">\n\t\t\t\t\t\t<div class=\"elementor-container elementor-column-gap-default\">\n\t\t\t\t\t\t\t<div class=\"elementor-row\">\n\t\t\t\t\t<div class=\"elementor-column elementor-col-100 elementor-top-column elementor-element elementor-element-691e4d8b\" data-id=\"691e4d8b\" data-element_type=\"column\">\n\t\t\t<div class=\"elementor-column-wrap elementor-element-populated\">\n\t\t\t\t\t\t\t<div class=\"elementor-widget-wrap\">\n\t\t\t\t\t\t<div class=\"elementor-element elementor-element-13b07683 elementor-widget elementor-widget-text-editor\" data-id=\"13b07683\" data-element_type=\"widget\" data-widget_type=\"text-editor.default\">\n\t\t\t\t<div class=\"elementor-widget-container\">\n\t\t\t\t\t<div class=\"elementor-text-editor elementor-clearfix\"><!-- wp:fl-builder\/layout \/--><\/div>\n\t\t\t\t<\/div>\n\t\t\t\t<\/div>\n\t\t\t\t\t\t<\/div>\n\t\t\t\t\t<\/div>\n\t\t<\/div>\n\t\t\t\t\t\t\t\t<\/div>\n\t\t\t\t\t<\/div>\n\t\t<\/section>\n\t\t\t\t<section class=\"elementor-section elementor-top-section elementor-element elementor-element-61f8fa90 elementor-section-stretched elementor-section-full_width elementor-hidden-desktop elementor-section-height-default elementor-section-height-default stylepress-section-color-normal\" data-id=\"61f8fa90\" data-element_type=\"section\" data-settings=\"{&quot;stretch_section&quot;:&quot;section-stretched&quot;}\">\n\t\t\t\t\t\t<div class=\"elementor-container elementor-column-gap-no\">\n\t\t\t\t\t\t\t<div class=\"elementor-row\">\n\t\t\t\t\t<div class=\"elementor-column elementor-col-100 elementor-top-column elementor-element elementor-element-712972f2\" data-id=\"712972f2\" data-element_type=\"column\">\n\t\t\t<div class=\"elementor-column-wrap elementor-element-populated\">\n\t\t\t\t\t\t\t<div class=\"elementor-widget-wrap\">\n\t\t\t\t\t\t<div class=\"elementor-element elementor-element-550b8646 elementor-widget elementor-widget-image\" data-id=\"550b8646\" data-element_type=\"widget\" data-widget_type=\"image.default\">\n\t\t\t\t<div class=\"elementor-widget-container\">\n\t\t\t\t\t<div class=\"elementor-image\">\n\t\t\t\t\t\t\t\t\t\t\t<a href=\"https:\/\/www.aeroermo.com\/home\/\">\n\t\t\t\t\t\t\t<img width=\"974\" height=\"114\" src=\"https:\/\/www.aeroermo.com\/home\/wp-content\/uploads\/2018\/12\/nuvo_logo.png\" class=\"attachment-full size-full\" alt=\"\" loading=\"lazy\" srcset=\"https:\/\/www.aeroermo.com\/home\/wp-content\/uploads\/2018\/12\/nuvo_logo.png 974w, https:\/\/www.aeroermo.com\/home\/wp-content\/uploads\/2018\/12\/nuvo_logo-200x23.png 200w, https:\/\/www.aeroermo.com\/home\/wp-content\/uploads\/2018\/12\/nuvo_logo-300x35.png 300w, https:\/\/www.aeroermo.com\/home\/wp-content\/uploads\/2018\/12\/nuvo_logo-768x90.png 768w\" sizes=\"(max-width: 974px) 100vw, 974px\" \/>\t\t\t\t\t\t\t\t<\/a>\n\t\t\t\t\t\t\t\t\t\t\t<\/div>\n\t\t\t\t<\/div>\n\t\t\t\t<\/div>\n\t\t\t\t\t\t<\/div>\n\t\t\t\t\t<\/div>\n\t\t<\/div>\n\t\t\t\t\t\t\t\t<\/div>\n\t\t\t\t\t<\/div>\n\t\t<\/section>\n\t\t\t\t<header class=\"elementor-section elementor-top-section elementor-element elementor-element-14b07536 elementor-section-stretched elementor-section-full_width elementor-section-content-top elementor-hidden-tablet elementor-hidden-phone elementor-section-height-default elementor-section-height-default stylepress-section-color-normal elementor-invisible\" data-id=\"14b07536\" data-element_type=\"section\" id=\"menu-header\" data-settings=\"{&quot;stretch_section&quot;:&quot;section-stretched&quot;,&quot;animation&quot;:&quot;fadeInDown&quot;}\">\n\t\t\t\t\t\t<div class=\"elementor-container elementor-column-gap-no\">\n\t\t\t\t\t\t\t<div class=\"elementor-row\">\n\t\t\t\t\t<header class=\"elementor-column elementor-col-50 elementor-top-column elementor-element elementor-element-639bb470\" data-id=\"639bb470\" data-element_type=\"column\">\n\t\t\t<div class=\"elementor-column-wrap elementor-element-populated\">\n\t\t\t\t\t\t\t<div class=\"elementor-widget-wrap\">\n\t\t\t\t\t\t<div class=\"elementor-element elementor-element-25f9f527 logoaero elementor-hidden-tablet elementor-hidden-phone elementor-invisible elementor-widget elementor-widget-image\" data-id=\"25f9f527\" data-element_type=\"widget\" data-settings=\"{&quot;_animation&quot;:&quot;fadeInLeft&quot;,&quot;_animation_delay&quot;:200}\" data-widget_type=\"image.default\">\n\t\t\t\t<div class=\"elementor-widget-container\">\n\t\t\t\t\t<div class=\"elementor-image\">\n\t\t\t\t\t\t\t\t\t\t\t<a href=\"https:\/\/www.aeroermo.com\/home\/\">\n\t\t\t\t\t\t\t<img width=\"974\" height=\"114\" src=\"https:\/\/www.aeroermo.com\/home\/wp-content\/uploads\/2018\/11\/nuvo_logo.png\" class=\"attachment-full size-full\" alt=\"\" loading=\"lazy\" srcset=\"https:\/\/www.aeroermo.com\/home\/wp-content\/uploads\/2018\/11\/nuvo_logo.png 974w, https:\/\/www.aeroermo.com\/home\/wp-content\/uploads\/2018\/11\/nuvo_logo-200x23.png 200w, https:\/\/www.aeroermo.com\/home\/wp-content\/uploads\/2018\/11\/nuvo_logo-300x35.png 300w, https:\/\/www.aeroermo.com\/home\/wp-content\/uploads\/2018\/11\/nuvo_logo-768x90.png 768w\" sizes=\"(max-width: 974px) 100vw, 974px\" \/>\t\t\t\t\t\t\t\t<\/a>\n\t\t\t\t\t\t\t\t\t\t\t<\/div>\n\t\t\t\t<\/div>\n\t\t\t\t<\/div>\n\t\t\t\t\t\t<\/div>\n\t\t\t\t\t<\/div>\n\t\t<\/header>\n\t\t\t\t<div class=\"elementor-column elementor-col-50 elementor-top-column elementor-element elementor-element-2d7cc52b\" data-id=\"2d7cc52b\" data-element_type=\"column\">\n\t\t\t<div class=\"elementor-column-wrap elementor-element-populated\">\n\t\t\t\t\t\t\t<div class=\"elementor-widget-wrap\">\n\t\t\t\t\t\t<div class=\"elementor-element elementor-element-6875cef4 elementor-hidden-tablet elementor-hidden-phone elementor-invisible elementor-widget elementor-widget-html\" data-id=\"6875cef4\" data-element_type=\"widget\" data-settings=\"{&quot;_animation&quot;:&quot;fadeInRight&quot;,&quot;_animation_delay&quot;:400}\" data-widget_type=\"html.default\">\n\t\t\t\t<div class=\"elementor-widget-container\">\n\t\t\t<div style=\"margin-left:-15px; background-color:black; width:100%; padding\" class=\"menu\">\r\n\t<a style=\"margin-left:300px\" href=\"https:\/\/www.aeroermo.com\/home\/suscribase\/\">\r\n\t    SUSCRIBASE\r\n\t<\/a>\r\n\t<b style=\"color:#0095D9; font-weight: bold;\"> | <\/b>\r\n\t<a href=\"https:\/\/www.aeroermo.com\/home\/wp-admin\">\r\n    <img src=\"https:\/\/www.aeroermo.com\/home\/wp-content\/uploads\/2018\/11\/login-01.png\">INICIAR SESI\u00d3N\r\n\t<\/a> \r\n\t<a style=\"margin-left:100px\" href=\"https:\/\/twitter.com\/aeroermo\" target=\"_blank\">\r\n    <img width=\"15px\" src=\"https:\/\/www.aeroermo.com\/home\/wp-content\/uploads\/2018\/11\/Redes_TW.png\"><\/a>\r\n\t<a href=\"https:\/\/www.instagram.com\/aeroermo\/\" target=\"_blank\">\r\n\t<img width=\"15px\" src=\"https:\/\/www.aeroermo.com\/home\/wp-content\/uploads\/2018\/11\/Redes_IG.png\"><\/a>\r\n\t<a href=\"https:\/\/www.facebook.com\/aeroermo\/\" target=\"_blank\">\r\n\t<img width=\"15px\" src=\"https:\/\/www.aeroermo.com\/home\/wp-content\/uploads\/2018\/11\/Redes_FB.png\"><\/a>\r\n\t<a href=\"https:\/\/www.youtube.com\/user\/Aeroermo\" target=\"_blank\">\r\n\t<img width=\"15px\" src=\"https:\/\/www.aeroermo.com\/home\/wp-content\/uploads\/2018\/11\/Redes_YT.png\"><\/a>\r\n<\/div>\t\t<\/div>\n\t\t\t\t<\/div>\n\t\t\t\t<div class=\"elementor-element elementor-element-6a3e65ba elementor-align-left elementor-invisible elementor-widget elementor-widget-default-navmenu\" data-id=\"6a3e65ba\" data-element_type=\"widget\" data-settings=\"{&quot;_animation&quot;:&quot;fadeInDown&quot;,&quot;_animation_delay&quot;:400}\" data-widget_type=\"default-navmenu.default\">\n\t\t\t\t<div class=\"elementor-widget-container\">\n\t\t\t<div id=\"elementor-header-primary\" class=\"elementor-header\">\t\t\t<button id=\"elementor-menu-toggle\" class=\"elementor-menu-toggle\"><i class=\"fa fa-navicon\"><\/i><\/button>\n\t\t\t<div id=\"elementor-menu\" class=\"elementor-menu\">\n\t\t\t\n\t\t\t\t<nav itemtype=\"http:\/\/schema.org\/SiteNavigationElement\" itemscope=\"itemscope\" id=\"elementor-navigation\" class=\"elementor-navigation\" role=\"navigation\" aria-label=\"Men\u00fa de Elementor\">\t\t\t\t\n\t\t\t\t<ul id=\"elementor-navmenu\" class=\"elementor-nav-menu\"><li id=\"menu-item-170\" class=\"menu-item menu-item-type-post_type menu-item-object-page menu-item-home menu-item-170\"><a href=\"https:\/\/www.aeroermo.com\/home\/\">HOME<\/a><\/li>\n<li id=\"menu-item-171\" class=\"menu-item menu-item-type-post_type menu-item-object-page menu-item-171\"><a href=\"https:\/\/www.aeroermo.com\/home\/quienes-somos\/\">SOBRE NOSOTROS<\/a><\/li>\n<li id=\"menu-item-167\" class=\"menu-item menu-item-type-post_type menu-item-object-page menu-item-167\"><a href=\"https:\/\/www.aeroermo.com\/home\/nuestras-ediciones\/\">EDICIONES<\/a><\/li>\n<li id=\"menu-item-9076\" class=\"menu-item menu-item-type-post_type menu-item-object-page menu-item-9076\"><a href=\"https:\/\/www.aeroermo.com\/home\/blog\/\">NOTICIAS<\/a><\/li>\n<li id=\"menu-item-1714\" class=\"menu-item menu-item-type-post_type menu-item-object-page menu-item-1714\"><a href=\"https:\/\/www.aeroermo.com\/home\/eventos\/\">Eventos<\/a><\/li>\n<li id=\"menu-item-169\" class=\"menu-item menu-item-type-post_type menu-item-object-page menu-item-169\"><a href=\"https:\/\/www.aeroermo.com\/home\/contacto\/\">CONTACTO<\/a><\/li>\n<li class=\"menu-item wpmenucartli wpmenucart-display-standard menu-item menu-item-type-post_type menu-item-object-page\" id=\"wpmenucartli\"><a class=\"wpmenucart-contents empty-wpmenucart\" style=\"display:none\">&nbsp;<\/a><\/li><\/ul>\t\t\n\t\t\t\t\t\t\t\t<\/nav>\n\t\t\t<\/div>\n\t\t<\/div>\n\t\t\t\t<\/div>\n\t\t\t\t<\/div>\n\t\t\t\t\t\t<\/div>\n\t\t\t\t\t<\/div>\n\t\t<\/div>\n\t\t\t\t\t\t\t\t<\/div>\n\t\t\t\t\t<\/div>\n\t\t<\/header>\n\t\t\t\t<section class=\"elementor-section elementor-top-section elementor-element elementor-element-25beb318 elementor-section-stretched stylepress-section-color-dark elementor-hidden-desktop elementor-section-boxed elementor-section-height-default elementor-section-height-default\" data-id=\"25beb318\" data-element_type=\"section\" data-settings=\"{&quot;stretch_section&quot;:&quot;section-stretched&quot;}\">\n\t\t\t\t\t\t<div class=\"elementor-container elementor-column-gap-no\">\n\t\t\t\t\t\t\t<div class=\"elementor-row\">\n\t\t\t\t\t<div class=\"elementor-column elementor-col-100 elementor-top-column elementor-element elementor-element-30156fe\" data-id=\"30156fe\" data-element_type=\"column\">\n\t\t\t<div class=\"elementor-column-wrap elementor-element-populated\">\n\t\t\t\t\t\t\t<div class=\"elementor-widget-wrap\">\n\t\t\t\t\t\t<div class=\"elementor-element elementor-element-48337a43 elementor-invisible elementor-widget elementor-widget-navmenu-overlay\" data-id=\"48337a43\" data-element_type=\"widget\" data-settings=\"{&quot;_animation&quot;:&quot;fadeInDown&quot;}\" data-widget_type=\"navmenu-overlay.default\">\n\t\t\t\t<div class=\"elementor-widget-container\">\n\t\t\t\t<!--<div class=\"navmenu-overlay\">-->\n\t\t<span id=\"touch-menu\" class=\"mobile-menu\"><span><\/span><\/span>\n\t\t<nav itemtype=\"http:\/\/schema.org\/SiteNavigationElement\" itemscope=\"itemscope\" class=\"overlay-navigation\" role=\"navigation\" aria-label=\"Men\u00fa de Elementor\">\n\t\t\t<ul id=\"menu-menu-principal\" class=\"\"><li class=\"menu-item menu-item-type-post_type menu-item-object-page menu-item-home menu-item-170\"><a href=\"https:\/\/www.aeroermo.com\/home\/\">HOME<\/a><\/li>\n<li class=\"menu-item menu-item-type-post_type menu-item-object-page menu-item-171\"><a href=\"https:\/\/www.aeroermo.com\/home\/quienes-somos\/\">SOBRE NOSOTROS<\/a><\/li>\n<li class=\"menu-item menu-item-type-post_type menu-item-object-page menu-item-167\"><a href=\"https:\/\/www.aeroermo.com\/home\/nuestras-ediciones\/\">EDICIONES<\/a><\/li>\n<li class=\"menu-item menu-item-type-post_type menu-item-object-page menu-item-9076\"><a href=\"https:\/\/www.aeroermo.com\/home\/blog\/\">NOTICIAS<\/a><\/li>\n<li class=\"menu-item menu-item-type-post_type menu-item-object-page menu-item-1714\"><a href=\"https:\/\/www.aeroermo.com\/home\/eventos\/\">Eventos<\/a><\/li>\n<li class=\"menu-item menu-item-type-post_type menu-item-object-page menu-item-169\"><a href=\"https:\/\/www.aeroermo.com\/home\/contacto\/\">CONTACTO<\/a><\/li>\n<li class=\"menu-item wpmenucartli wpmenucart-display-standard menu-item menu-item-type-post_type menu-item-object-page\" id=\"wpmenucartli\"><a class=\"wpmenucart-contents empty-wpmenucart\" style=\"display:none\">&nbsp;<\/a><\/li><\/ul>\t\t<\/nav>\n\t<!--<\/div>-->\n\t\t\t\t<\/div>\n\t\t\t\t<\/div>\n\t\t\t\t<div class=\"elementor-element elementor-element-330976f7 elementor-widget elementor-widget-spacer\" data-id=\"330976f7\" data-element_type=\"widget\" data-widget_type=\"spacer.default\">\n\t\t\t\t<div class=\"elementor-widget-container\">\n\t\t\t\t\t<div class=\"elementor-spacer\">\n\t\t\t<div class=\"elementor-spacer-inner\"><\/div>\n\t\t<\/div>\n\t\t\t\t<\/div>\n\t\t\t\t<\/div>\n\t\t\t\t\t\t<\/div>\n\t\t\t\t\t<\/div>\n\t\t<\/div>\n\t\t\t\t\t\t\t\t<\/div>\n\t\t\t\t\t<\/div>\n\t\t<\/section>\n\t\t\t\t<section class=\"elementor-section elementor-top-section elementor-element elementor-element-7d0a20d8 elementor-section-boxed elementor-section-height-default elementor-section-height-default stylepress-section-color-normal\" data-id=\"7d0a20d8\" data-element_type=\"section\">\n\t\t\t\t\t\t<div class=\"elementor-container elementor-column-gap-default\">\n\t\t\t\t\t\t\t<div class=\"elementor-row\">\n\t\t\t\t\t<div class=\"elementor-column elementor-col-100 elementor-top-column elementor-element elementor-element-1cc26039\" data-id=\"1cc26039\" data-element_type=\"column\">\n\t\t\t<div class=\"elementor-column-wrap elementor-element-populated\">\n\t\t\t\t\t\t\t<div class=\"elementor-widget-wrap\">\n\t\t\t\t\t\t<div class=\"elementor-element elementor-element-4ca6c90b elementor-invisible elementor-widget elementor-widget-heading\" data-id=\"4ca6c90b\" data-element_type=\"widget\" data-settings=\"{&quot;_animation&quot;:&quot;fadeInUp&quot;,&quot;_animation_delay&quot;:300}\" data-widget_type=\"heading.default\">\n\t\t\t\t<div class=\"elementor-widget-container\">\n\t\t\t<h2 class=\"elementor-heading-title elementor-size-default\">Repunte moderado en septiembre de la demanda a\u00e9rea de pasajeros<\/h2>\t\t<\/div>\n\t\t\t\t<\/div>\n\t\t\t\t<div class=\"elementor-element elementor-element-1c4bae11 elementor-invisible elementor-widget elementor-widget-image\" data-id=\"1c4bae11\" data-element_type=\"widget\" data-settings=\"{&quot;_animation&quot;:&quot;fadeInLeft&quot;,&quot;_animation_delay&quot;:300}\" data-widget_type=\"image.default\">\n\t\t\t\t<div class=\"elementor-widget-container\">\n\t\t\t\t\t<div class=\"elementor-image\">\n\t\t\t\t\t\t\t\t\t\t<img width=\"1024\" height=\"276\" src=\"https:\/\/www.aeroermo.com\/home\/wp-content\/uploads\/2021\/02\/Banner-IATA-1024x276.jpg\" class=\"attachment-large size-large\" alt=\"\" loading=\"lazy\" srcset=\"https:\/\/www.aeroermo.com\/home\/wp-content\/uploads\/2021\/02\/Banner-IATA-1024x276.jpg 1024w, https:\/\/www.aeroermo.com\/home\/wp-content\/uploads\/2021\/02\/Banner-IATA-300x81.jpg 300w, https:\/\/www.aeroermo.com\/home\/wp-content\/uploads\/2021\/02\/Banner-IATA-768x207.jpg 768w, https:\/\/www.aeroermo.com\/home\/wp-content\/uploads\/2021\/02\/Banner-IATA-830x224.jpg 830w, https:\/\/www.aeroermo.com\/home\/wp-content\/uploads\/2021\/02\/Banner-IATA-230x62.jpg 230w, https:\/\/www.aeroermo.com\/home\/wp-content\/uploads\/2021\/02\/Banner-IATA-350x95.jpg 350w, https:\/\/www.aeroermo.com\/home\/wp-content\/uploads\/2021\/02\/Banner-IATA-480x130.jpg 480w, https:\/\/www.aeroermo.com\/home\/wp-content\/uploads\/2021\/02\/Banner-IATA-200x54.jpg 200w, https:\/\/www.aeroermo.com\/home\/wp-content\/uploads\/2021\/02\/Banner-IATA.jpg 1200w\" sizes=\"(max-width: 1024px) 100vw, 1024px\" \/>\t\t\t\t\t\t\t\t\t\t\t<\/div>\n\t\t\t\t<\/div>\n\t\t\t\t<\/div>\n\t\t\t\t<div class=\"elementor-element elementor-element-655dc35c elementor-widget elementor-widget-text-editor\" data-id=\"655dc35c\" data-element_type=\"widget\" data-widget_type=\"text-editor.default\">\n\t\t\t\t<div class=\"elementor-widget-container\">\n\t\t\t\t\t<div class=\"elementor-text-editor elementor-clearfix\"><p>La Asociaci\u00f3n de Transporte A\u00e9reo Internacional (IATA, por sus siglas en ingl\u00e9s) ha anunciado que los viajes a\u00e9reos experimentaron un repunte moderado en septiembre de 2021, respecto al mes anterior, gracias a la recuperaci\u00f3n de los mercados nacionales \u2014China en particular\u2014 tras la eliminaci\u00f3n de algunas restricciones de viaje por los nuevos brotes de COVID-19 en agosto. Por el contrario, la demanda internacional sufri\u00f3 una ligera ca\u00edda respecto a agosto de 2021.<\/p>\n<p><strong>Dada la distorsi\u00f3n de los datos mensuales de 2021 y 2020 por el impacto del COVID-19, la comparaci\u00f3n se realiza respecto al patr\u00f3n normalizado de septiembre de 2019 (salvo indicaci\u00f3n contraria).<\/strong><\/p>\n<ul>\n<li>La demanda global de septiembre de 2021, medida en pasajeros-kil\u00f3metro transportados (RPK, por sus siglas en ingl\u00e9s), descendi\u00f3 un 53,4% frente a septiembre de 2019. El dato mejora respecto a agosto (-56,0% frente a agosto de 2019).<\/li>\n<li>Los mercados nacionales descendieron un 24,3% en comparaci\u00f3n con septiembre de 2019, una mejora importante respecto a la ca\u00edda del 32,6% registrada en agosto de 2021, respecto al dato de hace dos a\u00f1os. Todos los mercados registraron mejora, excepto Jap\u00f3n y Rusia, si bien este \u00faltimo se mantuvo en territorio positivo s\u00f3lido en comparaci\u00f3n con 2019.<\/li>\n<li>La demanda internacional se contrajo un 69,2% respecto a septiembre de 2019. El dato empeora ligeramente respecto a la ca\u00edda de agosto (-68,7%).<\/li>\n<\/ul>\n<p><em>\u201cEl desempe\u00f1o de septiembre es un avance positivo, pero la recuperaci\u00f3n del tr\u00e1fico internacional sigue estancada por los continuos cierres de fronteras y la cuarentena. La decisi\u00f3n de Estados Unidos de abrir los viajes a 33 mercados para viajeros extranjeros con pauta completa de vacuna a partir del 8 de noviembre, si bien llega con mucho retraso, es una buena noticia. Y junto a las reaperturas recientes en otros mercados clave como Australia, Argentina, Tailandia y Singapur, deber\u00eda impulsar la restauraci\u00f3n a gran escala de la libertad de viajar\u201d<\/em>, dijo Willie Walsh, director general de IATA.<\/p><\/div>\n\t\t\t\t<\/div>\n\t\t\t\t<\/div>\n\t\t\t\t<div class=\"elementor-element elementor-element-c24c334 elementor-widget elementor-widget-image\" data-id=\"c24c334\" data-element_type=\"widget\" data-widget_type=\"image.default\">\n\t\t\t\t<div class=\"elementor-widget-container\">\n\t\t\t\t\t<div class=\"elementor-image\">\n\t\t\t\t\t\t\t\t\t\t<img src=\"https:\/\/www.aeroermo.com\/home\/wp-content\/uploads\/elementor\/thumbs\/IATA-Estadisticas-pasajeros-09-2021-1-pfr05uhhdducv79xfehkz8i0nqsj3dvzbmo8cfkc6q.jpg\" title=\"IATA Estadisticas pasajeros 09-2021 1\" alt=\"IATA Estadisticas pasajeros 09-2021 1\" \/>\t\t\t\t\t\t\t\t\t\t\t<\/div>\n\t\t\t\t<\/div>\n\t\t\t\t<\/div>\n\t\t\t\t<div class=\"elementor-element elementor-element-9f0e2d0 elementor-widget elementor-widget-text-editor\" data-id=\"9f0e2d0\" data-element_type=\"widget\" data-widget_type=\"text-editor.default\">\n\t\t\t\t<div class=\"elementor-widget-container\">\n\t\t\t\t\t<div class=\"elementor-text-editor elementor-clearfix\"><h5>Mercado internacional de pasajeros<\/h5>\n<p>Las<strong> aerol\u00edneas europeas <\/strong>vieron una ca\u00edda del tr\u00e1fico internacional del 56,9% respecto a septiembre de 2019, un punto porcentual m\u00e1s respecto al dato de agosto (-55,9%, respecto a agosto de 2019). La capacidad descendi\u00f3 un 46,3% y el factor de ocupaci\u00f3n lo hizo 17,2 puntos porcentuales, hasta el 69,6%.<\/p>\n<p>Las<strong> aerol\u00edneas de Asia-Pac\u00edfico<\/strong> registraron una ca\u00edda del 93,2% frente a septiembre de 2019, pr\u00e1cticamente sin cambios respecto a agosto (-93,4%). \u00a0La regi\u00f3n mantiene las medidas de control fronterizo m\u00e1s estrictas. La capacidad se contrajo un 85,2% y el factor de ocupaci\u00f3n descendi\u00f3 42,3 puntos porcentuales, hasta el 36,2%, el dato global m\u00e1s bajo.<\/p>\n<p>Las <strong>aerol\u00edneas de Oriente Medio<\/strong> registraron un descenso del 67,1% en el tr\u00e1fico internacional respecto a septiembre de 2019, una ligera mejora respecto a agosto (-68,9%, respecto a agosto de 2019). La capacidad se contrajo un 52,6% y el factor de ocupaci\u00f3n baj\u00f3 23,1 puntos porcentuales, hasta el 52,2%.<\/p>\n<p>Las <strong>aerol\u00edneas de Norteam\u00e9rica<\/strong> registraron una ca\u00edda del 61,0% respecto a septiembre de 2019, ligeramente peor que el dato de agosto (-59,3%, respecto a agosto de 2019). La capacidad se contrajo un 47,6% y el factor de ocupaci\u00f3n baj\u00f3 21,3 puntos porcentuales, hasta el 61,9%.<\/p>\n<p>Las <strong>aerol\u00edneas de Latinoam\u00e9rica<\/strong> vieron una ca\u00edda del tr\u00e1fico internacional del 61,3% respecto a septiembre de 2019, una mejora respecto a la ca\u00edda de agosto (-62,6%, respecto a agosto de 2019). La capacidad descendi\u00f3 un 55,6% y el factor de ocupaci\u00f3n baj\u00f3 10,7 puntos porcentuales, hasta el 72,0%, el mejor dato global por doce meses consecutivos.<\/p>\n<p>Las <strong>aerol\u00edneas de \u00c1frica<\/strong> registraron una ca\u00edda del tr\u00e1fico internacional del 62,2% respecto a septiembre de 2019. El dato empeora casi 4 puntos porcentuales respecto a agosto (-58,5%, frente a agosto de 2019). La capacidad de septiembre descendi\u00f3 un 49,3% y el factor de ocupaci\u00f3n lo hizo 18,4 puntos porcentuales, hasta el 53,7%.<\/p>\n<h5>Mercado dom\u00e9stico de pasajeros<\/h5><\/div>\n\t\t\t\t<\/div>\n\t\t\t\t<\/div>\n\t\t\t\t<div class=\"elementor-element elementor-element-a9fd0de elementor-widget elementor-widget-image\" data-id=\"a9fd0de\" data-element_type=\"widget\" data-widget_type=\"image.default\">\n\t\t\t\t<div class=\"elementor-widget-container\">\n\t\t\t\t\t<div class=\"elementor-image\">\n\t\t\t\t\t\t\t\t\t\t<img src=\"https:\/\/www.aeroermo.com\/home\/wp-content\/uploads\/elementor\/thumbs\/IATA-Estadisticas-pasajeros-09-2021-2-pfr06mon2ewyji4yuqoe21duhaxjiazxfi8sqqejmk.jpg\" title=\"IATA Estadisticas pasajeros 09-2021 2\" alt=\"IATA Estadisticas pasajeros 09-2021 2\" \/>\t\t\t\t\t\t\t\t\t\t\t<\/div>\n\t\t\t\t<\/div>\n\t\t\t\t<\/div>\n\t\t\t\t<div class=\"elementor-element elementor-element-cc10816 elementor-widget elementor-widget-text-editor\" data-id=\"cc10816\" data-element_type=\"widget\" data-widget_type=\"text-editor.default\">\n\t\t\t\t<div class=\"elementor-widget-container\">\n\t\t\t\t\t<div class=\"elementor-text-editor elementor-clearfix\"><p>En<strong> Brasil, <\/strong>el tr\u00e1fico dom\u00e9stico mantiene su recuperaci\u00f3n gradual impulsado por la vacunaci\u00f3n. El septiembre descendi\u00f3 un 17,3% respecto a dos a\u00f1os antes, una mejora respecto al dato de agosto (-20,7%, respecto a agosto de 2019).<\/p>\n<p>En <strong>Jap\u00f3n<\/strong>, el tr\u00e1fico dom\u00e9stico se desaceler\u00f3 un 65,5%, un deterioro respecto al desempe\u00f1o de agosto (-59,2%, frente a agosto de 2019), debido al impacto de las restricciones de viaje.<\/p>\n<h5><strong>Balance final<\/strong><\/h5>\n<p><em>\u201cCada anuncio sobre la reapertura de fronteras parece venir con reglas similares, pero no es as\u00ed. No podemos poner m\u00e1s barreras a la recuperaci\u00f3n. La Conferencia de Alto Nivel de la OACI sobre COVID-19 ha resuelto que la armonizaci\u00f3n debe ser una prioridad. El G20 ha declarado su compromiso con una recuperaci\u00f3n fluida de los viajes, con la sostenibilidad y la digitalizaci\u00f3n. Ahora los gobiernos deben hacer realidad ese compromiso con medidas sencillas y efectivas. Las personas, el empleo, los negocios y las econom\u00edas conf\u00edan en un progreso real\u201d<\/em>, dijo Walsh.<\/p>\n<p>La visi\u00f3n de IATA para el restablecimiento de la conectividad global se basa en cinco principios:<\/p>\n<ul>\n<li>las vacunas deben estar disponibles para todo el mundo lo antes posible;<\/li>\n<li>los viajeros vacunados no deben encontrarse ninguna barrera para viajar;<\/li>\n<li>las pruebas de diagn\u00f3stico deben permitir, a quienes no tienen acceso a las vacunas, viajar sin someterse a cuarentena;<\/li>\n<li>las pruebas de ant\u00edgenos son pr\u00e1cticas y econ\u00f3micas en los casos en los que las pruebas son obligatorias para viajar;<\/li>\n<li>los gobiernos deben proporcionar las pruebas de forma gratuita, de modo que no sean una barrera econ\u00f3mica para viajar.<\/li>\n<\/ul>\n<p><span style=\"color: #3366ff;\"><strong><a style=\"color: #3366ff;\" href=\"https:\/\/www.iata.org\/en\/iata-repository\/publications\/economic-reports\/air-passenger-monthly-analysis---september-2021\/\" target=\"_blank\" rel=\"noopener\">An\u00e1lisis detallado del mercado a\u00e9reo de pasajeros \u2013 Septiembre 2021<\/a><\/strong><\/span> (incluye la comparaci\u00f3n de datos de 2021 vs. 2020)<\/p>\n<p><span style=\"color: #3366ff;\"><strong><a style=\"color: #3366ff;\" href=\"https:\/\/www.iata.org\/en\/iata-repository\/publications\/economic-reports\/update-on-the-latest-air-traffic-data\/\" target=\"_blank\" rel=\"noopener\">COVID-19: presentaci\u00f3n sobre los datos del tr\u00e1fico a\u00e9reo de Septiembre 2021<\/a><\/strong><\/span><\/p>\n<p><strong>Prensa IATA<\/strong><\/p><\/div>\n\t\t\t\t<\/div>\n\t\t\t\t<\/div>\n\t\t\t\t<div class=\"elementor-element elementor-element-56aae436 elementor-widget elementor-widget-spacer\" data-id=\"56aae436\" data-element_type=\"widget\" data-widget_type=\"spacer.default\">\n\t\t\t\t<div class=\"elementor-widget-container\">\n\t\t\t\t\t<div class=\"elementor-spacer\">\n\t\t\t<div class=\"elementor-spacer-inner\"><\/div>\n\t\t<\/div>\n\t\t\t\t<\/div>\n\t\t\t\t<\/div>\n\t\t\t\t\t\t<\/div>\n\t\t\t\t\t<\/div>\n\t\t<\/div>\n\t\t\t\t\t\t\t\t<\/div>\n\t\t\t\t\t<\/div>\n\t\t<\/section>\n\t\t\t\t<footer class=\"elementor-section elementor-top-section elementor-element elementor-element-3bb0e7e3 elementor-section-stretched footerpagina animated-fast elementor-section-boxed elementor-section-height-default elementor-section-height-default stylepress-section-color-normal elementor-invisible\" data-id=\"3bb0e7e3\" data-element_type=\"section\" id=\"footerpagina\" data-settings=\"{&quot;stretch_section&quot;:&quot;section-stretched&quot;,&quot;background_background&quot;:&quot;classic&quot;,&quot;animation&quot;:&quot;fadeInUp&quot;}\">\n\t\t\t\t\t\t<div class=\"elementor-container elementor-column-gap-default\">\n\t\t\t\t\t\t\t<div class=\"elementor-row\">\n\t\t\t\t\t<div class=\"elementor-column elementor-col-25 elementor-top-column elementor-element elementor-element-3e81f462\" data-id=\"3e81f462\" data-element_type=\"column\">\n\t\t\t<div class=\"elementor-column-wrap elementor-element-populated\">\n\t\t\t\t\t\t\t<div class=\"elementor-widget-wrap\">\n\t\t\t\t\t\t<div class=\"elementor-element elementor-element-4e5c6b52 elementor-widget elementor-widget-spacer\" data-id=\"4e5c6b52\" data-element_type=\"widget\" data-widget_type=\"spacer.default\">\n\t\t\t\t<div class=\"elementor-widget-container\">\n\t\t\t\t\t<div class=\"elementor-spacer\">\n\t\t\t<div class=\"elementor-spacer-inner\"><\/div>\n\t\t<\/div>\n\t\t\t\t<\/div>\n\t\t\t\t<\/div>\n\t\t\t\t<div class=\"elementor-element elementor-element-4cdda1e7 elementor-invisible elementor-widget elementor-widget-heading\" data-id=\"4cdda1e7\" data-element_type=\"widget\" data-settings=\"{&quot;_animation&quot;:&quot;zoomIn&quot;,&quot;_animation_delay&quot;:200}\" data-widget_type=\"heading.default\">\n\t\t\t\t<div class=\"elementor-widget-container\">\n\t\t\t<h5 class=\"elementor-heading-title elementor-size-default\">Cont\u00e1ctanos:<\/h5>\t\t<\/div>\n\t\t\t\t<\/div>\n\t\t\t\t<section class=\"elementor-section elementor-inner-section elementor-element elementor-element-6af73b02 elementor-section-boxed elementor-section-height-default elementor-section-height-default stylepress-section-color-normal elementor-invisible\" data-id=\"6af73b02\" data-element_type=\"section\" data-settings=\"{&quot;animation&quot;:&quot;fadeInLeft&quot;,&quot;animation_delay&quot;:300}\">\n\t\t\t\t\t\t<div class=\"elementor-container elementor-column-gap-default\">\n\t\t\t\t\t\t\t<div class=\"elementor-row\">\n\t\t\t\t\t<div class=\"elementor-column elementor-col-100 elementor-inner-column elementor-element elementor-element-5e8d7c60\" data-id=\"5e8d7c60\" data-element_type=\"column\">\n\t\t\t<div class=\"elementor-column-wrap elementor-element-populated\">\n\t\t\t\t\t\t\t<div class=\"elementor-widget-wrap\">\n\t\t\t\t\t\t<div class=\"elementor-element elementor-element-751bfc22 elementor-widget elementor-widget-text-editor\" data-id=\"751bfc22\" data-element_type=\"widget\" data-widget_type=\"text-editor.default\">\n\t\t\t\t<div class=\"elementor-widget-container\">\n\t\t\t\t\t<div class=\"elementor-text-editor elementor-clearfix\"><p>Calle 24B #74-27,<br \/><span style=\"color: #0095d9;\">Bogot\u00e1 \u2013 Colombia<br \/>Tel\u00e9fono:<\/span><br \/>+57 1 4672353<br \/><span style=\"color: #0095d9;\">M\u00f3vil:<\/span><br \/>311 5104038 \/ USA: +1 305 7717007<br \/>Email: info<span style=\"color: #0095d9;\">@<\/span>AeroErmo.com<\/p><\/div>\n\t\t\t\t<\/div>\n\t\t\t\t<\/div>\n\t\t\t\t\t\t<\/div>\n\t\t\t\t\t<\/div>\n\t\t<\/div>\n\t\t\t\t\t\t\t\t<\/div>\n\t\t\t\t\t<\/div>\n\t\t<\/section>\n\t\t\t\t\t\t<\/div>\n\t\t\t\t\t<\/div>\n\t\t<\/div>\n\t\t\t\t<div class=\"elementor-column elementor-col-25 elementor-top-column elementor-element elementor-element-148182e3\" data-id=\"148182e3\" data-element_type=\"column\">\n\t\t\t<div class=\"elementor-column-wrap elementor-element-populated\">\n\t\t\t\t\t\t\t<div class=\"elementor-widget-wrap\">\n\t\t\t\t\t\t<div class=\"elementor-element elementor-element-ae9dbd5 elementor-widget elementor-widget-spacer\" data-id=\"ae9dbd5\" data-element_type=\"widget\" data-widget_type=\"spacer.default\">\n\t\t\t\t<div class=\"elementor-widget-container\">\n\t\t\t\t\t<div class=\"elementor-spacer\">\n\t\t\t<div class=\"elementor-spacer-inner\"><\/div>\n\t\t<\/div>\n\t\t\t\t<\/div>\n\t\t\t\t<\/div>\n\t\t\t\t<div class=\"elementor-element elementor-element-380a6f0e elementor-invisible elementor-widget elementor-widget-heading\" data-id=\"380a6f0e\" data-element_type=\"widget\" data-settings=\"{&quot;_animation&quot;:&quot;zoomIn&quot;,&quot;_animation_delay&quot;:200}\" data-widget_type=\"heading.default\">\n\t\t\t\t<div class=\"elementor-widget-container\">\n\t\t\t<h5 class=\"elementor-heading-title elementor-size-default\">men\u00fa:<\/h5>\t\t<\/div>\n\t\t\t\t<\/div>\n\t\t\t\t<section class=\"elementor-section elementor-inner-section elementor-element elementor-element-4cc91944 elementor-section-boxed elementor-section-height-default elementor-section-height-default stylepress-section-color-normal elementor-invisible\" data-id=\"4cc91944\" data-element_type=\"section\" data-settings=\"{&quot;animation&quot;:&quot;fadeInUp&quot;,&quot;animation_delay&quot;:300}\">\n\t\t\t\t\t\t<div class=\"elementor-container elementor-column-gap-default\">\n\t\t\t\t\t\t\t<div class=\"elementor-row\">\n\t\t\t\t\t<div class=\"elementor-column elementor-col-50 elementor-inner-column elementor-element elementor-element-6e01a1b1\" data-id=\"6e01a1b1\" data-element_type=\"column\">\n\t\t\t<div class=\"elementor-column-wrap elementor-element-populated\">\n\t\t\t\t\t\t\t<div class=\"elementor-widget-wrap\">\n\t\t\t\t\t\t<div class=\"elementor-element elementor-element-4a404937 elementor-widget elementor-widget-text-editor\" data-id=\"4a404937\" data-element_type=\"widget\" data-widget_type=\"text-editor.default\">\n\t\t\t\t<div class=\"elementor-widget-container\">\n\t\t\t\t\t<div class=\"elementor-text-editor elementor-clearfix\"><p><a style=\"color: white; font-size: 13px;\" href=\"https:\/\/www.aeroermo.com\/home\/\">HOME<\/a><br \/><a style=\"color: white; font-size: 13px;\" href=\"https:\/\/www.aeroermo.com\/home\/quienes-somos\">SOBRE NOSOTROS<\/a><br \/><a style=\"color: white; font-size: 13px;\" href=\"https:\/\/www.aeroermo.com\/home\/nuestras-ediciones\">EDICIONES<\/a><br \/><a style=\"color: white; font-size: 13px;\" href=\"https:\/\/www.aeroermo.com\/home\/eventos\/\">EVENTOS<\/a><br \/><a style=\"color: white; font-size: 13px;\" href=\"https:\/\/www.aeroermo.com\/home\/media-kit\">MEDIA KIT<\/a><br \/><a style=\"color: white; font-size: 13px;\" href=\"https:\/\/www.aeroermo.com\/home\/contacto\">CONTACTO<\/a><\/p><\/div>\n\t\t\t\t<\/div>\n\t\t\t\t<\/div>\n\t\t\t\t\t\t<\/div>\n\t\t\t\t\t<\/div>\n\t\t<\/div>\n\t\t\t\t<div class=\"elementor-column elementor-col-50 elementor-inner-column elementor-element elementor-element-7969c301\" data-id=\"7969c301\" data-element_type=\"column\">\n\t\t\t<div class=\"elementor-column-wrap elementor-element-populated\">\n\t\t\t\t\t\t\t<div class=\"elementor-widget-wrap\">\n\t\t\t\t\t\t<div class=\"elementor-element elementor-element-65203b43 elementor-widget elementor-widget-text-editor\" data-id=\"65203b43\" data-element_type=\"widget\" data-widget_type=\"text-editor.default\">\n\t\t\t\t<div class=\"elementor-widget-container\">\n\t\t\t\t\t<div class=\"elementor-text-editor elementor-clearfix\"><p><a style=\"color: white; font-size: 13px;\" href=\"https:\/\/www.aeroermo.com\/home\/blog\">NOTICIAS<\/a><br \/><a style=\"color: white; font-size: 13px;\" href=\"https:\/\/www.aeroermo.com\/home\/media-kit\/\">PUBLICIDAD<\/a><br \/><a style=\"color: white; font-size: 13px;\" href=\"https:\/\/www.aeroermo.com\/home\/suscribase\/\">SUSCRIBASE<\/a><br \/><a style=\"color: white; font-size: 13px;\" href=\"https:\/\/www.aeroermo.com\/home\/wp-admin\">INICIAR SESI\u00d3N<\/a><\/p><\/div>\n\t\t\t\t<\/div>\n\t\t\t\t<\/div>\n\t\t\t\t\t\t<\/div>\n\t\t\t\t\t<\/div>\n\t\t<\/div>\n\t\t\t\t\t\t\t\t<\/div>\n\t\t\t\t\t<\/div>\n\t\t<\/section>\n\t\t\t\t\t\t<\/div>\n\t\t\t\t\t<\/div>\n\t\t<\/div>\n\t\t\t\t<div class=\"elementor-column elementor-col-25 elementor-top-column elementor-element elementor-element-49b9e1\" data-id=\"49b9e1\" data-element_type=\"column\">\n\t\t\t<div class=\"elementor-column-wrap elementor-element-populated\">\n\t\t\t\t\t\t\t<div class=\"elementor-widget-wrap\">\n\t\t\t\t\t\t<div class=\"elementor-element elementor-element-4cce200c elementor-widget elementor-widget-spacer\" data-id=\"4cce200c\" data-element_type=\"widget\" data-widget_type=\"spacer.default\">\n\t\t\t\t<div class=\"elementor-widget-container\">\n\t\t\t\t\t<div class=\"elementor-spacer\">\n\t\t\t<div class=\"elementor-spacer-inner\"><\/div>\n\t\t<\/div>\n\t\t\t\t<\/div>\n\t\t\t\t<\/div>\n\t\t\t\t<section class=\"elementor-section elementor-inner-section elementor-element elementor-element-516683d5 elementor-section-content-top elementor-hidden-tablet elementor-hidden-phone elementor-section-boxed elementor-section-height-default elementor-section-height-default stylepress-section-color-normal elementor-invisible\" data-id=\"516683d5\" data-element_type=\"section\" data-settings=\"{&quot;animation&quot;:&quot;bounceIn&quot;,&quot;animation_delay&quot;:300}\">\n\t\t\t\t\t\t<div class=\"elementor-container elementor-column-gap-narrow\">\n\t\t\t\t\t\t\t<div class=\"elementor-row\">\n\t\t\t\t\t<div class=\"elementor-column elementor-col-100 elementor-inner-column elementor-element elementor-element-10589c0d\" data-id=\"10589c0d\" data-element_type=\"column\">\n\t\t\t<div class=\"elementor-column-wrap elementor-element-populated\">\n\t\t\t\t\t\t\t<div class=\"elementor-widget-wrap\">\n\t\t\t\t\t\t<div class=\"elementor-element elementor-element-9fa52e6 elementor-hidden-tablet elementor-hidden-phone elementor-invisible elementor-widget elementor-widget-heading\" data-id=\"9fa52e6\" data-element_type=\"widget\" data-settings=\"{&quot;_animation&quot;:&quot;zoomIn&quot;,&quot;_animation_delay&quot;:200}\" data-widget_type=\"heading.default\">\n\t\t\t\t<div class=\"elementor-widget-container\">\n\t\t\t<h5 class=\"elementor-heading-title elementor-size-default\">VISITA NUESTRAS REDES:<\/h5>\t\t<\/div>\n\t\t\t\t<\/div>\n\t\t\t\t\t\t<\/div>\n\t\t\t\t\t<\/div>\n\t\t<\/div>\n\t\t\t\t\t\t\t\t<\/div>\n\t\t\t\t\t<\/div>\n\t\t<\/section>\n\t\t\t\t<section class=\"elementor-section elementor-inner-section elementor-element elementor-element-36666b18 elementor-section-content-top elementor-hidden-tablet elementor-hidden-phone elementor-section-boxed elementor-section-height-default elementor-section-height-default stylepress-section-color-normal elementor-invisible\" data-id=\"36666b18\" data-element_type=\"section\" data-settings=\"{&quot;animation&quot;:&quot;bounceIn&quot;,&quot;animation_delay&quot;:300}\">\n\t\t\t\t\t\t<div class=\"elementor-container elementor-column-gap-no\">\n\t\t\t\t\t\t\t<div class=\"elementor-row\">\n\t\t\t\t\t<div class=\"elementor-column elementor-col-25 elementor-inner-column elementor-element elementor-element-4fdc3f6\" data-id=\"4fdc3f6\" data-element_type=\"column\">\n\t\t\t<div class=\"elementor-column-wrap elementor-element-populated\">\n\t\t\t\t\t\t\t<div class=\"elementor-widget-wrap\">\n\t\t\t\t\t\t<div class=\"elementor-element elementor-element-2346f09f elementor-widget elementor-widget-image\" data-id=\"2346f09f\" data-element_type=\"widget\" data-widget_type=\"image.default\">\n\t\t\t\t<div class=\"elementor-widget-container\">\n\t\t\t\t\t<div class=\"elementor-image\">\n\t\t\t\t\t\t\t\t\t\t\t<a href=\"https:\/\/twitter.com\/aeroermo\" target=\"_blank\">\n\t\t\t\t\t\t\t<img src=\"https:\/\/www.aeroermo.com\/home\/wp-content\/uploads\/elementor\/thumbs\/tw-pn0vbuyzypymd5b7rnx284wb2frrx5sds9qshw0ygk.png\" title=\"tw\" alt=\"tw\" \/>\t\t\t\t\t\t\t\t<\/a>\n\t\t\t\t\t\t\t\t\t\t\t<\/div>\n\t\t\t\t<\/div>\n\t\t\t\t<\/div>\n\t\t\t\t\t\t<\/div>\n\t\t\t\t\t<\/div>\n\t\t<\/div>\n\t\t\t\t<div class=\"elementor-column elementor-col-25 elementor-inner-column elementor-element elementor-element-2f5f8719\" data-id=\"2f5f8719\" data-element_type=\"column\">\n\t\t\t<div class=\"elementor-column-wrap elementor-element-populated\">\n\t\t\t\t\t\t\t<div class=\"elementor-widget-wrap\">\n\t\t\t\t\t\t<div class=\"elementor-element elementor-element-7b2ebd10 elementor-widget elementor-widget-image\" data-id=\"7b2ebd10\" data-element_type=\"widget\" data-widget_type=\"image.default\">\n\t\t\t\t<div class=\"elementor-widget-container\">\n\t\t\t\t\t<div class=\"elementor-image\">\n\t\t\t\t\t\t\t\t\t\t\t<a href=\"https:\/\/www.instagram.com\/aeroermo\/\" target=\"_blank\">\n\t\t\t\t\t\t\t<img src=\"https:\/\/www.aeroermo.com\/home\/wp-content\/uploads\/elementor\/thumbs\/ig-pn0vbu15rvxc1jckx5ifnn4uh1wepgong53b0m2cms.png\" title=\"ig\" alt=\"ig\" \/>\t\t\t\t\t\t\t\t<\/a>\n\t\t\t\t\t\t\t\t\t\t\t<\/div>\n\t\t\t\t<\/div>\n\t\t\t\t<\/div>\n\t\t\t\t\t\t<\/div>\n\t\t\t\t\t<\/div>\n\t\t<\/div>\n\t\t\t\t<div class=\"elementor-column elementor-col-25 elementor-inner-column elementor-element elementor-element-16d817cb\" data-id=\"16d817cb\" data-element_type=\"column\">\n\t\t\t<div class=\"elementor-column-wrap elementor-element-populated\">\n\t\t\t\t\t\t\t<div class=\"elementor-widget-wrap\">\n\t\t\t\t\t\t<div class=\"elementor-element elementor-element-b0c5d12 elementor-widget elementor-widget-image\" data-id=\"b0c5d12\" data-element_type=\"widget\" data-widget_type=\"image.default\">\n\t\t\t\t<div class=\"elementor-widget-container\">\n\t\t\t\t\t<div class=\"elementor-image\">\n\t\t\t\t\t\t\t\t\t\t\t<a href=\"https:\/\/www.facebook.com\/aeroermo\/\" target=\"_blank\">\n\t\t\t\t\t\t\t<img src=\"https:\/\/www.aeroermo.com\/home\/wp-content\/uploads\/elementor\/thumbs\/fb-pn0vbs5he7urebfb84p6inlxaa5oa2h6rvsc2254z8.png\" title=\"fb\" alt=\"fb\" \/>\t\t\t\t\t\t\t\t<\/a>\n\t\t\t\t\t\t\t\t\t\t\t<\/div>\n\t\t\t\t<\/div>\n\t\t\t\t<\/div>\n\t\t\t\t\t\t<\/div>\n\t\t\t\t\t<\/div>\n\t\t<\/div>\n\t\t\t\t<div class=\"elementor-column elementor-col-25 elementor-inner-column elementor-element elementor-element-7ee55f7\" data-id=\"7ee55f7\" data-element_type=\"column\">\n\t\t\t<div class=\"elementor-column-wrap elementor-element-populated\">\n\t\t\t\t\t\t\t<div class=\"elementor-widget-wrap\">\n\t\t\t\t\t\t<div class=\"elementor-element elementor-element-14915487 elementor-widget elementor-widget-image\" data-id=\"14915487\" data-element_type=\"widget\" data-widget_type=\"image.default\">\n\t\t\t\t<div class=\"elementor-widget-container\">\n\t\t\t\t\t<div class=\"elementor-image\">\n\t\t\t\t\t\t\t\t\t\t\t<a href=\"https:\/\/www.youtube.com\/user\/Aeroermo\" target=\"_blank\">\n\t\t\t\t\t\t\t<img src=\"https:\/\/www.aeroermo.com\/home\/wp-content\/uploads\/elementor\/thumbs\/yt-pn0vbwuoce170d8hgoqbd4f897iicjzugj1rgfy644.png\" title=\"yt\" alt=\"yt\" \/>\t\t\t\t\t\t\t\t<\/a>\n\t\t\t\t\t\t\t\t\t\t\t<\/div>\n\t\t\t\t<\/div>\n\t\t\t\t<\/div>\n\t\t\t\t\t\t<\/div>\n\t\t\t\t\t<\/div>\n\t\t<\/div>\n\t\t\t\t\t\t\t\t<\/div>\n\t\t\t\t\t<\/div>\n\t\t<\/section>\n\t\t\t\t\t\t<\/div>\n\t\t\t\t\t<\/div>\n\t\t<\/div>\n\t\t\t\t<div class=\"elementor-column elementor-col-25 elementor-top-column elementor-element elementor-element-669ed78c\" data-id=\"669ed78c\" data-element_type=\"column\">\n\t\t\t<div class=\"elementor-column-wrap\">\n\t\t\t\t\t\t\t<div class=\"elementor-widget-wrap\">\n\t\t\t\t\t\t\t\t<\/div>\n\t\t\t\t\t<\/div>\n\t\t<\/div>\n\t\t\t\t\t\t\t\t<\/div>\n\t\t\t\t\t<\/div>\n\t\t<\/footer>\n\t\t\t\t<section class=\"elementor-section elementor-top-section elementor-element elementor-element-4fd2a600 elementor-section-stretched elementor-section-full_width elementor-section-height-default elementor-section-height-default stylepress-section-color-normal\" data-id=\"4fd2a600\" data-element_type=\"section\" data-settings=\"{&quot;stretch_section&quot;:&quot;section-stretched&quot;,&quot;background_background&quot;:&quot;classic&quot;}\">\n\t\t\t\t\t\t<div class=\"elementor-container elementor-column-gap-default\">\n\t\t\t\t\t\t\t<div class=\"elementor-row\">\n\t\t\t\t\t<div class=\"elementor-column elementor-col-100 elementor-top-column elementor-element elementor-element-2e898a98\" data-id=\"2e898a98\" data-element_type=\"column\">\n\t\t\t<div class=\"elementor-column-wrap elementor-element-populated\">\n\t\t\t\t\t\t\t<div class=\"elementor-widget-wrap\">\n\t\t\t\t\t\t<div class=\"elementor-element elementor-element-524403a1 elementor-invisible elementor-widget elementor-widget-text-editor\" data-id=\"524403a1\" data-element_type=\"widget\" data-settings=\"{&quot;_animation&quot;:&quot;fadeInRight&quot;,&quot;_animation_delay&quot;:200}\" data-widget_type=\"text-editor.default\">\n\t\t\t\t<div class=\"elementor-widget-container\">\n\t\t\t\t\t<div class=\"elementor-text-editor elementor-clearfix\"><p style=\"font-size: 13px;\">Dise\u00f1ado y digramado por<a style=\"color: #00a0e5;\" href=\"http:\/\/www.clovergraf.com\/\" target=\"_blank\" rel=\"noopener\">\u00a0www.clovergraf.com <\/a> todos los derechos reservados<\/p><\/div>\n\t\t\t\t<\/div>\n\t\t\t\t<\/div>\n\t\t\t\t\t\t<\/div>\n\t\t\t\t\t<\/div>\n\t\t<\/div>\n\t\t\t\t\t\t\t\t<\/div>\n\t\t\t\t\t<\/div>\n\t\t<\/section>\n\t\t\t\t\t\t<\/div>\n\t\t\t\t\t\t<\/div>\n\t\t\t\t\t<\/div>\n\t\t","protected":false},"excerpt":{"rendered":"<p>SUSCRIBASE | INICIAR SESI\u00d3N HOME SOBRE NOSOTROS EDICIONES NOTICIAS Eventos CONTACTO &nbsp; [&hellip;]<\/p>\n","protected":false},"author":1,"featured_media":12842,"comment_status":"open","ping_status":"open","sticky":false,"template":"elementor_canvas","format":"standard","meta":[],"categories":[35],"tags":[],"yoast_head":"<!-- This site is optimized with the Yoast SEO plugin v14.9 - https:\/\/yoast.com\/wordpress\/plugins\/seo\/ -->\n<title>Repunte moderado en septiembre de la demanda a\u00e9rea de pasajeros - AeroErmo<\/title>\n<meta name=\"description\" content=\"Nos destacamos por ser la \u00fanica publicaci\u00f3n especializada reconocida en Latinoam\u00e9rica que aborda y proyecta temas de aviaci\u00f3n de manera innovadora y diferente. Nos enfocamos en abarcar \u00e1reas importantes como educaci\u00f3n, reparaciones, mantenimiento, operaciones y actualidad tecnol\u00f3gica, as\u00ed como los \u00faltimos avances asociados al desarrollo del sector en Colombia y el mundo\" \/>\n<meta name=\"robots\" content=\"index, follow, max-snippet:-1, max-image-preview:large, max-video-preview:-1\" \/>\n<link rel=\"canonical\" href=\"https:\/\/www.aeroermo.com\/home\/repunte-moderado-en-septiembre-de-la-demanda-aerea-de-pasajeros\/\" \/>\n<meta property=\"og:locale\" content=\"es_ES\" \/>\n<meta property=\"og:type\" content=\"article\" \/>\n<meta property=\"og:title\" content=\"Repunte moderado en septiembre de la demanda a\u00e9rea de pasajeros - AeroErmo\" \/>\n<meta property=\"og:description\" content=\"Nos destacamos por ser la \u00fanica publicaci\u00f3n especializada reconocida en Latinoam\u00e9rica que aborda y proyecta temas de aviaci\u00f3n de manera innovadora y diferente. Nos enfocamos en abarcar \u00e1reas importantes como educaci\u00f3n, reparaciones, mantenimiento, operaciones y actualidad tecnol\u00f3gica, as\u00ed como los \u00faltimos avances asociados al desarrollo del sector en Colombia y el mundo\" \/>\n<meta property=\"og:url\" content=\"https:\/\/www.aeroermo.com\/home\/repunte-moderado-en-septiembre-de-la-demanda-aerea-de-pasajeros\/\" \/>\n<meta property=\"og:site_name\" content=\"AeroErmo\" \/>\n<meta property=\"article:publisher\" content=\"https:\/\/www.facebook.com\/aeroermo\" \/>\n<meta property=\"article:published_time\" content=\"2021-11-08T06:31:40+00:00\" \/>\n<meta property=\"article:modified_time\" content=\"2021-11-08T06:32:32+00:00\" \/>\n<meta property=\"og:image\" content=\"https:\/\/www.aeroermo.com\/home\/wp-content\/uploads\/2021\/04\/Logo-IATA-2.jpg\" \/>\n\t<meta property=\"og:image:width\" content=\"1200\" \/>\n\t<meta property=\"og:image:height\" content=\"1200\" \/>\n<meta name=\"twitter:card\" content=\"summary_large_image\" \/>\n<meta name=\"twitter:creator\" content=\"@aeroERMO\" \/>\n<meta name=\"twitter:site\" content=\"@aeroERMO\" \/>\n<script type=\"application\/ld+json\" class=\"yoast-schema-graph\">{\"@context\":\"https:\/\/schema.org\",\"@graph\":[{\"@type\":\"Organization\",\"@id\":\"https:\/\/www.aeroermo.com\/home\/#organization\",\"name\":\"AeroErmo\",\"url\":\"https:\/\/www.aeroermo.com\/home\/\",\"sameAs\":[\"https:\/\/www.facebook.com\/aeroermo\",\"https:\/\/www.instagram.com\/aeroermo\/?hl=es-la\",\"https:\/\/co.linkedin.com\/company\/aeroermo-revista-aeronautica\",\"https:\/\/www.youtube.com\/channel\/UC-m0Xq2ozhHChf7jCH5h9wQ\",\"https:\/\/twitter.com\/aeroERMO\"],\"logo\":{\"@type\":\"ImageObject\",\"@id\":\"https:\/\/www.aeroermo.com\/home\/#logo\",\"inLanguage\":\"es\",\"url\":\"https:\/\/www.aeroermo.com\/home\/wp-content\/uploads\/2018\/11\/Favico.png\",\"width\":71,\"height\":66,\"caption\":\"AeroErmo\"},\"image\":{\"@id\":\"https:\/\/www.aeroermo.com\/home\/#logo\"}},{\"@type\":\"WebSite\",\"@id\":\"https:\/\/www.aeroermo.com\/home\/#website\",\"url\":\"https:\/\/www.aeroermo.com\/home\/\",\"name\":\"AeroErmo\",\"description\":\"\",\"publisher\":{\"@id\":\"https:\/\/www.aeroermo.com\/home\/#organization\"},\"potentialAction\":[{\"@type\":\"SearchAction\",\"target\":\"https:\/\/www.aeroermo.com\/home\/?s={search_term_string}\",\"query-input\":\"required name=search_term_string\"}],\"inLanguage\":\"es\"},{\"@type\":\"ImageObject\",\"@id\":\"https:\/\/www.aeroermo.com\/home\/repunte-moderado-en-septiembre-de-la-demanda-aerea-de-pasajeros\/#primaryimage\",\"inLanguage\":\"es\",\"url\":\"https:\/\/www.aeroermo.com\/home\/wp-content\/uploads\/2021\/04\/Logo-IATA-2.jpg\",\"width\":1200,\"height\":1200},{\"@type\":\"WebPage\",\"@id\":\"https:\/\/www.aeroermo.com\/home\/repunte-moderado-en-septiembre-de-la-demanda-aerea-de-pasajeros\/#webpage\",\"url\":\"https:\/\/www.aeroermo.com\/home\/repunte-moderado-en-septiembre-de-la-demanda-aerea-de-pasajeros\/\",\"name\":\"Repunte moderado en septiembre de la demanda a\\u00e9rea de pasajeros - AeroErmo\",\"isPartOf\":{\"@id\":\"https:\/\/www.aeroermo.com\/home\/#website\"},\"primaryImageOfPage\":{\"@id\":\"https:\/\/www.aeroermo.com\/home\/repunte-moderado-en-septiembre-de-la-demanda-aerea-de-pasajeros\/#primaryimage\"},\"datePublished\":\"2021-11-08T06:31:40+00:00\",\"dateModified\":\"2021-11-08T06:32:32+00:00\",\"description\":\"Nos destacamos por ser la \\u00fanica publicaci\\u00f3n especializada reconocida en Latinoam\\u00e9rica que aborda y proyecta temas de aviaci\\u00f3n de manera innovadora y diferente. Nos enfocamos en abarcar \\u00e1reas importantes como educaci\\u00f3n, reparaciones, mantenimiento, operaciones y actualidad tecnol\\u00f3gica, as\\u00ed como los \\u00faltimos avances asociados al desarrollo del sector en Colombia y el mundo\",\"inLanguage\":\"es\",\"potentialAction\":[{\"@type\":\"ReadAction\",\"target\":[\"https:\/\/www.aeroermo.com\/home\/repunte-moderado-en-septiembre-de-la-demanda-aerea-de-pasajeros\/\"]}]},{\"@type\":\"Article\",\"@id\":\"https:\/\/www.aeroermo.com\/home\/repunte-moderado-en-septiembre-de-la-demanda-aerea-de-pasajeros\/#article\",\"isPartOf\":{\"@id\":\"https:\/\/www.aeroermo.com\/home\/repunte-moderado-en-septiembre-de-la-demanda-aerea-de-pasajeros\/#webpage\"},\"author\":{\"@id\":\"https:\/\/www.aeroermo.com\/home\/#\/schema\/person\/b63b9ecb3952997d685b86b5a3fd62a6\"},\"headline\":\"Repunte moderado en septiembre de la demanda a\\u00e9rea de pasajeros\",\"datePublished\":\"2021-11-08T06:31:40+00:00\",\"dateModified\":\"2021-11-08T06:32:32+00:00\",\"mainEntityOfPage\":{\"@id\":\"https:\/\/www.aeroermo.com\/home\/repunte-moderado-en-septiembre-de-la-demanda-aerea-de-pasajeros\/#webpage\"},\"commentCount\":0,\"publisher\":{\"@id\":\"https:\/\/www.aeroermo.com\/home\/#organization\"},\"image\":{\"@id\":\"https:\/\/www.aeroermo.com\/home\/repunte-moderado-en-septiembre-de-la-demanda-aerea-de-pasajeros\/#primaryimage\"},\"inLanguage\":\"es\",\"potentialAction\":[{\"@type\":\"CommentAction\",\"name\":\"Comment\",\"target\":[\"https:\/\/www.aeroermo.com\/home\/repunte-moderado-en-septiembre-de-la-demanda-aerea-de-pasajeros\/#respond\"]}]},{\"@type\":\"Person\",\"@id\":\"https:\/\/www.aeroermo.com\/home\/#\/schema\/person\/b63b9ecb3952997d685b86b5a3fd62a6\",\"name\":\"admin\",\"image\":{\"@type\":\"ImageObject\",\"@id\":\"https:\/\/www.aeroermo.com\/home\/#personlogo\",\"inLanguage\":\"es\",\"url\":\"https:\/\/secure.gravatar.com\/avatar\/e7deed9ec09a294c166b87e9eb5b1525?s=96&d=mm&r=g\",\"caption\":\"admin\"}}]}<\/script>\n<!-- \/ Yoast SEO plugin. -->","_links":{"self":[{"href":"https:\/\/www.aeroermo.com\/home\/wp-json\/wp\/v2\/posts\/19455"}],"collection":[{"href":"https:\/\/www.aeroermo.com\/home\/wp-json\/wp\/v2\/posts"}],"about":[{"href":"https:\/\/www.aeroermo.com\/home\/wp-json\/wp\/v2\/types\/post"}],"author":[{"embeddable":true,"href":"https:\/\/www.aeroermo.com\/home\/wp-json\/wp\/v2\/users\/1"}],"replies":[{"embeddable":true,"href":"https:\/\/www.aeroermo.com\/home\/wp-json\/wp\/v2\/comments?post=19455"}],"version-history":[{"count":4,"href":"https:\/\/www.aeroermo.com\/home\/wp-json\/wp\/v2\/posts\/19455\/revisions"}],"predecessor-version":[{"id":19461,"href":"https:\/\/www.aeroermo.com\/home\/wp-json\/wp\/v2\/posts\/19455\/revisions\/19461"}],"wp:featuredmedia":[{"embeddable":true,"href":"https:\/\/www.aeroermo.com\/home\/wp-json\/wp\/v2\/media\/12842"}],"wp:attachment":[{"href":"https:\/\/www.aeroermo.com\/home\/wp-json\/wp\/v2\/media?parent=19455"}],"wp:term":[{"taxonomy":"category","embeddable":true,"href":"https:\/\/www.aeroermo.com\/home\/wp-json\/wp\/v2\/categories?post=19455"},{"taxonomy":"post_tag","embeddable":true,"href":"https:\/\/www.aeroermo.com\/home\/wp-json\/wp\/v2\/tags?post=19455"}],"curies":[{"name":"wp","href":"https:\/\/api.w.org\/{rel}","templated":true}]}}