{"id":19172,"date":"2021-11-02T20:37:18","date_gmt":"2021-11-02T20:37:18","guid":{"rendered":"https:\/\/www.aeroermo.com\/home\/?p=19172"},"modified":"2021-11-02T20:37:52","modified_gmt":"2021-11-02T20:37:52","slug":"con-una-agenda-academica-innovadora-y-grandes-conferencistas-empieza-f-air-connection-2021","status":"publish","type":"post","link":"https:\/\/www.aeroermo.com\/home\/con-una-agenda-academica-innovadora-y-grandes-conferencistas-empieza-f-air-connection-2021\/","title":{"rendered":"Con una agenda acad\u00e9mica innovadora y grandes conferencistas, empieza F-AIR CONNECTION 2021"},"content":{"rendered":"\t\t<div data-elementor-type=\"wp-post\" data-elementor-id=\"19172\" class=\"elementor elementor-19172\" data-elementor-settings=\"[]\">\n\t\t\t\t\t\t<div class=\"elementor-inner\">\n\t\t\t\t\t\t\t<div class=\"elementor-section-wrap\">\n\t\t\t\t\t\t\t<section class=\"elementor-section elementor-top-section elementor-element elementor-element-3b4ff17c elementor-section-boxed elementor-section-height-default elementor-section-height-default stylepress-section-color-normal\" data-id=\"3b4ff17c\" data-element_type=\"section\">\n\t\t\t\t\t\t<div class=\"elementor-container elementor-column-gap-default\">\n\t\t\t\t\t\t\t<div class=\"elementor-row\">\n\t\t\t\t\t<div class=\"elementor-column elementor-col-100 elementor-top-column elementor-element elementor-element-6ef3cefc\" data-id=\"6ef3cefc\" data-element_type=\"column\">\n\t\t\t<div class=\"elementor-column-wrap elementor-element-populated\">\n\t\t\t\t\t\t\t<div class=\"elementor-widget-wrap\">\n\t\t\t\t\t\t<div class=\"elementor-element elementor-element-6754fd09 elementor-widget elementor-widget-text-editor\" data-id=\"6754fd09\" data-element_type=\"widget\" data-widget_type=\"text-editor.default\">\n\t\t\t\t<div class=\"elementor-widget-container\">\n\t\t\t\t\t<div class=\"elementor-text-editor elementor-clearfix\"><!-- wp:fl-builder\/layout \/--><\/div>\n\t\t\t\t<\/div>\n\t\t\t\t<\/div>\n\t\t\t\t\t\t<\/div>\n\t\t\t\t\t<\/div>\n\t\t<\/div>\n\t\t\t\t\t\t\t\t<\/div>\n\t\t\t\t\t<\/div>\n\t\t<\/section>\n\t\t\t\t<section class=\"elementor-section elementor-top-section elementor-element elementor-element-213033ca elementor-section-stretched elementor-section-full_width elementor-hidden-desktop elementor-section-height-default elementor-section-height-default stylepress-section-color-normal\" data-id=\"213033ca\" data-element_type=\"section\" data-settings=\"{&quot;stretch_section&quot;:&quot;section-stretched&quot;}\">\n\t\t\t\t\t\t<div class=\"elementor-container elementor-column-gap-no\">\n\t\t\t\t\t\t\t<div class=\"elementor-row\">\n\t\t\t\t\t<div class=\"elementor-column elementor-col-100 elementor-top-column elementor-element elementor-element-341780a9\" data-id=\"341780a9\" data-element_type=\"column\">\n\t\t\t<div class=\"elementor-column-wrap elementor-element-populated\">\n\t\t\t\t\t\t\t<div class=\"elementor-widget-wrap\">\n\t\t\t\t\t\t<div class=\"elementor-element elementor-element-41f2dc5e elementor-widget elementor-widget-image\" data-id=\"41f2dc5e\" data-element_type=\"widget\" data-widget_type=\"image.default\">\n\t\t\t\t<div class=\"elementor-widget-container\">\n\t\t\t\t\t<div class=\"elementor-image\">\n\t\t\t\t\t\t\t\t\t\t\t<a href=\"https:\/\/www.aeroermo.com\/home\/\">\n\t\t\t\t\t\t\t<img width=\"974\" height=\"114\" src=\"https:\/\/www.aeroermo.com\/home\/wp-content\/uploads\/2018\/12\/nuvo_logo.png\" class=\"attachment-full size-full\" alt=\"\" loading=\"lazy\" srcset=\"https:\/\/www.aeroermo.com\/home\/wp-content\/uploads\/2018\/12\/nuvo_logo.png 974w, https:\/\/www.aeroermo.com\/home\/wp-content\/uploads\/2018\/12\/nuvo_logo-200x23.png 200w, https:\/\/www.aeroermo.com\/home\/wp-content\/uploads\/2018\/12\/nuvo_logo-300x35.png 300w, https:\/\/www.aeroermo.com\/home\/wp-content\/uploads\/2018\/12\/nuvo_logo-768x90.png 768w\" sizes=\"(max-width: 974px) 100vw, 974px\" \/>\t\t\t\t\t\t\t\t<\/a>\n\t\t\t\t\t\t\t\t\t\t\t<\/div>\n\t\t\t\t<\/div>\n\t\t\t\t<\/div>\n\t\t\t\t\t\t<\/div>\n\t\t\t\t\t<\/div>\n\t\t<\/div>\n\t\t\t\t\t\t\t\t<\/div>\n\t\t\t\t\t<\/div>\n\t\t<\/section>\n\t\t\t\t<header class=\"elementor-section elementor-top-section elementor-element elementor-element-2b4dda22 elementor-section-stretched elementor-section-full_width elementor-section-content-top elementor-hidden-tablet elementor-hidden-phone elementor-section-height-default elementor-section-height-default stylepress-section-color-normal elementor-invisible\" data-id=\"2b4dda22\" data-element_type=\"section\" id=\"menu-header\" data-settings=\"{&quot;stretch_section&quot;:&quot;section-stretched&quot;,&quot;animation&quot;:&quot;fadeInDown&quot;}\">\n\t\t\t\t\t\t<div class=\"elementor-container elementor-column-gap-no\">\n\t\t\t\t\t\t\t<div class=\"elementor-row\">\n\t\t\t\t\t<header class=\"elementor-column elementor-col-50 elementor-top-column elementor-element elementor-element-319b4835\" data-id=\"319b4835\" data-element_type=\"column\">\n\t\t\t<div class=\"elementor-column-wrap elementor-element-populated\">\n\t\t\t\t\t\t\t<div class=\"elementor-widget-wrap\">\n\t\t\t\t\t\t<div class=\"elementor-element elementor-element-ac041c logoaero elementor-hidden-tablet elementor-hidden-phone elementor-invisible elementor-widget elementor-widget-image\" data-id=\"ac041c\" data-element_type=\"widget\" data-settings=\"{&quot;_animation&quot;:&quot;fadeInLeft&quot;,&quot;_animation_delay&quot;:200}\" data-widget_type=\"image.default\">\n\t\t\t\t<div class=\"elementor-widget-container\">\n\t\t\t\t\t<div class=\"elementor-image\">\n\t\t\t\t\t\t\t\t\t\t\t<a href=\"https:\/\/www.aeroermo.com\/home\/\">\n\t\t\t\t\t\t\t<img width=\"974\" height=\"114\" src=\"https:\/\/www.aeroermo.com\/home\/wp-content\/uploads\/2018\/11\/nuvo_logo.png\" class=\"attachment-full size-full\" alt=\"\" loading=\"lazy\" srcset=\"https:\/\/www.aeroermo.com\/home\/wp-content\/uploads\/2018\/11\/nuvo_logo.png 974w, https:\/\/www.aeroermo.com\/home\/wp-content\/uploads\/2018\/11\/nuvo_logo-200x23.png 200w, https:\/\/www.aeroermo.com\/home\/wp-content\/uploads\/2018\/11\/nuvo_logo-300x35.png 300w, https:\/\/www.aeroermo.com\/home\/wp-content\/uploads\/2018\/11\/nuvo_logo-768x90.png 768w\" sizes=\"(max-width: 974px) 100vw, 974px\" \/>\t\t\t\t\t\t\t\t<\/a>\n\t\t\t\t\t\t\t\t\t\t\t<\/div>\n\t\t\t\t<\/div>\n\t\t\t\t<\/div>\n\t\t\t\t\t\t<\/div>\n\t\t\t\t\t<\/div>\n\t\t<\/header>\n\t\t\t\t<div class=\"elementor-column elementor-col-50 elementor-top-column elementor-element elementor-element-73190f35\" data-id=\"73190f35\" data-element_type=\"column\">\n\t\t\t<div class=\"elementor-column-wrap elementor-element-populated\">\n\t\t\t\t\t\t\t<div class=\"elementor-widget-wrap\">\n\t\t\t\t\t\t<div class=\"elementor-element elementor-element-73ea5d21 elementor-hidden-tablet elementor-hidden-phone elementor-invisible elementor-widget elementor-widget-html\" data-id=\"73ea5d21\" data-element_type=\"widget\" data-settings=\"{&quot;_animation&quot;:&quot;fadeInRight&quot;,&quot;_animation_delay&quot;:400}\" data-widget_type=\"html.default\">\n\t\t\t\t<div class=\"elementor-widget-container\">\n\t\t\t<div style=\"margin-left:-15px; background-color:black; width:100%; padding\" class=\"menu\">\r\n\t<a style=\"margin-left:300px\" href=\"https:\/\/www.aeroermo.com\/home\/suscribase\/\">\r\n\t    SUSCRIBASE\r\n\t<\/a>\r\n\t<b style=\"color:#0095D9; font-weight: bold;\"> | <\/b>\r\n\t<a href=\"https:\/\/www.aeroermo.com\/home\/wp-admin\">\r\n    <img src=\"https:\/\/www.aeroermo.com\/home\/wp-content\/uploads\/2018\/11\/login-01.png\">INICIAR SESI\u00d3N\r\n\t<\/a> \r\n\t<a style=\"margin-left:100px\" href=\"https:\/\/twitter.com\/aeroermo\" target=\"_blank\">\r\n    <img width=\"15px\" src=\"https:\/\/www.aeroermo.com\/home\/wp-content\/uploads\/2018\/11\/Redes_TW.png\"><\/a>\r\n\t<a href=\"https:\/\/www.instagram.com\/aeroermo\/\" target=\"_blank\">\r\n\t<img width=\"15px\" src=\"https:\/\/www.aeroermo.com\/home\/wp-content\/uploads\/2018\/11\/Redes_IG.png\"><\/a>\r\n\t<a href=\"https:\/\/www.facebook.com\/aeroermo\/\" target=\"_blank\">\r\n\t<img width=\"15px\" src=\"https:\/\/www.aeroermo.com\/home\/wp-content\/uploads\/2018\/11\/Redes_FB.png\"><\/a>\r\n\t<a href=\"https:\/\/www.youtube.com\/user\/Aeroermo\" target=\"_blank\">\r\n\t<img width=\"15px\" src=\"https:\/\/www.aeroermo.com\/home\/wp-content\/uploads\/2018\/11\/Redes_YT.png\"><\/a>\r\n<\/div>\t\t<\/div>\n\t\t\t\t<\/div>\n\t\t\t\t<div class=\"elementor-element elementor-element-1da5422b elementor-align-left elementor-invisible elementor-widget elementor-widget-default-navmenu\" data-id=\"1da5422b\" data-element_type=\"widget\" data-settings=\"{&quot;_animation&quot;:&quot;fadeInDown&quot;,&quot;_animation_delay&quot;:400}\" data-widget_type=\"default-navmenu.default\">\n\t\t\t\t<div class=\"elementor-widget-container\">\n\t\t\t<div id=\"elementor-header-primary\" class=\"elementor-header\">\t\t\t<button id=\"elementor-menu-toggle\" class=\"elementor-menu-toggle\"><i class=\"fa fa-navicon\"><\/i><\/button>\n\t\t\t<div id=\"elementor-menu\" class=\"elementor-menu\">\n\t\t\t\n\t\t\t\t<nav itemtype=\"http:\/\/schema.org\/SiteNavigationElement\" itemscope=\"itemscope\" id=\"elementor-navigation\" class=\"elementor-navigation\" role=\"navigation\" aria-label=\"Men\u00fa de Elementor\">\t\t\t\t\n\t\t\t\t<ul id=\"elementor-navmenu\" class=\"elementor-nav-menu\"><li id=\"menu-item-170\" class=\"menu-item menu-item-type-post_type menu-item-object-page menu-item-home menu-item-170\"><a href=\"https:\/\/www.aeroermo.com\/home\/\">HOME<\/a><\/li>\n<li id=\"menu-item-171\" class=\"menu-item menu-item-type-post_type menu-item-object-page menu-item-171\"><a href=\"https:\/\/www.aeroermo.com\/home\/quienes-somos\/\">SOBRE NOSOTROS<\/a><\/li>\n<li id=\"menu-item-167\" class=\"menu-item menu-item-type-post_type menu-item-object-page menu-item-167\"><a href=\"https:\/\/www.aeroermo.com\/home\/nuestras-ediciones\/\">EDICIONES<\/a><\/li>\n<li id=\"menu-item-9076\" class=\"menu-item menu-item-type-post_type menu-item-object-page menu-item-9076\"><a href=\"https:\/\/www.aeroermo.com\/home\/blog\/\">NOTICIAS<\/a><\/li>\n<li id=\"menu-item-1714\" class=\"menu-item menu-item-type-post_type menu-item-object-page menu-item-1714\"><a href=\"https:\/\/www.aeroermo.com\/home\/eventos\/\">Eventos<\/a><\/li>\n<li id=\"menu-item-169\" class=\"menu-item menu-item-type-post_type menu-item-object-page menu-item-169\"><a href=\"https:\/\/www.aeroermo.com\/home\/contacto\/\">CONTACTO<\/a><\/li>\n<li class=\"menu-item wpmenucartli wpmenucart-display-standard menu-item menu-item-type-post_type menu-item-object-page\" id=\"wpmenucartli\"><a class=\"wpmenucart-contents empty-wpmenucart\" style=\"display:none\">&nbsp;<\/a><\/li><\/ul>\t\t\n\t\t\t\t\t\t\t\t<\/nav>\n\t\t\t<\/div>\n\t\t<\/div>\n\t\t\t\t<\/div>\n\t\t\t\t<\/div>\n\t\t\t\t\t\t<\/div>\n\t\t\t\t\t<\/div>\n\t\t<\/div>\n\t\t\t\t\t\t\t\t<\/div>\n\t\t\t\t\t<\/div>\n\t\t<\/header>\n\t\t\t\t<section class=\"elementor-section elementor-top-section elementor-element elementor-element-681bc91c elementor-section-stretched stylepress-section-color-dark elementor-hidden-desktop elementor-section-boxed elementor-section-height-default elementor-section-height-default\" data-id=\"681bc91c\" data-element_type=\"section\" data-settings=\"{&quot;stretch_section&quot;:&quot;section-stretched&quot;}\">\n\t\t\t\t\t\t<div class=\"elementor-container elementor-column-gap-no\">\n\t\t\t\t\t\t\t<div class=\"elementor-row\">\n\t\t\t\t\t<div class=\"elementor-column elementor-col-100 elementor-top-column elementor-element elementor-element-3e34a5c0\" data-id=\"3e34a5c0\" data-element_type=\"column\">\n\t\t\t<div class=\"elementor-column-wrap elementor-element-populated\">\n\t\t\t\t\t\t\t<div class=\"elementor-widget-wrap\">\n\t\t\t\t\t\t<div class=\"elementor-element elementor-element-68934509 elementor-invisible elementor-widget elementor-widget-navmenu-overlay\" data-id=\"68934509\" data-element_type=\"widget\" data-settings=\"{&quot;_animation&quot;:&quot;fadeInDown&quot;}\" data-widget_type=\"navmenu-overlay.default\">\n\t\t\t\t<div class=\"elementor-widget-container\">\n\t\t\t\t<!--<div class=\"navmenu-overlay\">-->\n\t\t<span id=\"touch-menu\" class=\"mobile-menu\"><span><\/span><\/span>\n\t\t<nav itemtype=\"http:\/\/schema.org\/SiteNavigationElement\" itemscope=\"itemscope\" class=\"overlay-navigation\" role=\"navigation\" aria-label=\"Men\u00fa de Elementor\">\n\t\t\t<ul id=\"menu-menu-principal\" class=\"\"><li class=\"menu-item menu-item-type-post_type menu-item-object-page menu-item-home menu-item-170\"><a href=\"https:\/\/www.aeroermo.com\/home\/\">HOME<\/a><\/li>\n<li class=\"menu-item menu-item-type-post_type menu-item-object-page menu-item-171\"><a href=\"https:\/\/www.aeroermo.com\/home\/quienes-somos\/\">SOBRE NOSOTROS<\/a><\/li>\n<li class=\"menu-item menu-item-type-post_type menu-item-object-page menu-item-167\"><a href=\"https:\/\/www.aeroermo.com\/home\/nuestras-ediciones\/\">EDICIONES<\/a><\/li>\n<li class=\"menu-item menu-item-type-post_type menu-item-object-page menu-item-9076\"><a href=\"https:\/\/www.aeroermo.com\/home\/blog\/\">NOTICIAS<\/a><\/li>\n<li class=\"menu-item menu-item-type-post_type menu-item-object-page menu-item-1714\"><a href=\"https:\/\/www.aeroermo.com\/home\/eventos\/\">Eventos<\/a><\/li>\n<li class=\"menu-item menu-item-type-post_type menu-item-object-page menu-item-169\"><a href=\"https:\/\/www.aeroermo.com\/home\/contacto\/\">CONTACTO<\/a><\/li>\n<li class=\"menu-item wpmenucartli wpmenucart-display-standard menu-item menu-item-type-post_type menu-item-object-page\" id=\"wpmenucartli\"><a class=\"wpmenucart-contents empty-wpmenucart\" style=\"display:none\">&nbsp;<\/a><\/li><\/ul>\t\t<\/nav>\n\t<!--<\/div>-->\n\t\t\t\t<\/div>\n\t\t\t\t<\/div>\n\t\t\t\t<div class=\"elementor-element elementor-element-4e8042e6 elementor-widget elementor-widget-spacer\" data-id=\"4e8042e6\" data-element_type=\"widget\" data-widget_type=\"spacer.default\">\n\t\t\t\t<div class=\"elementor-widget-container\">\n\t\t\t\t\t<div class=\"elementor-spacer\">\n\t\t\t<div class=\"elementor-spacer-inner\"><\/div>\n\t\t<\/div>\n\t\t\t\t<\/div>\n\t\t\t\t<\/div>\n\t\t\t\t\t\t<\/div>\n\t\t\t\t\t<\/div>\n\t\t<\/div>\n\t\t\t\t\t\t\t\t<\/div>\n\t\t\t\t\t<\/div>\n\t\t<\/section>\n\t\t\t\t<section class=\"elementor-section elementor-top-section elementor-element elementor-element-1e288514 elementor-section-boxed elementor-section-height-default elementor-section-height-default stylepress-section-color-normal\" data-id=\"1e288514\" data-element_type=\"section\">\n\t\t\t\t\t\t<div class=\"elementor-container elementor-column-gap-default\">\n\t\t\t\t\t\t\t<div class=\"elementor-row\">\n\t\t\t\t\t<div class=\"elementor-column elementor-col-100 elementor-top-column elementor-element elementor-element-2469e663\" data-id=\"2469e663\" data-element_type=\"column\">\n\t\t\t<div class=\"elementor-column-wrap elementor-element-populated\">\n\t\t\t\t\t\t\t<div class=\"elementor-widget-wrap\">\n\t\t\t\t\t\t<div class=\"elementor-element elementor-element-76b0ef95 elementor-invisible elementor-widget elementor-widget-heading\" data-id=\"76b0ef95\" data-element_type=\"widget\" data-settings=\"{&quot;_animation&quot;:&quot;fadeInUp&quot;,&quot;_animation_delay&quot;:300}\" data-widget_type=\"heading.default\">\n\t\t\t\t<div class=\"elementor-widget-container\">\n\t\t\t<h2 class=\"elementor-heading-title elementor-size-default\">Con una agenda acad\u00e9mica innovadora y grandes conferencistas, empieza F-AIR CONNECTION 2021<\/h2>\t\t<\/div>\n\t\t\t\t<\/div>\n\t\t\t\t<div class=\"elementor-element elementor-element-abe0162 elementor-invisible elementor-widget elementor-widget-image\" data-id=\"abe0162\" data-element_type=\"widget\" data-settings=\"{&quot;_animation&quot;:&quot;fadeInLeft&quot;,&quot;_animation_delay&quot;:300}\" data-widget_type=\"image.default\">\n\t\t\t\t<div class=\"elementor-widget-container\">\n\t\t\t\t\t<div class=\"elementor-image\">\n\t\t\t\t\t\t\t\t\t\t<img src=\"https:\/\/www.aeroermo.com\/home\/wp-content\/uploads\/elementor\/thumbs\/Logo-F-Air-Colombia-2021-pf3m165538lkdzxtiuoopjkpqxtwges9u0isxyejjo.jpg\" title=\"Logo F-Air Colombia 2021\" alt=\"Logo F-Air Colombia 2021\" \/>\t\t\t\t\t\t\t\t\t\t\t<\/div>\n\t\t\t\t<\/div>\n\t\t\t\t<\/div>\n\t\t\t\t<div class=\"elementor-element elementor-element-5a89810 elementor-widget elementor-widget-text-editor\" data-id=\"5a89810\" data-element_type=\"widget\" data-widget_type=\"text-editor.default\">\n\t\t\t\t<div class=\"elementor-widget-container\">\n\t\t\t\t\t<div class=\"elementor-text-editor elementor-clearfix\"><ul>\n<li><strong><em>F-AIR CONNECTION2021 abre desde este martes 2 y hasta el 5 de noviembre la plataforma virtual m\u00e1s importante de la industria aeron\u00e1utica del pa\u00eds.<\/em><\/strong><\/li>\n<li><strong><em>La Aeron\u00e1utica Civil y la Fuerza A\u00e9rea Colombiana instalan a partir de las 8:00 a.m. una nutrida agenda acad\u00e9mica con temas de los sectores de aviaci\u00f3n civil y de defensa con los que se busca presentar los aspectos m\u00e1s relevantes para impulsar la reactivaci\u00f3n de la industria aeron\u00e1utica nacional y fomentar la agenda de negocios que har\u00e1 parte de esta versi\u00f3n virtual.<\/em><\/strong><\/li>\n<\/ul><\/div>\n\t\t\t\t<\/div>\n\t\t\t\t<\/div>\n\t\t\t\t<div class=\"elementor-element elementor-element-52aa46fb elementor-widget elementor-widget-text-editor\" data-id=\"52aa46fb\" data-element_type=\"widget\" data-widget_type=\"text-editor.default\">\n\t\t\t\t<div class=\"elementor-widget-container\">\n\t\t\t\t\t<div class=\"elementor-text-editor elementor-clearfix\"><p>Todo est\u00e1 listo para iniciar F-AIR CONNECTION 2021 el espacio donde se conocer\u00e1n a trav\u00e9s de una experiencia virtual los principales avances y actualizaciones en el \u00e1rea civil y de defensa, evento organizado por la Aeron\u00e1utica Civil y la Fuerza A\u00e9rea Colombiana, que en esta ocasi\u00f3n se desarrolla entre el 2 y el 5 de noviembre de 2021.<\/p>\n<p>El primer d\u00eda de la feria contar\u00e1 con importantes actividades acad\u00e9micas desarrolladas por la Fuerza A\u00e9rea Colombiana y la Aeron\u00e1utica Civil. A las 8:00 a.m. se instalar\u00e1 la Agenda Acad\u00e9mica con el conversatorio denominado \u201cVisi\u00f3n global Plan Estrat\u00e9gico Aeron\u00e1utico 2030\u201d por parte de la Aeron\u00e1utica Civil con la presencia de su director Jair Orlando Fajardo Fajardo. Posteriormente, se presentar\u00e1 un panel en el que estar\u00e1n presentes Mauricio Ram\u00edrez Koppel, delegado de Colombia ante la Organizaci\u00f3n de Aviaci\u00f3n Civil Internacional, OACI; Yesid Parra Vera, director de Inversiones y Finanzas P\u00fablicas del Departamento Nacional de Planeaci\u00f3n y Juan Francisco Espinosa, director de Migraci\u00f3n Colombia.<\/p>\n<p>As\u00ed mismo, a las 10:30 a.m. se dar\u00e1 inicio al <strong>Seminario de Poder A\u00e9reo y Espacial <\/strong>organizado por la Fuerza A\u00e9rea Colombiana y que tiene como fin presentar la proyecci\u00f3n espacial y los desarrollos tecnol\u00f3gicos en el campo aeron\u00e1utico nacional, el Programa Espacial Colombiano, el Uso de poder a\u00e9reo en pandemia\u201d y las Capacidades Satelitales, espacio en el que participan el se\u00f1or Brigadier General Andr\u00e9s Guzm\u00e1n Morales, Comandante del Comando A\u00e9reo de Transporte Militar CATAM, el se\u00f1or Coronel Carlos Giovanni Corredor Guti\u00e9rrez, Asesor para Asuntos Espaciales de la Vicepresidencia de la Rep\u00fablica, y la se\u00f1ora Teniente Coronel, Sonia Ruth Rinc\u00f3n, Jefe del Centro de Investigaci\u00f3n en Tecnolog\u00eda de aeroespaciales.<\/p>\n<p>A las 2:00 p.m. la programaci\u00f3n incluye la intervenci\u00f3n de Juan Anton Bernalte, representante EASA, Agencia Europa de Seguridad A\u00e9rea quien dialogar\u00e1 con Johan Andrey Calderon Campos, delegado de la Aeron\u00e1utica Civil, perteneciente al grupo de Inspecci\u00f3n a la Seguridad de Aviaci\u00f3n y la Facilitaci\u00f3n. Los dos expertos ser\u00e1n los protagonistas del conversatorio \u201cDesaf\u00edos y Compromisos de los Estados en materia de Ciberseguridad para la industria de la Aviaci\u00f3n \u201c.<\/p>\n<p>La feria en la que participan autoridades aeron\u00e1uticas y representantes de la industria aeroespacial es catalogada como una de las vitrinas m\u00e1s emblem\u00e1ticas del sector a\u00e9reo en Am\u00e9rica Latina. F-AIR CONNECTION 2021 cuenta con expositores nacionales e internacionales que presentar\u00e1n sus productos y servicios en la plataforma virtual que tiene como objetivo promover el desarrollo y la industria aeron\u00e1utica nacional, civil y de defensa en el \u00e1mbito internacional.<\/p>\n<p>Colombia, como referente importante del sector aeron\u00e1utico en la regi\u00f3n, posiciona a la F-AIR COLOMBIA como una excelente oportunidad para generar nuevos v\u00ednculos comerciales y de negocios, presentar avances y actualizaciones en el \u00e1rea civil y de defensa.<\/p>\n<p><strong>Prensa F-AIR CONNECTION<\/strong><\/p><\/div>\n\t\t\t\t<\/div>\n\t\t\t\t<\/div>\n\t\t\t\t<div class=\"elementor-element elementor-element-2ff85daf elementor-widget elementor-widget-spacer\" data-id=\"2ff85daf\" data-element_type=\"widget\" data-widget_type=\"spacer.default\">\n\t\t\t\t<div class=\"elementor-widget-container\">\n\t\t\t\t\t<div class=\"elementor-spacer\">\n\t\t\t<div class=\"elementor-spacer-inner\"><\/div>\n\t\t<\/div>\n\t\t\t\t<\/div>\n\t\t\t\t<\/div>\n\t\t\t\t\t\t<\/div>\n\t\t\t\t\t<\/div>\n\t\t<\/div>\n\t\t\t\t\t\t\t\t<\/div>\n\t\t\t\t\t<\/div>\n\t\t<\/section>\n\t\t\t\t<section class=\"elementor-section elementor-top-section elementor-element elementor-element-257c46bb elementor-section-boxed elementor-section-height-default elementor-section-height-default stylepress-section-color-normal\" data-id=\"257c46bb\" data-element_type=\"section\">\n\t\t\t\t\t\t<div class=\"elementor-container elementor-column-gap-default\">\n\t\t\t\t\t\t\t<div class=\"elementor-row\">\n\t\t\t\t\t<div class=\"elementor-column elementor-col-50 elementor-top-column elementor-element elementor-element-409d7699\" data-id=\"409d7699\" data-element_type=\"column\">\n\t\t\t<div class=\"elementor-column-wrap\">\n\t\t\t\t\t\t\t<div class=\"elementor-widget-wrap\">\n\t\t\t\t\t\t\t\t<\/div>\n\t\t\t\t\t<\/div>\n\t\t<\/div>\n\t\t\t\t<div class=\"elementor-column elementor-col-50 elementor-top-column elementor-element elementor-element-4d806c7e\" data-id=\"4d806c7e\" data-element_type=\"column\">\n\t\t\t<div class=\"elementor-column-wrap\">\n\t\t\t\t\t\t\t<div class=\"elementor-widget-wrap\">\n\t\t\t\t\t\t\t\t<\/div>\n\t\t\t\t\t<\/div>\n\t\t<\/div>\n\t\t\t\t\t\t\t\t<\/div>\n\t\t\t\t\t<\/div>\n\t\t<\/section>\n\t\t\t\t<footer class=\"elementor-section elementor-top-section elementor-element elementor-element-520d5b2 elementor-section-stretched footerpagina animated-fast elementor-section-boxed elementor-section-height-default elementor-section-height-default stylepress-section-color-normal elementor-invisible\" data-id=\"520d5b2\" data-element_type=\"section\" id=\"footerpagina\" data-settings=\"{&quot;stretch_section&quot;:&quot;section-stretched&quot;,&quot;background_background&quot;:&quot;classic&quot;,&quot;animation&quot;:&quot;fadeInUp&quot;}\">\n\t\t\t\t\t\t<div class=\"elementor-container elementor-column-gap-default\">\n\t\t\t\t\t\t\t<div class=\"elementor-row\">\n\t\t\t\t\t<div class=\"elementor-column elementor-col-25 elementor-top-column elementor-element elementor-element-12b58e46\" data-id=\"12b58e46\" data-element_type=\"column\">\n\t\t\t<div class=\"elementor-column-wrap elementor-element-populated\">\n\t\t\t\t\t\t\t<div class=\"elementor-widget-wrap\">\n\t\t\t\t\t\t<div class=\"elementor-element elementor-element-35f73b0b elementor-widget elementor-widget-spacer\" data-id=\"35f73b0b\" data-element_type=\"widget\" data-widget_type=\"spacer.default\">\n\t\t\t\t<div class=\"elementor-widget-container\">\n\t\t\t\t\t<div class=\"elementor-spacer\">\n\t\t\t<div class=\"elementor-spacer-inner\"><\/div>\n\t\t<\/div>\n\t\t\t\t<\/div>\n\t\t\t\t<\/div>\n\t\t\t\t<div class=\"elementor-element elementor-element-3c70c242 elementor-invisible elementor-widget elementor-widget-heading\" data-id=\"3c70c242\" data-element_type=\"widget\" data-settings=\"{&quot;_animation&quot;:&quot;zoomIn&quot;,&quot;_animation_delay&quot;:200}\" data-widget_type=\"heading.default\">\n\t\t\t\t<div class=\"elementor-widget-container\">\n\t\t\t<h5 class=\"elementor-heading-title elementor-size-default\">Cont\u00e1ctanos:<\/h5>\t\t<\/div>\n\t\t\t\t<\/div>\n\t\t\t\t<section class=\"elementor-section elementor-inner-section elementor-element elementor-element-28256dc9 elementor-section-boxed elementor-section-height-default elementor-section-height-default stylepress-section-color-normal elementor-invisible\" data-id=\"28256dc9\" data-element_type=\"section\" data-settings=\"{&quot;animation&quot;:&quot;fadeInLeft&quot;,&quot;animation_delay&quot;:300}\">\n\t\t\t\t\t\t<div class=\"elementor-container elementor-column-gap-default\">\n\t\t\t\t\t\t\t<div class=\"elementor-row\">\n\t\t\t\t\t<div class=\"elementor-column elementor-col-100 elementor-inner-column elementor-element elementor-element-43246cb4\" data-id=\"43246cb4\" data-element_type=\"column\">\n\t\t\t<div class=\"elementor-column-wrap elementor-element-populated\">\n\t\t\t\t\t\t\t<div class=\"elementor-widget-wrap\">\n\t\t\t\t\t\t<div class=\"elementor-element elementor-element-7fe2d0c6 elementor-widget elementor-widget-text-editor\" data-id=\"7fe2d0c6\" data-element_type=\"widget\" data-widget_type=\"text-editor.default\">\n\t\t\t\t<div class=\"elementor-widget-container\">\n\t\t\t\t\t<div class=\"elementor-text-editor elementor-clearfix\"><p>Calle 24B #74-27,<br \/><span style=\"color: #0095d9;\">Bogot\u00e1 \u2013 Colombia<br \/>Tel\u00e9fono:<\/span><br \/>+57 1 4672353<br \/><span style=\"color: #0095d9;\">M\u00f3vil:<\/span><br \/>311 5104038 \/ USA: +1 305 7717007<br \/>Email: info<span style=\"color: #0095d9;\">@<\/span>AeroErmo.com<\/p><\/div>\n\t\t\t\t<\/div>\n\t\t\t\t<\/div>\n\t\t\t\t\t\t<\/div>\n\t\t\t\t\t<\/div>\n\t\t<\/div>\n\t\t\t\t\t\t\t\t<\/div>\n\t\t\t\t\t<\/div>\n\t\t<\/section>\n\t\t\t\t\t\t<\/div>\n\t\t\t\t\t<\/div>\n\t\t<\/div>\n\t\t\t\t<div class=\"elementor-column elementor-col-25 elementor-top-column elementor-element elementor-element-426c2fd3\" data-id=\"426c2fd3\" data-element_type=\"column\">\n\t\t\t<div class=\"elementor-column-wrap elementor-element-populated\">\n\t\t\t\t\t\t\t<div class=\"elementor-widget-wrap\">\n\t\t\t\t\t\t<div class=\"elementor-element elementor-element-37852f29 elementor-widget elementor-widget-spacer\" data-id=\"37852f29\" data-element_type=\"widget\" data-widget_type=\"spacer.default\">\n\t\t\t\t<div class=\"elementor-widget-container\">\n\t\t\t\t\t<div class=\"elementor-spacer\">\n\t\t\t<div class=\"elementor-spacer-inner\"><\/div>\n\t\t<\/div>\n\t\t\t\t<\/div>\n\t\t\t\t<\/div>\n\t\t\t\t<div class=\"elementor-element elementor-element-370fd710 elementor-invisible elementor-widget elementor-widget-heading\" data-id=\"370fd710\" data-element_type=\"widget\" data-settings=\"{&quot;_animation&quot;:&quot;zoomIn&quot;,&quot;_animation_delay&quot;:200}\" data-widget_type=\"heading.default\">\n\t\t\t\t<div class=\"elementor-widget-container\">\n\t\t\t<h5 class=\"elementor-heading-title elementor-size-default\">men\u00fa:<\/h5>\t\t<\/div>\n\t\t\t\t<\/div>\n\t\t\t\t<section class=\"elementor-section elementor-inner-section elementor-element elementor-element-11540f2a elementor-section-boxed elementor-section-height-default elementor-section-height-default stylepress-section-color-normal elementor-invisible\" data-id=\"11540f2a\" data-element_type=\"section\" data-settings=\"{&quot;animation&quot;:&quot;fadeInUp&quot;,&quot;animation_delay&quot;:300}\">\n\t\t\t\t\t\t<div class=\"elementor-container elementor-column-gap-default\">\n\t\t\t\t\t\t\t<div class=\"elementor-row\">\n\t\t\t\t\t<div class=\"elementor-column elementor-col-50 elementor-inner-column elementor-element elementor-element-491eeb96\" data-id=\"491eeb96\" data-element_type=\"column\">\n\t\t\t<div class=\"elementor-column-wrap elementor-element-populated\">\n\t\t\t\t\t\t\t<div class=\"elementor-widget-wrap\">\n\t\t\t\t\t\t<div class=\"elementor-element elementor-element-7012ee08 elementor-widget elementor-widget-text-editor\" data-id=\"7012ee08\" data-element_type=\"widget\" data-widget_type=\"text-editor.default\">\n\t\t\t\t<div class=\"elementor-widget-container\">\n\t\t\t\t\t<div class=\"elementor-text-editor elementor-clearfix\"><p><a style=\"color: white; font-size: 13px;\" href=\"https:\/\/www.aeroermo.com\/home\/\">HOME<\/a><br \/><a style=\"color: white; font-size: 13px;\" href=\"https:\/\/www.aeroermo.com\/home\/quienes-somos\">SOBRE NOSOTROS<\/a><br \/><a style=\"color: white; font-size: 13px;\" href=\"https:\/\/www.aeroermo.com\/home\/nuestras-ediciones\">EDICIONES<\/a><br \/><a style=\"color: white; font-size: 13px;\" href=\"https:\/\/www.aeroermo.com\/home\/eventos\/\">EVENTOS<\/a><br \/><a style=\"color: white; font-size: 13px;\" href=\"https:\/\/www.aeroermo.com\/home\/media-kit\">MEDIA KIT<\/a><br \/><a style=\"color: white; font-size: 13px;\" href=\"https:\/\/www.aeroermo.com\/home\/contacto\">CONTACTO<\/a><\/p><\/div>\n\t\t\t\t<\/div>\n\t\t\t\t<\/div>\n\t\t\t\t\t\t<\/div>\n\t\t\t\t\t<\/div>\n\t\t<\/div>\n\t\t\t\t<div class=\"elementor-column elementor-col-50 elementor-inner-column elementor-element elementor-element-803888a\" data-id=\"803888a\" data-element_type=\"column\">\n\t\t\t<div class=\"elementor-column-wrap elementor-element-populated\">\n\t\t\t\t\t\t\t<div class=\"elementor-widget-wrap\">\n\t\t\t\t\t\t<div class=\"elementor-element elementor-element-732da261 elementor-widget elementor-widget-text-editor\" data-id=\"732da261\" data-element_type=\"widget\" data-widget_type=\"text-editor.default\">\n\t\t\t\t<div class=\"elementor-widget-container\">\n\t\t\t\t\t<div class=\"elementor-text-editor elementor-clearfix\"><p><a style=\"color: white; font-size: 13px;\" href=\"https:\/\/www.aeroermo.com\/home\/blog\">NOTICIAS<\/a><br \/><a style=\"color: white; font-size: 13px;\" href=\"https:\/\/www.aeroermo.com\/home\/media-kit\/\">PUBLICIDAD<\/a><br \/><a style=\"color: white; font-size: 13px;\" href=\"https:\/\/www.aeroermo.com\/home\/suscribase\/\">SUSCRIBASE<\/a><br \/><a style=\"color: white; font-size: 13px;\" href=\"https:\/\/www.aeroermo.com\/home\/wp-admin\">INICIAR SESI\u00d3N<\/a><\/p><\/div>\n\t\t\t\t<\/div>\n\t\t\t\t<\/div>\n\t\t\t\t\t\t<\/div>\n\t\t\t\t\t<\/div>\n\t\t<\/div>\n\t\t\t\t\t\t\t\t<\/div>\n\t\t\t\t\t<\/div>\n\t\t<\/section>\n\t\t\t\t\t\t<\/div>\n\t\t\t\t\t<\/div>\n\t\t<\/div>\n\t\t\t\t<div class=\"elementor-column elementor-col-25 elementor-top-column elementor-element elementor-element-14110bb2\" data-id=\"14110bb2\" data-element_type=\"column\">\n\t\t\t<div class=\"elementor-column-wrap elementor-element-populated\">\n\t\t\t\t\t\t\t<div class=\"elementor-widget-wrap\">\n\t\t\t\t\t\t<div class=\"elementor-element elementor-element-3d116ca3 elementor-widget elementor-widget-spacer\" data-id=\"3d116ca3\" data-element_type=\"widget\" data-widget_type=\"spacer.default\">\n\t\t\t\t<div class=\"elementor-widget-container\">\n\t\t\t\t\t<div class=\"elementor-spacer\">\n\t\t\t<div class=\"elementor-spacer-inner\"><\/div>\n\t\t<\/div>\n\t\t\t\t<\/div>\n\t\t\t\t<\/div>\n\t\t\t\t<section class=\"elementor-section elementor-inner-section elementor-element elementor-element-784bc60d elementor-section-content-top elementor-hidden-tablet elementor-hidden-phone elementor-section-boxed elementor-section-height-default elementor-section-height-default stylepress-section-color-normal elementor-invisible\" data-id=\"784bc60d\" data-element_type=\"section\" data-settings=\"{&quot;animation&quot;:&quot;bounceIn&quot;,&quot;animation_delay&quot;:300}\">\n\t\t\t\t\t\t<div class=\"elementor-container elementor-column-gap-narrow\">\n\t\t\t\t\t\t\t<div class=\"elementor-row\">\n\t\t\t\t\t<div class=\"elementor-column elementor-col-100 elementor-inner-column elementor-element elementor-element-6e2559c2\" data-id=\"6e2559c2\" data-element_type=\"column\">\n\t\t\t<div class=\"elementor-column-wrap elementor-element-populated\">\n\t\t\t\t\t\t\t<div class=\"elementor-widget-wrap\">\n\t\t\t\t\t\t<div class=\"elementor-element elementor-element-792ed689 elementor-hidden-tablet elementor-hidden-phone elementor-invisible elementor-widget elementor-widget-heading\" data-id=\"792ed689\" data-element_type=\"widget\" data-settings=\"{&quot;_animation&quot;:&quot;zoomIn&quot;,&quot;_animation_delay&quot;:200}\" data-widget_type=\"heading.default\">\n\t\t\t\t<div class=\"elementor-widget-container\">\n\t\t\t<h5 class=\"elementor-heading-title elementor-size-default\">VISITA NUESTRAS REDES:<\/h5>\t\t<\/div>\n\t\t\t\t<\/div>\n\t\t\t\t\t\t<\/div>\n\t\t\t\t\t<\/div>\n\t\t<\/div>\n\t\t\t\t\t\t\t\t<\/div>\n\t\t\t\t\t<\/div>\n\t\t<\/section>\n\t\t\t\t<section class=\"elementor-section elementor-inner-section elementor-element elementor-element-4c98c26c elementor-section-content-top elementor-hidden-tablet elementor-hidden-phone elementor-section-boxed elementor-section-height-default elementor-section-height-default stylepress-section-color-normal elementor-invisible\" data-id=\"4c98c26c\" data-element_type=\"section\" data-settings=\"{&quot;animation&quot;:&quot;bounceIn&quot;,&quot;animation_delay&quot;:300}\">\n\t\t\t\t\t\t<div class=\"elementor-container elementor-column-gap-no\">\n\t\t\t\t\t\t\t<div class=\"elementor-row\">\n\t\t\t\t\t<div class=\"elementor-column elementor-col-25 elementor-inner-column elementor-element elementor-element-2626f97e\" data-id=\"2626f97e\" data-element_type=\"column\">\n\t\t\t<div class=\"elementor-column-wrap elementor-element-populated\">\n\t\t\t\t\t\t\t<div class=\"elementor-widget-wrap\">\n\t\t\t\t\t\t<div class=\"elementor-element elementor-element-306d43f7 elementor-widget elementor-widget-image\" data-id=\"306d43f7\" data-element_type=\"widget\" data-widget_type=\"image.default\">\n\t\t\t\t<div class=\"elementor-widget-container\">\n\t\t\t\t\t<div class=\"elementor-image\">\n\t\t\t\t\t\t\t\t\t\t\t<a href=\"https:\/\/twitter.com\/aeroermo\" target=\"_blank\">\n\t\t\t\t\t\t\t<img src=\"https:\/\/www.aeroermo.com\/home\/wp-content\/uploads\/elementor\/thumbs\/tw-pn0vbuyzypymd5b7rnx284wb2frrx5sds9qshw0ygk.png\" title=\"tw\" alt=\"tw\" \/>\t\t\t\t\t\t\t\t<\/a>\n\t\t\t\t\t\t\t\t\t\t\t<\/div>\n\t\t\t\t<\/div>\n\t\t\t\t<\/div>\n\t\t\t\t\t\t<\/div>\n\t\t\t\t\t<\/div>\n\t\t<\/div>\n\t\t\t\t<div class=\"elementor-column elementor-col-25 elementor-inner-column elementor-element elementor-element-5aa2d9ff\" data-id=\"5aa2d9ff\" data-element_type=\"column\">\n\t\t\t<div class=\"elementor-column-wrap elementor-element-populated\">\n\t\t\t\t\t\t\t<div class=\"elementor-widget-wrap\">\n\t\t\t\t\t\t<div class=\"elementor-element elementor-element-69624035 elementor-widget elementor-widget-image\" data-id=\"69624035\" data-element_type=\"widget\" data-widget_type=\"image.default\">\n\t\t\t\t<div class=\"elementor-widget-container\">\n\t\t\t\t\t<div class=\"elementor-image\">\n\t\t\t\t\t\t\t\t\t\t\t<a href=\"https:\/\/www.instagram.com\/aeroermo\/\" target=\"_blank\">\n\t\t\t\t\t\t\t<img src=\"https:\/\/www.aeroermo.com\/home\/wp-content\/uploads\/elementor\/thumbs\/ig-pn0vbu15rvxc1jckx5ifnn4uh1wepgong53b0m2cms.png\" title=\"ig\" alt=\"ig\" \/>\t\t\t\t\t\t\t\t<\/a>\n\t\t\t\t\t\t\t\t\t\t\t<\/div>\n\t\t\t\t<\/div>\n\t\t\t\t<\/div>\n\t\t\t\t\t\t<\/div>\n\t\t\t\t\t<\/div>\n\t\t<\/div>\n\t\t\t\t<div class=\"elementor-column elementor-col-25 elementor-inner-column elementor-element elementor-element-5fa30a56\" data-id=\"5fa30a56\" data-element_type=\"column\">\n\t\t\t<div class=\"elementor-column-wrap elementor-element-populated\">\n\t\t\t\t\t\t\t<div class=\"elementor-widget-wrap\">\n\t\t\t\t\t\t<div class=\"elementor-element elementor-element-6fb44c6e elementor-widget elementor-widget-image\" data-id=\"6fb44c6e\" data-element_type=\"widget\" data-widget_type=\"image.default\">\n\t\t\t\t<div class=\"elementor-widget-container\">\n\t\t\t\t\t<div class=\"elementor-image\">\n\t\t\t\t\t\t\t\t\t\t\t<a href=\"https:\/\/www.facebook.com\/aeroermo\/\" target=\"_blank\">\n\t\t\t\t\t\t\t<img src=\"https:\/\/www.aeroermo.com\/home\/wp-content\/uploads\/elementor\/thumbs\/fb-pn0vbs5he7urebfb84p6inlxaa5oa2h6rvsc2254z8.png\" title=\"fb\" alt=\"fb\" \/>\t\t\t\t\t\t\t\t<\/a>\n\t\t\t\t\t\t\t\t\t\t\t<\/div>\n\t\t\t\t<\/div>\n\t\t\t\t<\/div>\n\t\t\t\t\t\t<\/div>\n\t\t\t\t\t<\/div>\n\t\t<\/div>\n\t\t\t\t<div class=\"elementor-column elementor-col-25 elementor-inner-column elementor-element elementor-element-6307bf33\" data-id=\"6307bf33\" data-element_type=\"column\">\n\t\t\t<div class=\"elementor-column-wrap elementor-element-populated\">\n\t\t\t\t\t\t\t<div class=\"elementor-widget-wrap\">\n\t\t\t\t\t\t<div class=\"elementor-element elementor-element-2b022b03 elementor-widget elementor-widget-image\" data-id=\"2b022b03\" data-element_type=\"widget\" data-widget_type=\"image.default\">\n\t\t\t\t<div class=\"elementor-widget-container\">\n\t\t\t\t\t<div class=\"elementor-image\">\n\t\t\t\t\t\t\t\t\t\t\t<a href=\"https:\/\/www.youtube.com\/user\/Aeroermo\" target=\"_blank\">\n\t\t\t\t\t\t\t<img src=\"https:\/\/www.aeroermo.com\/home\/wp-content\/uploads\/elementor\/thumbs\/yt-pn0vbwuoce170d8hgoqbd4f897iicjzugj1rgfy644.png\" title=\"yt\" alt=\"yt\" \/>\t\t\t\t\t\t\t\t<\/a>\n\t\t\t\t\t\t\t\t\t\t\t<\/div>\n\t\t\t\t<\/div>\n\t\t\t\t<\/div>\n\t\t\t\t\t\t<\/div>\n\t\t\t\t\t<\/div>\n\t\t<\/div>\n\t\t\t\t\t\t\t\t<\/div>\n\t\t\t\t\t<\/div>\n\t\t<\/section>\n\t\t\t\t\t\t<\/div>\n\t\t\t\t\t<\/div>\n\t\t<\/div>\n\t\t\t\t<div class=\"elementor-column elementor-col-25 elementor-top-column elementor-element elementor-element-577a322d\" data-id=\"577a322d\" data-element_type=\"column\">\n\t\t\t<div class=\"elementor-column-wrap\">\n\t\t\t\t\t\t\t<div class=\"elementor-widget-wrap\">\n\t\t\t\t\t\t\t\t<\/div>\n\t\t\t\t\t<\/div>\n\t\t<\/div>\n\t\t\t\t\t\t\t\t<\/div>\n\t\t\t\t\t<\/div>\n\t\t<\/footer>\n\t\t\t\t<section class=\"elementor-section elementor-top-section elementor-element elementor-element-19be969 elementor-section-stretched elementor-section-full_width elementor-section-height-default elementor-section-height-default stylepress-section-color-normal\" data-id=\"19be969\" data-element_type=\"section\" data-settings=\"{&quot;stretch_section&quot;:&quot;section-stretched&quot;,&quot;background_background&quot;:&quot;classic&quot;}\">\n\t\t\t\t\t\t<div class=\"elementor-container elementor-column-gap-default\">\n\t\t\t\t\t\t\t<div class=\"elementor-row\">\n\t\t\t\t\t<div class=\"elementor-column elementor-col-100 elementor-top-column elementor-element elementor-element-2cfa261f\" data-id=\"2cfa261f\" data-element_type=\"column\">\n\t\t\t<div class=\"elementor-column-wrap elementor-element-populated\">\n\t\t\t\t\t\t\t<div class=\"elementor-widget-wrap\">\n\t\t\t\t\t\t<div class=\"elementor-element elementor-element-16f47d41 elementor-invisible elementor-widget elementor-widget-text-editor\" data-id=\"16f47d41\" data-element_type=\"widget\" data-settings=\"{&quot;_animation&quot;:&quot;fadeInRight&quot;,&quot;_animation_delay&quot;:200}\" data-widget_type=\"text-editor.default\">\n\t\t\t\t<div class=\"elementor-widget-container\">\n\t\t\t\t\t<div class=\"elementor-text-editor elementor-clearfix\"><p style=\"font-size: 13px;\">Dise\u00f1ado y digramado por<a style=\"color: #00a0e5;\" href=\"http:\/\/www.clovergraf.com\/\" target=\"_blank\" rel=\"noopener\">\u00a0www.clovergraf.com <\/a> todos los derechos reservados<\/p><\/div>\n\t\t\t\t<\/div>\n\t\t\t\t<\/div>\n\t\t\t\t\t\t<\/div>\n\t\t\t\t\t<\/div>\n\t\t<\/div>\n\t\t\t\t\t\t\t\t<\/div>\n\t\t\t\t\t<\/div>\n\t\t<\/section>\n\t\t\t\t\t\t<\/div>\n\t\t\t\t\t\t<\/div>\n\t\t\t\t\t<\/div>\n\t\t","protected":false},"excerpt":{"rendered":"<p>SUSCRIBASE | INICIAR SESI\u00d3N HOME SOBRE NOSOTROS EDICIONES NOTICIAS Eventos CONTACTO &nbsp; [&hellip;]<\/p>\n","protected":false},"author":1,"featured_media":18808,"comment_status":"open","ping_status":"open","sticky":false,"template":"elementor_canvas","format":"standard","meta":[],"categories":[35],"tags":[],"yoast_head":"<!-- This site is optimized with the Yoast SEO plugin v14.9 - https:\/\/yoast.com\/wordpress\/plugins\/seo\/ -->\n<title>Con una agenda acad\u00e9mica innovadora y grandes conferencistas, empieza F-AIR CONNECTION 2021 - AeroErmo<\/title>\n<meta name=\"description\" content=\"Nos destacamos por ser la \u00fanica publicaci\u00f3n especializada reconocida en Latinoam\u00e9rica que aborda y proyecta temas de aviaci\u00f3n de manera innovadora y diferente. Nos enfocamos en abarcar \u00e1reas importantes como educaci\u00f3n, reparaciones, mantenimiento, operaciones y actualidad tecnol\u00f3gica, as\u00ed como los \u00faltimos avances asociados al desarrollo del sector en Colombia y el mundo\" \/>\n<meta name=\"robots\" content=\"index, follow, max-snippet:-1, max-image-preview:large, max-video-preview:-1\" \/>\n<link rel=\"canonical\" href=\"https:\/\/www.aeroermo.com\/home\/con-una-agenda-academica-innovadora-y-grandes-conferencistas-empieza-f-air-connection-2021\/\" \/>\n<meta property=\"og:locale\" content=\"es_ES\" \/>\n<meta property=\"og:type\" content=\"article\" \/>\n<meta property=\"og:title\" content=\"Con una agenda acad\u00e9mica innovadora y grandes conferencistas, empieza F-AIR CONNECTION 2021 - AeroErmo\" \/>\n<meta property=\"og:description\" content=\"Nos destacamos por ser la \u00fanica publicaci\u00f3n especializada reconocida en Latinoam\u00e9rica que aborda y proyecta temas de aviaci\u00f3n de manera innovadora y diferente. Nos enfocamos en abarcar \u00e1reas importantes como educaci\u00f3n, reparaciones, mantenimiento, operaciones y actualidad tecnol\u00f3gica, as\u00ed como los \u00faltimos avances asociados al desarrollo del sector en Colombia y el mundo\" \/>\n<meta property=\"og:url\" content=\"https:\/\/www.aeroermo.com\/home\/con-una-agenda-academica-innovadora-y-grandes-conferencistas-empieza-f-air-connection-2021\/\" \/>\n<meta property=\"og:site_name\" content=\"AeroErmo\" \/>\n<meta property=\"article:publisher\" content=\"https:\/\/www.facebook.com\/aeroermo\" \/>\n<meta property=\"article:published_time\" content=\"2021-11-02T20:37:18+00:00\" \/>\n<meta property=\"article:modified_time\" content=\"2021-11-02T20:37:52+00:00\" \/>\n<meta property=\"og:image\" content=\"https:\/\/www.aeroermo.com\/home\/wp-content\/uploads\/2021\/10\/Logo-F-Air-Colombia-2021.jpg\" \/>\n\t<meta property=\"og:image:width\" content=\"1600\" \/>\n\t<meta property=\"og:image:height\" content=\"1253\" \/>\n<meta name=\"twitter:card\" content=\"summary_large_image\" \/>\n<meta name=\"twitter:creator\" content=\"@aeroERMO\" \/>\n<meta name=\"twitter:site\" content=\"@aeroERMO\" \/>\n<script type=\"application\/ld+json\" class=\"yoast-schema-graph\">{\"@context\":\"https:\/\/schema.org\",\"@graph\":[{\"@type\":\"Organization\",\"@id\":\"https:\/\/www.aeroermo.com\/home\/#organization\",\"name\":\"AeroErmo\",\"url\":\"https:\/\/www.aeroermo.com\/home\/\",\"sameAs\":[\"https:\/\/www.facebook.com\/aeroermo\",\"https:\/\/www.instagram.com\/aeroermo\/?hl=es-la\",\"https:\/\/co.linkedin.com\/company\/aeroermo-revista-aeronautica\",\"https:\/\/www.youtube.com\/channel\/UC-m0Xq2ozhHChf7jCH5h9wQ\",\"https:\/\/twitter.com\/aeroERMO\"],\"logo\":{\"@type\":\"ImageObject\",\"@id\":\"https:\/\/www.aeroermo.com\/home\/#logo\",\"inLanguage\":\"es\",\"url\":\"https:\/\/www.aeroermo.com\/home\/wp-content\/uploads\/2018\/11\/Favico.png\",\"width\":71,\"height\":66,\"caption\":\"AeroErmo\"},\"image\":{\"@id\":\"https:\/\/www.aeroermo.com\/home\/#logo\"}},{\"@type\":\"WebSite\",\"@id\":\"https:\/\/www.aeroermo.com\/home\/#website\",\"url\":\"https:\/\/www.aeroermo.com\/home\/\",\"name\":\"AeroErmo\",\"description\":\"\",\"publisher\":{\"@id\":\"https:\/\/www.aeroermo.com\/home\/#organization\"},\"potentialAction\":[{\"@type\":\"SearchAction\",\"target\":\"https:\/\/www.aeroermo.com\/home\/?s={search_term_string}\",\"query-input\":\"required name=search_term_string\"}],\"inLanguage\":\"es\"},{\"@type\":\"ImageObject\",\"@id\":\"https:\/\/www.aeroermo.com\/home\/con-una-agenda-academica-innovadora-y-grandes-conferencistas-empieza-f-air-connection-2021\/#primaryimage\",\"inLanguage\":\"es\",\"url\":\"https:\/\/www.aeroermo.com\/home\/wp-content\/uploads\/2021\/10\/Logo-F-Air-Colombia-2021.jpg\",\"width\":1600,\"height\":1253},{\"@type\":\"WebPage\",\"@id\":\"https:\/\/www.aeroermo.com\/home\/con-una-agenda-academica-innovadora-y-grandes-conferencistas-empieza-f-air-connection-2021\/#webpage\",\"url\":\"https:\/\/www.aeroermo.com\/home\/con-una-agenda-academica-innovadora-y-grandes-conferencistas-empieza-f-air-connection-2021\/\",\"name\":\"Con una agenda acad\\u00e9mica innovadora y grandes conferencistas, empieza F-AIR CONNECTION 2021 - AeroErmo\",\"isPartOf\":{\"@id\":\"https:\/\/www.aeroermo.com\/home\/#website\"},\"primaryImageOfPage\":{\"@id\":\"https:\/\/www.aeroermo.com\/home\/con-una-agenda-academica-innovadora-y-grandes-conferencistas-empieza-f-air-connection-2021\/#primaryimage\"},\"datePublished\":\"2021-11-02T20:37:18+00:00\",\"dateModified\":\"2021-11-02T20:37:52+00:00\",\"description\":\"Nos destacamos por ser la \\u00fanica publicaci\\u00f3n especializada reconocida en Latinoam\\u00e9rica que aborda y proyecta temas de aviaci\\u00f3n de manera innovadora y diferente. Nos enfocamos en abarcar \\u00e1reas importantes como educaci\\u00f3n, reparaciones, mantenimiento, operaciones y actualidad tecnol\\u00f3gica, as\\u00ed como los \\u00faltimos avances asociados al desarrollo del sector en Colombia y el mundo\",\"inLanguage\":\"es\",\"potentialAction\":[{\"@type\":\"ReadAction\",\"target\":[\"https:\/\/www.aeroermo.com\/home\/con-una-agenda-academica-innovadora-y-grandes-conferencistas-empieza-f-air-connection-2021\/\"]}]},{\"@type\":\"Article\",\"@id\":\"https:\/\/www.aeroermo.com\/home\/con-una-agenda-academica-innovadora-y-grandes-conferencistas-empieza-f-air-connection-2021\/#article\",\"isPartOf\":{\"@id\":\"https:\/\/www.aeroermo.com\/home\/con-una-agenda-academica-innovadora-y-grandes-conferencistas-empieza-f-air-connection-2021\/#webpage\"},\"author\":{\"@id\":\"https:\/\/www.aeroermo.com\/home\/#\/schema\/person\/b63b9ecb3952997d685b86b5a3fd62a6\"},\"headline\":\"Con una agenda acad\\u00e9mica innovadora y grandes conferencistas, empieza F-AIR CONNECTION 2021\",\"datePublished\":\"2021-11-02T20:37:18+00:00\",\"dateModified\":\"2021-11-02T20:37:52+00:00\",\"mainEntityOfPage\":{\"@id\":\"https:\/\/www.aeroermo.com\/home\/con-una-agenda-academica-innovadora-y-grandes-conferencistas-empieza-f-air-connection-2021\/#webpage\"},\"commentCount\":0,\"publisher\":{\"@id\":\"https:\/\/www.aeroermo.com\/home\/#organization\"},\"image\":{\"@id\":\"https:\/\/www.aeroermo.com\/home\/con-una-agenda-academica-innovadora-y-grandes-conferencistas-empieza-f-air-connection-2021\/#primaryimage\"},\"inLanguage\":\"es\",\"potentialAction\":[{\"@type\":\"CommentAction\",\"name\":\"Comment\",\"target\":[\"https:\/\/www.aeroermo.com\/home\/con-una-agenda-academica-innovadora-y-grandes-conferencistas-empieza-f-air-connection-2021\/#respond\"]}]},{\"@type\":\"Person\",\"@id\":\"https:\/\/www.aeroermo.com\/home\/#\/schema\/person\/b63b9ecb3952997d685b86b5a3fd62a6\",\"name\":\"admin\",\"image\":{\"@type\":\"ImageObject\",\"@id\":\"https:\/\/www.aeroermo.com\/home\/#personlogo\",\"inLanguage\":\"es\",\"url\":\"https:\/\/secure.gravatar.com\/avatar\/e7deed9ec09a294c166b87e9eb5b1525?s=96&d=mm&r=g\",\"caption\":\"admin\"}}]}<\/script>\n<!-- \/ Yoast SEO plugin. -->","_links":{"self":[{"href":"https:\/\/www.aeroermo.com\/home\/wp-json\/wp\/v2\/posts\/19172"}],"collection":[{"href":"https:\/\/www.aeroermo.com\/home\/wp-json\/wp\/v2\/posts"}],"about":[{"href":"https:\/\/www.aeroermo.com\/home\/wp-json\/wp\/v2\/types\/post"}],"author":[{"embeddable":true,"href":"https:\/\/www.aeroermo.com\/home\/wp-json\/wp\/v2\/users\/1"}],"replies":[{"embeddable":true,"href":"https:\/\/www.aeroermo.com\/home\/wp-json\/wp\/v2\/comments?post=19172"}],"version-history":[{"count":4,"href":"https:\/\/www.aeroermo.com\/home\/wp-json\/wp\/v2\/posts\/19172\/revisions"}],"predecessor-version":[{"id":19176,"href":"https:\/\/www.aeroermo.com\/home\/wp-json\/wp\/v2\/posts\/19172\/revisions\/19176"}],"wp:featuredmedia":[{"embeddable":true,"href":"https:\/\/www.aeroermo.com\/home\/wp-json\/wp\/v2\/media\/18808"}],"wp:attachment":[{"href":"https:\/\/www.aeroermo.com\/home\/wp-json\/wp\/v2\/media?parent=19172"}],"wp:term":[{"taxonomy":"category","embeddable":true,"href":"https:\/\/www.aeroermo.com\/home\/wp-json\/wp\/v2\/categories?post=19172"},{"taxonomy":"post_tag","embeddable":true,"href":"https:\/\/www.aeroermo.com\/home\/wp-json\/wp\/v2\/tags?post=19172"}],"curies":[{"name":"wp","href":"https:\/\/api.w.org\/{rel}","templated":true}]}}